{"id":13592,"date":"2022-12-22T09:57:15","date_gmt":"2022-12-22T12:57:15","guid":{"rendered":"https:\/\/noticiasnoface.com.br\/?p=13592"},"modified":"2022-12-22T10:24:08","modified_gmt":"2022-12-22T13:24:08","slug":"governo-do-rn-atrasa-pagamento-do-13-salario","status":"publish","type":"post","link":"https:\/\/noticiasnoface.com.br\/index.php\/2022\/12\/22\/governo-do-rn-atrasa-pagamento-do-13-salario\/","title":{"rendered":"URGENTE- Governo do RN atrasa pagamento do 13 sal\u00e1rio"},"content":{"rendered":"\n<figure class=\"wp-block-image size-large\"><img data-opt-id=1827243842  fetchpriority=\"high\" decoding=\"async\" width=\"837\" height=\"1024\" src=\"https:\/\/mlbfrsat7ahr.i.optimole.com\/w:837\/h:1024\/q:mauto\/ig:avif\/https:\/\/noticiasnoface.com.br\/wp-content\/uploads\/2022\/12\/img_8664.jpg\" alt=\"\" class=\"wp-image-13599\" srcset=\"https:\/\/mlbfrsat7ahr.i.optimole.com\/w:837\/h:1024\/q:mauto\/ig:avif\/https:\/\/noticiasnoface.com.br\/wp-content\/uploads\/2022\/12\/img_8664.jpg 837w, https:\/\/mlbfrsat7ahr.i.optimole.com\/w:245\/h:300\/q:mauto\/ig:avif\/https:\/\/noticiasnoface.com.br\/wp-content\/uploads\/2022\/12\/img_8664.jpg 245w, https:\/\/mlbfrsat7ahr.i.optimole.com\/w:768\/h:940\/q:mauto\/ig:avif\/https:\/\/noticiasnoface.com.br\/wp-content\/uploads\/2022\/12\/img_8664.jpg 768w, https:\/\/mlbfrsat7ahr.i.optimole.com\/w:882\/h:1080\/q:mauto\/ig:avif\/https:\/\/noticiasnoface.com.br\/wp-content\/uploads\/2022\/12\/img_8664.jpg 1242w\" sizes=\"(max-width: 837px) 100vw, 837px\" \/><figcaption class=\"wp-element-caption\">13\u00ba sal\u00e1rio<br \/>Governo do Estado atrasa o pagamento do 13\u00ba sal\u00e1rio. A cobran\u00e7a \u00e9 muito Grande por parte dos servidores, at\u00e9 mesmo pq na campanha a governadora garantiu ter dinheiro pra isso, e agora ?O Governo do Estado, com a desculpa esfarrapada de queda de receita, diz que pagar\u00e1 at\u00e9 s\u00e1bado a quem ganha at\u00e9 R$ 5 mil. Para os demais, a previs\u00e3o \u00e9 pr\u00f3xima semana, s\u00f3 Jesus sabe se \u00e9 verdade!Ao mesmo tempo que o d\u00e9cimo est\u00e1 atrasado, a Assembleia aprovou ontem o aumento do ICMS solicitado pelo Governo do RN. O AMOR VENCEU\u2764\ufe0f<\/figcaption><\/figure>\n","protected":false},"excerpt":{"rendered":"","protected":false},"author":1,"featured_media":0,"comment_status":"open","ping_status":"open","sticky":false,"template":"","format":"standard","meta":{"site-sidebar-layout":"default","site-content-layout":"","ast-site-content-layout":"default","site-content-style":"default","site-sidebar-style":"default","ast-global-header-display":"","ast-banner-title-visibility":"","ast-main-header-display":"","ast-hfb-above-header-display":"","ast-hfb-below-header-display":"","ast-hfb-mobile-header-display":"","site-post-title":"","ast-breadcrumbs-content":"","ast-featured-img":"","footer-sml-layout":"","ast-disable-related-posts":"","theme-transparent-header-meta":"","adv-header-id-meta":"","stick-header-meta":"","header-above-stick-meta":"","header-main-stick-meta":"","header-below-stick-meta":"","astra-migrate-meta-layouts":"default","ast-page-background-enabled":"default","ast-page-background-meta":{"desktop":{"background-color":"var(--ast-global-color-4)","background-image":"","background-repeat":"repeat","background-position":"center center","background-size":"auto","background-attachment":"scroll","background-type":"","background-media":"","overlay-type":"","overlay-color":"","overlay-opacity":"","overlay-gradient":""},"tablet":{"background-color":"","background-image":"","background-repeat":"repeat","background-position":"center center","background-size":"auto","background-attachment":"scroll","background-type":"","background-media":"","overlay-type":"","overlay-color":"","overlay-opacity":"","overlay-gradient":""},"mobile":{"background-color":"","background-image":"","background-repeat":"repeat","background-position":"center center","background-size":"auto","background-attachment":"scroll","background-type":"","background-media":"","overlay-type":"","overlay-color":"","overlay-opacity":"","overlay-gradient":""}},"ast-content-background-meta":{"desktop":{"background-color":"var(--ast-global-color-5)","background-image":"","background-repeat":"repeat","background-position":"center center","background-size":"auto","background-attachment":"scroll","background-type":"","background-media":"","overlay-type":"","overlay-color":"","overlay-opacity":"","overlay-gradient":""},"tablet":{"background-color":"var(--ast-global-color-5)","background-image":"","background-repeat":"repeat","background-position":"center center","background-size":"auto","background-attachment":"scroll","background-type":"","background-media":"","overlay-type":"","overlay-color":"","overlay-opacity":"","overlay-gradient":""},"mobile":{"background-color":"var(--ast-global-color-5)","background-image":"","background-repeat":"repeat","background-position":"center center","background-size":"auto","background-attachment":"scroll","background-type":"","background-media":"","overlay-type":"","overlay-color":"","overlay-opacity":"","overlay-gradient":""}},"footnotes":""},"categories":[517],"tags":[2310,2309,1084,145,50,22,199],"class_list":["post-13592","post","type-post","status-publish","format-standard","hentry","category-aconteceu","tag-13-salario","tag-atrasa","tag-governadora-do-pt","tag-governadora-do-rn","tag-noticias-do-face","tag-noticias-no-face","tag-noticiasnoface"],"_links":{"self":[{"href":"https:\/\/noticiasnoface.com.br\/index.php\/wp-json\/wp\/v2\/posts\/13592","targetHints":{"allow":["GET"]}}],"collection":[{"href":"https:\/\/noticiasnoface.com.br\/index.php\/wp-json\/wp\/v2\/posts"}],"about":[{"href":"https:\/\/noticiasnoface.com.br\/index.php\/wp-json\/wp\/v2\/types\/post"}],"author":[{"embeddable":true,"href":"https:\/\/noticiasnoface.com.br\/index.php\/wp-json\/wp\/v2\/users\/1"}],"replies":[{"embeddable":true,"href":"https:\/\/noticiasnoface.com.br\/index.php\/wp-json\/wp\/v2\/comments?post=13592"}],"version-history":[{"count":10,"href":"https:\/\/noticiasnoface.com.br\/index.php\/wp-json\/wp\/v2\/posts\/13592\/revisions"}],"predecessor-version":[{"id":13606,"href":"https:\/\/noticiasnoface.com.br\/index.php\/wp-json\/wp\/v2\/posts\/13592\/revisions\/13606"}],"wp:attachment":[{"href":"https:\/\/noticiasnoface.com.br\/index.php\/wp-json\/wp\/v2\/media?parent=13592"}],"wp:term":[{"taxonomy":"category","embeddable":true,"href":"https:\/\/noticiasnoface.com.br\/index.php\/wp-json\/wp\/v2\/categories?post=13592"},{"taxonomy":"post_tag","embeddable":true,"href":"https:\/\/noticiasnoface.com.br\/index.php\/wp-json\/wp\/v2\/tags?post=13592"}],"curies":[{"name":"wp","href":"https:\/\/api.w.org\/{rel}","templated":true}]}}