{"id":13617,"date":"2022-12-22T16:12:08","date_gmt":"2022-12-22T19:12:08","guid":{"rendered":"https:\/\/noticiasnoface.com.br\/?p=13617"},"modified":"2022-12-22T16:12:10","modified_gmt":"2022-12-22T19:12:10","slug":"ministerio-da-defesa-passa-ser-orgao-de-interpretacao-da-constituicao-diz-diario-oficial-da-uniao","status":"publish","type":"post","link":"https:\/\/noticiasnoface.com.br\/index.php\/2022\/12\/22\/ministerio-da-defesa-passa-ser-orgao-de-interpretacao-da-constituicao-diz-diario-oficial-da-uniao\/","title":{"rendered":"Minist\u00e9rio da defesa passa ser \u00f3rg\u00e3o DE INTERPRETA\u00c7\u00c3O DA CONSTITUI\u00c7\u00c3O, diz di\u00e1rio oficial da uni\u00e3o!"},"content":{"rendered":"\n<figure class=\"wp-block-image size-large\"><img data-opt-id=540717742  fetchpriority=\"high\" decoding=\"async\" width=\"1024\" height=\"1024\" src=\"https:\/\/mlbfrsat7ahr.i.optimole.com\/w:1024\/h:1024\/q:mauto\/ig:avif\/https:\/\/noticiasnoface.com.br\/wp-content\/uploads\/2022\/12\/BBB7AD1D-CC99-4D4F-8CC4-D327F14845FF.jpeg\" alt=\"\" class=\"wp-image-13618\" srcset=\"https:\/\/mlbfrsat7ahr.i.optimole.com\/w:1024\/h:1024\/q:mauto\/ig:avif\/https:\/\/noticiasnoface.com.br\/wp-content\/uploads\/2022\/12\/BBB7AD1D-CC99-4D4F-8CC4-D327F14845FF.jpeg 1024w, https:\/\/mlbfrsat7ahr.i.optimole.com\/w:300\/h:300\/q:mauto\/ig:avif\/https:\/\/noticiasnoface.com.br\/wp-content\/uploads\/2022\/12\/BBB7AD1D-CC99-4D4F-8CC4-D327F14845FF.jpeg 300w, https:\/\/mlbfrsat7ahr.i.optimole.com\/w:150\/h:150\/q:mauto\/ig:avif\/https:\/\/noticiasnoface.com.br\/wp-content\/uploads\/2022\/12\/BBB7AD1D-CC99-4D4F-8CC4-D327F14845FF.jpeg 150w, https:\/\/mlbfrsat7ahr.i.optimole.com\/w:768\/h:768\/q:mauto\/ig:avif\/https:\/\/noticiasnoface.com.br\/wp-content\/uploads\/2022\/12\/BBB7AD1D-CC99-4D4F-8CC4-D327F14845FF.jpeg 768w, https:\/\/mlbfrsat7ahr.i.optimole.com\/w:1080\/h:1080\/q:mauto\/ig:avif\/https:\/\/noticiasnoface.com.br\/wp-content\/uploads\/2022\/12\/BBB7AD1D-CC99-4D4F-8CC4-D327F14845FF.jpeg 1536w, https:\/\/mlbfrsat7ahr.i.optimole.com\/w:600\/h:600\/q:mauto\/ig:avif\/https:\/\/noticiasnoface.com.br\/wp-content\/uploads\/2022\/12\/BBB7AD1D-CC99-4D4F-8CC4-D327F14845FF.jpeg 600w, https:\/\/mlbfrsat7ahr.i.optimole.com\/w:1080\/h:1080\/q:mauto\/ig:avif\/https:\/\/noticiasnoface.com.br\/wp-content\/uploads\/2022\/12\/BBB7AD1D-CC99-4D4F-8CC4-D327F14845FF.jpeg 1773w\" sizes=\"(max-width: 1000px) 100vw, 1000px\" \/><figcaption class=\"wp-element-caption\">O governo federal publicou\u00a0<a href=\"https:\/\/www.in.gov.br\/en\/web\/dou\/-\/portaria-normativa-agu-n-74-de-16-de-dezembro-de-2022-452048783\" target=\"_blank\" rel=\"noreferrer noopener\">portaria no Di\u00e1rio Oficial<\/a>\u00a0que aprova o regimento interno da Consultoria Jur\u00eddica Junto ao Minist\u00e9rio da Defesa. O \u00f3rg\u00e3o j\u00e1 existia e, agora, passa a ter oficialmente a atribui\u00e7\u00e3o de \u201cfixar a interpreta\u00e7\u00e3o da Constitui\u00e7\u00e3o\u201d.<br>Ele tem objetivo de prestar assessoria e consultoria jur\u00eddica ao\u00a0<a href=\"https:\/\/www.gov.br\/defesa\/pt-br\" target=\"_blank\" rel=\"noreferrer noopener\">Minist\u00e9rio da Defesa<\/a>\u00a0e aos comandantes da Marinha, do Ex\u00e9rcito e da Aeron\u00e1utica.<br>O artigo 1\u00ba do regimento interno estabelece que o \u00f3rg\u00e3o deve \u201cfixar a interpreta\u00e7\u00e3o da Constitui\u00e7\u00e3o, das leis, dos tratados e dos demais atos normativos, a ser uniformemente seguida na \u00e1rea de atua\u00e7\u00e3o do Minist\u00e9rio quando n\u00e3o houver orienta\u00e7\u00e3o normativa do Advogado-Geral da Uni\u00e3o\u201d.<br><br>A consultoria jur\u00eddica \u00e9 composta por integrantes da Advocacia-Geral da Uni\u00e3o e subordinada administrativamente ao ministro da Defesa. Atualmente a pasta \u00e9 comandada pelo general\u00a0<a href=\"https:\/\/www.gov.br\/defesa\/pt-br\/composicao\/gabinete-do-ministro\/paulo-sergio-nogueira-de-oliveira\" target=\"_blank\" rel=\"noreferrer noopener\">Paulo S\u00e9rgio Nogueira<\/a>.<br><br>Esse tipo de assessoria jur\u00eddica j\u00e1 existe, com a mesma finalidade, em outras pastas, como no Minist\u00e9rio da Cidadania e na Educa\u00e7\u00e3o.<br><br>Chama a aten\u00e7\u00e3o, contudo, o timing da aprova\u00e7\u00e3o do regimento interno do \u00f3rg\u00e3o junto ao Minist\u00e9rio da Defesa. O corpo jur\u00eddico passa a exercer oficialmente a fun\u00e7\u00e3o de interpretar a Constitui\u00e7\u00e3o no momento em que Bolsonaro estuda acionar as For\u00e7as Armadas para tentar anular o resultado das elei\u00e7\u00f5es.<br>Aliados do presidente veem a publica\u00e7\u00e3o no Di\u00e1rio Oficial como tentativa de respaldo legal caso invoque o artigo 142.<br>J\u00e1 Associa\u00e7\u00e3o Nacional dos Advogados da Uni\u00e3o (Anauni) afirma que: \u201cnos termos do art. 11, III, da Lei Complementar n\u00ba 73\/93, n\u00e3o houve qualquer inova\u00e7\u00e3o no novo normativo editado. Sendo assim, a interpreta\u00e7\u00e3o da Constitui\u00e7\u00e3o, das leis, dos tratados e dos demais atos normativos \u00e9 tarefa regular de qualquer Consultoria Jur\u00eddica vinculado a quaisquer Minist\u00e9rios, n\u00e3o sendo um dever diferenciado o que foi previsto na norma propagada.\u201d<br>A\u00a0<a href=\"https:\/\/www.in.gov.br\/en\/web\/dou\/-\/portaria-normativa-agu-n-74-de-16-de-dezembro-de-2022-452048783\" target=\"_blank\" rel=\"noreferrer noopener\">portaria normativa<\/a>\u00a0\u00e9 assinada por\u00a0<a href=\"https:\/\/www.metropoles.com\/brasil\/saiba-quem-e-bruno-bianco-o-novo-advogado-geral-da-uniao?amp\" target=\"_blank\" rel=\"noreferrer noopener\">Bruno Bianco<\/a>, chefe da Advogacia-Geral da Uni\u00e3o, \u00f3rg\u00e3o subordinado \u00e0 Presid\u00eancia da Rep\u00fablica.<br>Nos \u00faltimos dias,\u00a0<a href=\"https:\/\/www.metropoles.com\/colunas\/paulo-cappelli\/valdemar-resiste-a-contestar-diploma-de-lula-bolsonaro-cogita-plano-b?amp\" target=\"_blank\" rel=\"noreferrer noopener\">Bolsonaro voltou a cogitar<\/a>\u00a0recorrer \u00e0s For\u00e7as Armadas para uma ruptura institucional. A medida retornou ao radar ap\u00f3s Valdemar da Costa Neto, presidente do PL, negar-se a\u00a0<a href=\"https:\/\/www.metropoles.com\/colunas\/paulo-cappelli\/valdemar-e-bolsonaro-da-gratidao-ao-limite?amp\" target=\"_blank\" rel=\"noreferrer noopener\">contestar judicialmente a diploma\u00e7\u00e3o de Lula<\/a>\u00a0no TSE.<\/figcaption><\/figure>\n\n\n\n<figure class=\"wp-block-image size-large\"><img data-opt-id=189414928  fetchpriority=\"high\" decoding=\"async\" width=\"1024\" height=\"682\" src=\"https:\/\/mlbfrsat7ahr.i.optimole.com\/w:1024\/h:682\/q:mauto\/ig:avif\/https:\/\/noticiasnoface.com.br\/wp-content\/uploads\/2022\/12\/B3431B57-B44D-43C7-8B42-CAE580FC88C8.webp\" alt=\"\" class=\"wp-image-13619\" srcset=\"https:\/\/mlbfrsat7ahr.i.optimole.com\/w:1024\/h:682\/q:mauto\/ig:avif\/https:\/\/noticiasnoface.com.br\/wp-content\/uploads\/2022\/12\/B3431B57-B44D-43C7-8B42-CAE580FC88C8.webp 1024w, https:\/\/mlbfrsat7ahr.i.optimole.com\/w:300\/h:200\/q:mauto\/ig:avif\/https:\/\/noticiasnoface.com.br\/wp-content\/uploads\/2022\/12\/B3431B57-B44D-43C7-8B42-CAE580FC88C8.webp 300w, https:\/\/mlbfrsat7ahr.i.optimole.com\/w:768\/h:511\/q:mauto\/ig:avif\/https:\/\/noticiasnoface.com.br\/wp-content\/uploads\/2022\/12\/B3431B57-B44D-43C7-8B42-CAE580FC88C8.webp 768w, https:\/\/mlbfrsat7ahr.i.optimole.com\/w:1200\/h:799\/q:mauto\/ig:avif\/https:\/\/noticiasnoface.com.br\/wp-content\/uploads\/2022\/12\/B3431B57-B44D-43C7-8B42-CAE580FC88C8.webp 1200w\" sizes=\"(max-width: 1000px) 100vw, 1000px\" \/><figcaption class=\"wp-element-caption\">Minist\u00e9rio da defesa passa a ser oficialmente ob-rogai de INTERLRETAR A CONSTITUI\u00c7\u00c3O <\/figcaption><\/figure>\n","protected":false},"excerpt":{"rendered":"","protected":false},"author":1,"featured_media":0,"comment_status":"open","ping_status":"open","sticky":false,"template":"","format":"standard","meta":{"site-sidebar-layout":"default","site-content-layout":"","ast-site-content-layout":"default","site-content-style":"default","site-sidebar-style":"default","ast-global-header-display":"","ast-banner-title-visibility":"","ast-main-header-display":"","ast-hfb-above-header-display":"","ast-hfb-below-header-display":"","ast-hfb-mobile-header-display":"","site-post-title":"","ast-breadcrumbs-content":"","ast-featured-img":"","footer-sml-layout":"","ast-disable-related-posts":"","theme-transparent-header-meta":"","adv-header-id-meta":"","stick-header-meta":"","header-above-stick-meta":"","header-main-stick-meta":"","header-below-stick-meta":"","astra-migrate-meta-layouts":"default","ast-page-background-enabled":"default","ast-page-background-meta":{"desktop":{"background-color":"var(--ast-global-color-4)","background-image":"","background-repeat":"repeat","background-position":"center center","background-size":"auto","background-attachment":"scroll","background-type":"","background-media":"","overlay-type":"","overlay-color":"","overlay-opacity":"","overlay-gradient":""},"tablet":{"background-color":"","background-image":"","background-repeat":"repeat","background-position":"center center","background-size":"auto","background-attachment":"scroll","background-type":"","background-media":"","overlay-type":"","overlay-color":"","overlay-opacity":"","overlay-gradient":""},"mobile":{"background-color":"","background-image":"","background-repeat":"repeat","background-position":"center center","background-size":"auto","background-attachment":"scroll","background-type":"","background-media":"","overlay-type":"","overlay-color":"","overlay-opacity":"","overlay-gradient":""}},"ast-content-background-meta":{"desktop":{"background-color":"var(--ast-global-color-5)","background-image":"","background-repeat":"repeat","background-position":"center center","background-size":"auto","background-attachment":"scroll","background-type":"","background-media":"","overlay-type":"","overlay-color":"","overlay-opacity":"","overlay-gradient":""},"tablet":{"background-color":"var(--ast-global-color-5)","background-image":"","background-repeat":"repeat","background-position":"center center","background-size":"auto","background-attachment":"scroll","background-type":"","background-media":"","overlay-type":"","overlay-color":"","overlay-opacity":"","overlay-gradient":""},"mobile":{"background-color":"var(--ast-global-color-5)","background-image":"","background-repeat":"repeat","background-position":"center center","background-size":"auto","background-attachment":"scroll","background-type":"","background-media":"","overlay-type":"","overlay-color":"","overlay-opacity":"","overlay-gradient":""}},"footnotes":""},"categories":[517],"tags":[2312,2311],"class_list":["post-13617","post","type-post","status-publish","format-standard","hentry","category-aconteceu","tag-diario-oficial","tag-ministerio-da-defesa"],"_links":{"self":[{"href":"https:\/\/noticiasnoface.com.br\/index.php\/wp-json\/wp\/v2\/posts\/13617","targetHints":{"allow":["GET"]}}],"collection":[{"href":"https:\/\/noticiasnoface.com.br\/index.php\/wp-json\/wp\/v2\/posts"}],"about":[{"href":"https:\/\/noticiasnoface.com.br\/index.php\/wp-json\/wp\/v2\/types\/post"}],"author":[{"embeddable":true,"href":"https:\/\/noticiasnoface.com.br\/index.php\/wp-json\/wp\/v2\/users\/1"}],"replies":[{"embeddable":true,"href":"https:\/\/noticiasnoface.com.br\/index.php\/wp-json\/wp\/v2\/comments?post=13617"}],"version-history":[{"count":1,"href":"https:\/\/noticiasnoface.com.br\/index.php\/wp-json\/wp\/v2\/posts\/13617\/revisions"}],"predecessor-version":[{"id":13620,"href":"https:\/\/noticiasnoface.com.br\/index.php\/wp-json\/wp\/v2\/posts\/13617\/revisions\/13620"}],"wp:attachment":[{"href":"https:\/\/noticiasnoface.com.br\/index.php\/wp-json\/wp\/v2\/media?parent=13617"}],"wp:term":[{"taxonomy":"category","embeddable":true,"href":"https:\/\/noticiasnoface.com.br\/index.php\/wp-json\/wp\/v2\/categories?post=13617"},{"taxonomy":"post_tag","embeddable":true,"href":"https:\/\/noticiasnoface.com.br\/index.php\/wp-json\/wp\/v2\/tags?post=13617"}],"curies":[{"name":"wp","href":"https:\/\/api.w.org\/{rel}","templated":true}]}}