{"id":13789,"date":"2023-01-02T07:29:47","date_gmt":"2023-01-02T10:29:47","guid":{"rendered":"https:\/\/noticiasnoface.com.br\/?p=13789"},"modified":"2023-01-02T07:29:49","modified_gmt":"2023-01-02T10:29:49","slug":"susto-ducarai-vejam","status":"publish","type":"post","link":"https:\/\/noticiasnoface.com.br\/index.php\/2023\/01\/02\/susto-ducarai-vejam\/","title":{"rendered":"Susto ducar\u00e1i, vejam:"},"content":{"rendered":"\n<figure class=\"wp-block-image size-large\"><img data-opt-id=1637544510  fetchpriority=\"high\" decoding=\"async\" width=\"1024\" height=\"885\" src=\"https:\/\/mlbfrsat7ahr.i.optimole.com\/w:1024\/h:885\/q:mauto\/ig:avif\/https:\/\/noticiasnoface.com.br\/wp-content\/uploads\/2023\/01\/6D273CD1-7AFD-45AD-85CC-9E23817C2503.jpeg\" alt=\"\" class=\"wp-image-13790\" srcset=\"https:\/\/mlbfrsat7ahr.i.optimole.com\/w:1024\/h:885\/q:mauto\/ig:avif\/https:\/\/noticiasnoface.com.br\/wp-content\/uploads\/2023\/01\/6D273CD1-7AFD-45AD-85CC-9E23817C2503.jpeg 1024w, https:\/\/mlbfrsat7ahr.i.optimole.com\/w:300\/h:259\/q:mauto\/ig:avif\/https:\/\/noticiasnoface.com.br\/wp-content\/uploads\/2023\/01\/6D273CD1-7AFD-45AD-85CC-9E23817C2503.jpeg 300w, https:\/\/mlbfrsat7ahr.i.optimole.com\/w:768\/h:663\/q:mauto\/ig:avif\/https:\/\/noticiasnoface.com.br\/wp-content\/uploads\/2023\/01\/6D273CD1-7AFD-45AD-85CC-9E23817C2503.jpeg 768w, https:\/\/mlbfrsat7ahr.i.optimole.com\/w:1242\/h:1073\/q:mauto\/ig:avif\/https:\/\/noticiasnoface.com.br\/wp-content\/uploads\/2023\/01\/6D273CD1-7AFD-45AD-85CC-9E23817C2503.jpeg 1242w\" sizes=\"(max-width: 1000px) 100vw, 1000px\" \/><figcaption class=\"wp-element-caption\">Um v\u00eddeo est\u00e1 circulando pela internet, onde diversos banhistas saem correndo do mar de Arraial do Cabo, pensando que seria um ataque de tubar\u00e3o.<br>No v\u00eddeo \u00e9 poss\u00edvel ver ainda que alguns banhistas estavam pr\u00f3ximos do animal que estava se debatendo na orla da praia.<br>Segundo informado pelo G1, n\u00e3o se trata de um ataque de tubar\u00e3o, mas sim um incidente com tr\u00eas baleias, onde elas ficaram encalhadas.<br>Uma equipe da Funda\u00e7\u00e3o do Meio Ambiente foi at\u00e9 o local para verificar a situa\u00e7\u00e3o dos animais, por\u00e9m ao chegar foi constatado que os animais j\u00e1 n\u00e3o estavam mais no local, possivelmente conseguiram retornar para o mar.<br>Com informa\u00e7\u00f5es de G1.<\/figcaption><\/figure>\n\n\n\n<figure class=\"wp-block-video\"><video height=\"1272\" style=\"aspect-ratio: 720 \/ 1272;\" width=\"720\" preload=\"auto\" src=\"https:\/\/noticiasnoface.com.br\/wp-content\/uploads\/2023\/01\/IMG_9133.mov\"><\/video><\/figure>\n","protected":false},"excerpt":{"rendered":"","protected":false},"author":1,"featured_media":0,"comment_status":"open","ping_status":"open","sticky":false,"template":"","format":"standard","meta":{"site-sidebar-layout":"default","site-content-layout":"","ast-site-content-layout":"default","site-content-style":"default","site-sidebar-style":"default","ast-global-header-display":"","ast-banner-title-visibility":"","ast-main-header-display":"","ast-hfb-above-header-display":"","ast-hfb-below-header-display":"","ast-hfb-mobile-header-display":"","site-post-title":"","ast-breadcrumbs-content":"","ast-featured-img":"","footer-sml-layout":"","ast-disable-related-posts":"","theme-transparent-header-meta":"","adv-header-id-meta":"","stick-header-meta":"","header-above-stick-meta":"","header-main-stick-meta":"","header-below-stick-meta":"","astra-migrate-meta-layouts":"default","ast-page-background-enabled":"default","ast-page-background-meta":{"desktop":{"background-color":"var(--ast-global-color-4)","background-image":"","background-repeat":"repeat","background-position":"center center","background-size":"auto","background-attachment":"scroll","background-type":"","background-media":"","overlay-type":"","overlay-color":"","overlay-opacity":"","overlay-gradient":""},"tablet":{"background-color":"","background-image":"","background-repeat":"repeat","background-position":"center center","background-size":"auto","background-attachment":"scroll","background-type":"","background-media":"","overlay-type":"","overlay-color":"","overlay-opacity":"","overlay-gradient":""},"mobile":{"background-color":"","background-image":"","background-repeat":"repeat","background-position":"center center","background-size":"auto","background-attachment":"scroll","background-type":"","background-media":"","overlay-type":"","overlay-color":"","overlay-opacity":"","overlay-gradient":""}},"ast-content-background-meta":{"desktop":{"background-color":"var(--ast-global-color-5)","background-image":"","background-repeat":"repeat","background-position":"center center","background-size":"auto","background-attachment":"scroll","background-type":"","background-media":"","overlay-type":"","overlay-color":"","overlay-opacity":"","overlay-gradient":""},"tablet":{"background-color":"var(--ast-global-color-5)","background-image":"","background-repeat":"repeat","background-position":"center center","background-size":"auto","background-attachment":"scroll","background-type":"","background-media":"","overlay-type":"","overlay-color":"","overlay-opacity":"","overlay-gradient":""},"mobile":{"background-color":"var(--ast-global-color-5)","background-image":"","background-repeat":"repeat","background-position":"center center","background-size":"auto","background-attachment":"scroll","background-type":"","background-media":"","overlay-type":"","overlay-color":"","overlay-opacity":"","overlay-gradient":""}},"footnotes":""},"categories":[517],"tags":[50,22,199,1538,1974],"class_list":["post-13789","post","type-post","status-publish","format-standard","hentry","category-aconteceu","tag-noticias-do-face","tag-noticias-no-face","tag-noticiasnoface","tag-praia","tag-tubarao"],"_links":{"self":[{"href":"https:\/\/noticiasnoface.com.br\/index.php\/wp-json\/wp\/v2\/posts\/13789","targetHints":{"allow":["GET"]}}],"collection":[{"href":"https:\/\/noticiasnoface.com.br\/index.php\/wp-json\/wp\/v2\/posts"}],"about":[{"href":"https:\/\/noticiasnoface.com.br\/index.php\/wp-json\/wp\/v2\/types\/post"}],"author":[{"embeddable":true,"href":"https:\/\/noticiasnoface.com.br\/index.php\/wp-json\/wp\/v2\/users\/1"}],"replies":[{"embeddable":true,"href":"https:\/\/noticiasnoface.com.br\/index.php\/wp-json\/wp\/v2\/comments?post=13789"}],"version-history":[{"count":1,"href":"https:\/\/noticiasnoface.com.br\/index.php\/wp-json\/wp\/v2\/posts\/13789\/revisions"}],"predecessor-version":[{"id":13792,"href":"https:\/\/noticiasnoface.com.br\/index.php\/wp-json\/wp\/v2\/posts\/13789\/revisions\/13792"}],"wp:attachment":[{"href":"https:\/\/noticiasnoface.com.br\/index.php\/wp-json\/wp\/v2\/media?parent=13789"}],"wp:term":[{"taxonomy":"category","embeddable":true,"href":"https:\/\/noticiasnoface.com.br\/index.php\/wp-json\/wp\/v2\/categories?post=13789"},{"taxonomy":"post_tag","embeddable":true,"href":"https:\/\/noticiasnoface.com.br\/index.php\/wp-json\/wp\/v2\/tags?post=13789"}],"curies":[{"name":"wp","href":"https:\/\/api.w.org\/{rel}","templated":true}]}}