{"id":13807,"date":"2023-01-02T22:57:26","date_gmt":"2023-01-03T01:57:26","guid":{"rendered":"https:\/\/noticiasnoface.com.br\/?p=13807"},"modified":"2023-01-02T22:57:32","modified_gmt":"2023-01-03T01:57:32","slug":"inspirado-em-lula-festa-da-posse-e-marcado-por-roubo-de-celulares","status":"publish","type":"post","link":"https:\/\/noticiasnoface.com.br\/index.php\/2023\/01\/02\/inspirado-em-lula-festa-da-posse-e-marcado-por-roubo-de-celulares\/","title":{"rendered":"Inspirado em Lula, festa da posse \u00e9 marcado por roubo de celulares"},"content":{"rendered":"\n<figure class=\"wp-block-image size-large\"><img data-opt-id=155816546  fetchpriority=\"high\" decoding=\"async\" width=\"1024\" height=\"768\" src=\"https:\/\/mlbfrsat7ahr.i.optimole.com\/w:1024\/h:768\/q:mauto\/ig:avif\/https:\/\/noticiasnoface.com.br\/wp-content\/uploads\/2023\/01\/518BC925-59F5-47FB-A8D9-F4BD70E605A3.webp\" alt=\"\" class=\"wp-image-13808\" srcset=\"https:\/\/mlbfrsat7ahr.i.optimole.com\/w:1024\/h:768\/q:mauto\/ig:avif\/https:\/\/noticiasnoface.com.br\/wp-content\/uploads\/2023\/01\/518BC925-59F5-47FB-A8D9-F4BD70E605A3.webp 1024w, https:\/\/mlbfrsat7ahr.i.optimole.com\/w:300\/h:225\/q:mauto\/ig:avif\/https:\/\/noticiasnoface.com.br\/wp-content\/uploads\/2023\/01\/518BC925-59F5-47FB-A8D9-F4BD70E605A3.webp 300w, https:\/\/mlbfrsat7ahr.i.optimole.com\/w:768\/h:576\/q:mauto\/ig:avif\/https:\/\/noticiasnoface.com.br\/wp-content\/uploads\/2023\/01\/518BC925-59F5-47FB-A8D9-F4BD70E605A3.webp 768w, https:\/\/mlbfrsat7ahr.i.optimole.com\/w:1156\/h:867\/q:mauto\/ig:avif\/https:\/\/noticiasnoface.com.br\/wp-content\/uploads\/2023\/01\/518BC925-59F5-47FB-A8D9-F4BD70E605A3.webp 1156w\" sizes=\"(max-width: 1000px) 100vw, 1000px\" \/><figcaption class=\"wp-element-caption\">Festa da posse tem roubo de celulares e revista falha<br>Rep\u00f3rter teve celular furtado enquanto trabalhava, no meio da aglomera\u00e7\u00e3o. Bloqueios de seguran\u00e7a at\u00e9 a \u00e1rea dos shows foram prec\u00e1rios<br><img data-opt-id=1547683855  fetchpriority=\"high\" decoding=\"async\" srcset=\"https:\/\/uploads.metropoles.com\/wp-content\/uploads\/2023\/01\/01191603\/PHOTO-2023-01-01-18-41-05-1024x768.jpg 1024w, https:\/\/uploads.metropoles.com\/wp-content\/uploads\/2023\/01\/01191603\/PHOTO-2023-01-01-18-41-05-300x225.jpg 300w, https:\/\/uploads.metropoles.com\/wp-content\/uploads\/2023\/01\/01191603\/PHOTO-2023-01-01-18-41-05-150x113.jpg 150w, https:\/\/uploads.metropoles.com\/wp-content\/uploads\/2023\/01\/01191603\/PHOTO-2023-01-01-18-41-05.jpg 1156w\" src=\"https:\/\/uploads.metropoles.com\/wp-content\/uploads\/2023\/01\/01191603\/PHOTO-2023-01-01-18-41-05-1024x768.jpg\" alt=\"Aglomera\u00e7\u00e3o de militantes no acesso \u00e0 \u00e1rea dos eventos da posse de Lula\"><br>Aglomera\u00e7\u00e3o de militantes no acesso \u00e0 \u00e1rea dos eventos da posse de Lula\u00a0<br>O super esquema de seguran\u00e7a montado para a posse de Luiz In\u00e1cio Lula da Silva deixou a desejar na revista da multid\u00e3o que compareceu \u00e0 Esplanada dos Minist\u00e9rios.<br>Entre a Rodovi\u00e1ria do Planalto, bem na regi\u00e3o central de Bras\u00edlia, e a \u00e1rea do palco onde artistas se apresentam ao longo do dia, no in\u00edcio da tarde praticamente n\u00e3o bloqueios rigorosos.<br><br>Era poss\u00edvel fazer o trajeto sem passar por detectores de metal. No caminho, havia apenas um cord\u00e3o de seguran\u00e7as privados que n\u00e3o realizavam qualquer tipo de revistas. Pessoas portando mochilas poderiam passar tranquilamente.\u00a0<br><br>O rigor na seguran\u00e7a era maior s\u00f3 mais adiante, na \u00e1rea mais pr\u00f3xima ao Pal\u00e1cio do Planalto, para a qual foi estipulado um limite de acesso de p\u00fablico \u2013 40 mil pessoas puderam entrar \u2013 que foi atingido cedo.<br><br>Na aglomera\u00e7\u00e3o da \u00e1rea de shows, houve roubo de celulares \u2013 um rep\u00f3rter da coluna, inclusive, teve o seu aparelho furtado enquanto trabalhava. A reportagem registrou ainda um segundo caso, no in\u00edcio da tarde. Tamb\u00e9m por ali, foram muitos os casos de militantes que precisaram ser atendidos pelo Corpo de Bombeiros com algum tipo de mal-estar. At\u00e9 as 16 horas, a corpora\u00e7\u00e3o registrou 94 atendimentos.<\/figcaption><\/figure>\n","protected":false},"excerpt":{"rendered":"","protected":false},"author":1,"featured_media":0,"comment_status":"open","ping_status":"open","sticky":false,"template":"","format":"standard","meta":{"site-sidebar-layout":"default","site-content-layout":"","ast-site-content-layout":"default","site-content-style":"default","site-sidebar-style":"default","ast-global-header-display":"","ast-banner-title-visibility":"","ast-main-header-display":"","ast-hfb-above-header-display":"","ast-hfb-below-header-display":"","ast-hfb-mobile-header-display":"","site-post-title":"","ast-breadcrumbs-content":"","ast-featured-img":"","footer-sml-layout":"","ast-disable-related-posts":"","theme-transparent-header-meta":"","adv-header-id-meta":"","stick-header-meta":"","header-above-stick-meta":"","header-main-stick-meta":"","header-below-stick-meta":"","astra-migrate-meta-layouts":"default","ast-page-background-enabled":"default","ast-page-background-meta":{"desktop":{"background-color":"var(--ast-global-color-4)","background-image":"","background-repeat":"repeat","background-position":"center center","background-size":"auto","background-attachment":"scroll","background-type":"","background-media":"","overlay-type":"","overlay-color":"","overlay-opacity":"","overlay-gradient":""},"tablet":{"background-color":"","background-image":"","background-repeat":"repeat","background-position":"center center","background-size":"auto","background-attachment":"scroll","background-type":"","background-media":"","overlay-type":"","overlay-color":"","overlay-opacity":"","overlay-gradient":""},"mobile":{"background-color":"","background-image":"","background-repeat":"repeat","background-position":"center center","background-size":"auto","background-attachment":"scroll","background-type":"","background-media":"","overlay-type":"","overlay-color":"","overlay-opacity":"","overlay-gradient":""}},"ast-content-background-meta":{"desktop":{"background-color":"var(--ast-global-color-5)","background-image":"","background-repeat":"repeat","background-position":"center center","background-size":"auto","background-attachment":"scroll","background-type":"","background-media":"","overlay-type":"","overlay-color":"","overlay-opacity":"","overlay-gradient":""},"tablet":{"background-color":"var(--ast-global-color-5)","background-image":"","background-repeat":"repeat","background-position":"center center","background-size":"auto","background-attachment":"scroll","background-type":"","background-media":"","overlay-type":"","overlay-color":"","overlay-opacity":"","overlay-gradient":""},"mobile":{"background-color":"var(--ast-global-color-5)","background-image":"","background-repeat":"repeat","background-position":"center center","background-size":"auto","background-attachment":"scroll","background-type":"","background-media":"","overlay-type":"","overlay-color":"","overlay-opacity":"","overlay-gradient":""}},"footnotes":""},"categories":[517],"tags":[215,50,22,2350,2359],"class_list":["post-13807","post","type-post","status-publish","format-standard","hentry","category-aconteceu","tag-lula","tag-noticias-do-face","tag-noticias-no-face","tag-posse","tag-roubo-celular"],"_links":{"self":[{"href":"https:\/\/noticiasnoface.com.br\/index.php\/wp-json\/wp\/v2\/posts\/13807","targetHints":{"allow":["GET"]}}],"collection":[{"href":"https:\/\/noticiasnoface.com.br\/index.php\/wp-json\/wp\/v2\/posts"}],"about":[{"href":"https:\/\/noticiasnoface.com.br\/index.php\/wp-json\/wp\/v2\/types\/post"}],"author":[{"embeddable":true,"href":"https:\/\/noticiasnoface.com.br\/index.php\/wp-json\/wp\/v2\/users\/1"}],"replies":[{"embeddable":true,"href":"https:\/\/noticiasnoface.com.br\/index.php\/wp-json\/wp\/v2\/comments?post=13807"}],"version-history":[{"count":1,"href":"https:\/\/noticiasnoface.com.br\/index.php\/wp-json\/wp\/v2\/posts\/13807\/revisions"}],"predecessor-version":[{"id":13809,"href":"https:\/\/noticiasnoface.com.br\/index.php\/wp-json\/wp\/v2\/posts\/13807\/revisions\/13809"}],"wp:attachment":[{"href":"https:\/\/noticiasnoface.com.br\/index.php\/wp-json\/wp\/v2\/media?parent=13807"}],"wp:term":[{"taxonomy":"category","embeddable":true,"href":"https:\/\/noticiasnoface.com.br\/index.php\/wp-json\/wp\/v2\/categories?post=13807"},{"taxonomy":"post_tag","embeddable":true,"href":"https:\/\/noticiasnoface.com.br\/index.php\/wp-json\/wp\/v2\/tags?post=13807"}],"curies":[{"name":"wp","href":"https:\/\/api.w.org\/{rel}","templated":true}]}}