{"id":13826,"date":"2023-01-04T08:30:05","date_gmt":"2023-01-04T11:30:05","guid":{"rendered":"https:\/\/noticiasnoface.com.br\/?p=13826"},"modified":"2023-01-04T08:30:07","modified_gmt":"2023-01-04T11:30:07","slug":"vazou-torre-de-controle-diz-vai-ladrao-no-primeiro-voo-de-lula","status":"publish","type":"post","link":"https:\/\/noticiasnoface.com.br\/index.php\/2023\/01\/04\/vazou-torre-de-controle-diz-vai-ladrao-no-primeiro-voo-de-lula\/","title":{"rendered":"(VAZOU) Torre de controle diz &#8220;vai ladr\u00e3o&#8221; no primeiro voo de Lula"},"content":{"rendered":"\n<figure class=\"wp-block-image size-large\"><img data-opt-id=640647878  fetchpriority=\"high\" decoding=\"async\" width=\"1024\" height=\"526\" src=\"https:\/\/mlbfrsat7ahr.i.optimole.com\/w:1024\/h:526\/q:mauto\/ig:avif\/https:\/\/noticiasnoface.com.br\/wp-content\/uploads\/2023\/01\/8A88E40C-3F47-4146-9BE1-A14278BC433A.jpeg\" alt=\"\" class=\"wp-image-13827\" srcset=\"https:\/\/mlbfrsat7ahr.i.optimole.com\/w:1024\/h:526\/q:mauto\/ig:avif\/https:\/\/noticiasnoface.com.br\/wp-content\/uploads\/2023\/01\/8A88E40C-3F47-4146-9BE1-A14278BC433A.jpeg 1024w, https:\/\/mlbfrsat7ahr.i.optimole.com\/w:300\/h:154\/q:mauto\/ig:avif\/https:\/\/noticiasnoface.com.br\/wp-content\/uploads\/2023\/01\/8A88E40C-3F47-4146-9BE1-A14278BC433A.jpeg 300w, https:\/\/mlbfrsat7ahr.i.optimole.com\/w:768\/h:395\/q:mauto\/ig:avif\/https:\/\/noticiasnoface.com.br\/wp-content\/uploads\/2023\/01\/8A88E40C-3F47-4146-9BE1-A14278BC433A.jpeg 768w, https:\/\/mlbfrsat7ahr.i.optimole.com\/w:1242\/h:638\/q:mauto\/ig:avif\/https:\/\/noticiasnoface.com.br\/wp-content\/uploads\/2023\/01\/8A88E40C-3F47-4146-9BE1-A14278BC433A.jpeg 1242w\" sizes=\"(max-width: 1000px) 100vw, 1000px\" \/><figcaption class=\"wp-element-caption\"> \ud83c\udde7\ud83c\uddf7 Desmoralizado &#8211; Na manh\u00e3 desta ter\u00e7a-feira, 3 de janeiro, Lula viajou de Bras\u00edlia a S\u00e3o Paulo para ir ao vel\u00f3rio do Rei Pel\u00e9 na Vila Belmiro, em Santos. O voo foi o primeiro a bordo de uma aeronave da For\u00e7a A\u00e9rea Brasileira (FAB) ap\u00f3s a posse.<br>Por\u00e9m, ao retornar ao Aeroporto de Congonhas, em S\u00e3o Paulo, para ir novamente \u00e0 Bras\u00edlia, um detalhe chamou bastante a aten\u00e7\u00e3o.<br>No momento em que o avi\u00e3o Embraer E190 decolava do aeroporto, uma voz da Torre de Controle do aeroporto diz: &#8220;Vai ladr\u00e3o&#8221;.<br>N\u00e3o \u00e9 poss\u00edvel determinar se foi a controladora de voo ou algu\u00e9m que entrou na frequ\u00eancia de r\u00e1dio da Torre de Controle para chamar o ladr\u00e3o de ladr\u00e3o.<\/figcaption><\/figure>\n\n\n\n<figure class=\"wp-block-video\"><video height=\"608\" style=\"aspect-ratio: 1080 \/ 608;\" width=\"1080\" controls src=\"https:\/\/noticiasnoface.com.br\/wp-content\/uploads\/2023\/01\/IMG_9286.mov\"><\/video><figcaption class=\"wp-element-caption\">&#8220;Vai ladr\u00e3o&#8221; diz torre de controle <\/figcaption><\/figure>\n","protected":false},"excerpt":{"rendered":"","protected":false},"author":1,"featured_media":0,"comment_status":"open","ping_status":"open","sticky":false,"template":"","format":"standard","meta":{"site-sidebar-layout":"default","site-content-layout":"","ast-site-content-layout":"default","site-content-style":"default","site-sidebar-style":"default","ast-global-header-display":"","ast-banner-title-visibility":"","ast-main-header-display":"","ast-hfb-above-header-display":"","ast-hfb-below-header-display":"","ast-hfb-mobile-header-display":"","site-post-title":"","ast-breadcrumbs-content":"","ast-featured-img":"","footer-sml-layout":"","ast-disable-related-posts":"","theme-transparent-header-meta":"","adv-header-id-meta":"","stick-header-meta":"","header-above-stick-meta":"","header-main-stick-meta":"","header-below-stick-meta":"","astra-migrate-meta-layouts":"default","ast-page-background-enabled":"default","ast-page-background-meta":{"desktop":{"background-color":"var(--ast-global-color-4)","background-image":"","background-repeat":"repeat","background-position":"center center","background-size":"auto","background-attachment":"scroll","background-type":"","background-media":"","overlay-type":"","overlay-color":"","overlay-opacity":"","overlay-gradient":""},"tablet":{"background-color":"","background-image":"","background-repeat":"repeat","background-position":"center center","background-size":"auto","background-attachment":"scroll","background-type":"","background-media":"","overlay-type":"","overlay-color":"","overlay-opacity":"","overlay-gradient":""},"mobile":{"background-color":"","background-image":"","background-repeat":"repeat","background-position":"center center","background-size":"auto","background-attachment":"scroll","background-type":"","background-media":"","overlay-type":"","overlay-color":"","overlay-opacity":"","overlay-gradient":""}},"ast-content-background-meta":{"desktop":{"background-color":"var(--ast-global-color-5)","background-image":"","background-repeat":"repeat","background-position":"center center","background-size":"auto","background-attachment":"scroll","background-type":"","background-media":"","overlay-type":"","overlay-color":"","overlay-opacity":"","overlay-gradient":""},"tablet":{"background-color":"var(--ast-global-color-5)","background-image":"","background-repeat":"repeat","background-position":"center center","background-size":"auto","background-attachment":"scroll","background-type":"","background-media":"","overlay-type":"","overlay-color":"","overlay-opacity":"","overlay-gradient":""},"mobile":{"background-color":"var(--ast-global-color-5)","background-image":"","background-repeat":"repeat","background-position":"center center","background-size":"auto","background-attachment":"scroll","background-type":"","background-media":"","overlay-type":"","overlay-color":"","overlay-opacity":"","overlay-gradient":""}},"footnotes":""},"categories":[517],"tags":[215,711,50,22,199,2058],"class_list":["post-13826","post","type-post","status-publish","format-standard","hentry","category-aconteceu","tag-lula","tag-lula-ladrao","tag-noticias-do-face","tag-noticias-no-face","tag-noticiasnoface","tag-presidente-lula"],"_links":{"self":[{"href":"https:\/\/noticiasnoface.com.br\/index.php\/wp-json\/wp\/v2\/posts\/13826","targetHints":{"allow":["GET"]}}],"collection":[{"href":"https:\/\/noticiasnoface.com.br\/index.php\/wp-json\/wp\/v2\/posts"}],"about":[{"href":"https:\/\/noticiasnoface.com.br\/index.php\/wp-json\/wp\/v2\/types\/post"}],"author":[{"embeddable":true,"href":"https:\/\/noticiasnoface.com.br\/index.php\/wp-json\/wp\/v2\/users\/1"}],"replies":[{"embeddable":true,"href":"https:\/\/noticiasnoface.com.br\/index.php\/wp-json\/wp\/v2\/comments?post=13826"}],"version-history":[{"count":1,"href":"https:\/\/noticiasnoface.com.br\/index.php\/wp-json\/wp\/v2\/posts\/13826\/revisions"}],"predecessor-version":[{"id":13829,"href":"https:\/\/noticiasnoface.com.br\/index.php\/wp-json\/wp\/v2\/posts\/13826\/revisions\/13829"}],"wp:attachment":[{"href":"https:\/\/noticiasnoface.com.br\/index.php\/wp-json\/wp\/v2\/media?parent=13826"}],"wp:term":[{"taxonomy":"category","embeddable":true,"href":"https:\/\/noticiasnoface.com.br\/index.php\/wp-json\/wp\/v2\/categories?post=13826"},{"taxonomy":"post_tag","embeddable":true,"href":"https:\/\/noticiasnoface.com.br\/index.php\/wp-json\/wp\/v2\/tags?post=13826"}],"curies":[{"name":"wp","href":"https:\/\/api.w.org\/{rel}","templated":true}]}}