{"id":13834,"date":"2023-01-04T09:43:17","date_gmt":"2023-01-04T12:43:17","guid":{"rendered":"https:\/\/noticiasnoface.com.br\/?p=13834"},"modified":"2023-01-04T09:50:31","modified_gmt":"2023-01-04T12:50:31","slug":"lascou-midway-passa-a-cobrar-10-reais-de-estacionamento","status":"publish","type":"post","link":"https:\/\/noticiasnoface.com.br\/index.php\/2023\/01\/04\/lascou-midway-passa-a-cobrar-10-reais-de-estacionamento\/","title":{"rendered":"Lascou- Midway passa a cobrar 10 reais de estacionamento"},"content":{"rendered":"\n<figure class=\"wp-block-image size-large\"><img data-opt-id=1134100028  fetchpriority=\"high\" decoding=\"async\" width=\"1024\" height=\"1024\" src=\"https:\/\/mlbfrsat7ahr.i.optimole.com\/w:1024\/h:1024\/q:mauto\/ig:avif\/https:\/\/noticiasnoface.com.br\/wp-content\/uploads\/2023\/01\/photo-output.jpg\" alt=\"\" class=\"wp-image-13838\" srcset=\"https:\/\/mlbfrsat7ahr.i.optimole.com\/w:1024\/h:1024\/q:mauto\/ig:avif\/https:\/\/noticiasnoface.com.br\/wp-content\/uploads\/2023\/01\/photo-output.jpg 1024w, https:\/\/mlbfrsat7ahr.i.optimole.com\/w:300\/h:300\/q:mauto\/ig:avif\/https:\/\/noticiasnoface.com.br\/wp-content\/uploads\/2023\/01\/photo-output.jpg 300w, https:\/\/mlbfrsat7ahr.i.optimole.com\/w:150\/h:150\/q:mauto\/ig:avif\/https:\/\/noticiasnoface.com.br\/wp-content\/uploads\/2023\/01\/photo-output.jpg 150w, https:\/\/mlbfrsat7ahr.i.optimole.com\/w:768\/h:768\/q:mauto\/ig:avif\/https:\/\/noticiasnoface.com.br\/wp-content\/uploads\/2023\/01\/photo-output.jpg 768w, https:\/\/mlbfrsat7ahr.i.optimole.com\/w:1080\/h:1080\/q:mauto\/ig:avif\/https:\/\/noticiasnoface.com.br\/wp-content\/uploads\/2023\/01\/photo-output.jpg 1536w, https:\/\/mlbfrsat7ahr.i.optimole.com\/w:1080\/h:1080\/q:mauto\/ig:avif\/https:\/\/noticiasnoface.com.br\/wp-content\/uploads\/2023\/01\/photo-output.jpg 2048w, https:\/\/mlbfrsat7ahr.i.optimole.com\/w:600\/h:600\/q:mauto\/ig:avif\/https:\/\/noticiasnoface.com.br\/wp-content\/uploads\/2023\/01\/photo-output.jpg 600w\" sizes=\"(max-width: 1000px) 100vw, 1000px\" \/><figcaption class=\"wp-element-caption\">O Midway Mall informa que, ap\u00f3s 18 anos de opera\u00e7\u00e3o com isen\u00e7\u00e3o da tarifa de estacionamento, ir\u00e1 atualizar sua pol\u00edtica com a cobran\u00e7a pelo uso do espa\u00e7o a partir da 2\u00aa quinzena de janeiro\/23.<br \/><br \/>O empreendimento reitera que essa \u00e9 uma pr\u00e1tica comumente adotada pelo setor em todo o pa\u00eds, e que permite garantir a melhor oferta de vagas no empreendimento para uso exclusivo de seus clientes. Al\u00e9m disso, esclarecemos que o Midway Mall foi o \u00faltimo empreendimento de grande porte a realizar a cobran\u00e7a e que as tarifas adotadas est\u00e3o em linha com a m\u00e9dia cobrada pelo mercado e seguir\u00e3o uma tabela progressiva:<br \/><br \/>Valores gerais da Tabela Progressiva<br \/><br \/>Autom\u00f3veis<br \/><br \/>Per\u00edodo de 4h: R$10,00<br \/>Hora adicional: R$2,00.<br \/><br \/>Motocicletas<br \/><br \/>Per\u00edodo de 4h: R$6,00<br \/>Hora adicional: R$1,00.<br \/>O motivo <br \/>Segundo fontes o motivo seria os funcion\u00e1rios do walfredo Gurgel e IFRN que lotam o estacionamento sem falar nos alunos da UNP a que deixam os carros no shopping, gozando de seguran\u00e7a e passam o dia em outro lugar.<br \/><img data-opt-id=1134100028  fetchpriority=\"high\" decoding=\"async\" src=\"https:\/\/mlbfrsat7ahr.i.optimole.com\/w:1024\/h:1024\/q:mauto\/ig:avif\/https:\/\/noticiasnoface.com.br\/wp-content\/uploads\/2023\/01\/photo-output.jpg\" width=\"1024\" height=\"1024\" alt=\"\" class=\"wp-image-13838 lazyloaded\" srcset=\"https:\/\/mlbfrsat7ahr.i.optimole.com\/w:1024\/h:1024\/q:mauto\/ig:avif\/https:\/\/noticiasnoface.com.br\/wp-content\/uploads\/2023\/01\/photo-output.jpg 1024w, https:\/\/mlbfrsat7ahr.i.optimole.com\/w:300\/h:300\/q:mauto\/ig:avif\/https:\/\/noticiasnoface.com.br\/wp-content\/uploads\/2023\/01\/photo-output.jpg 300w, https:\/\/mlbfrsat7ahr.i.optimole.com\/w:150\/h:150\/q:mauto\/rt:fill\/g:ce\/ig:avif\/https:\/\/noticiasnoface.com.br\/wp-content\/uploads\/2023\/01\/photo-output.jpg 150w, https:\/\/mlbfrsat7ahr.i.optimole.com\/w:768\/h:768\/q:mauto\/ig:avif\/https:\/\/noticiasnoface.com.br\/wp-content\/uploads\/2023\/01\/photo-output.jpg 768w, https:\/\/mlbfrsat7ahr.i.optimole.com\/w:1080\/h:1080\/q:mauto\/ig:avif\/https:\/\/noticiasnoface.com.br\/wp-content\/uploads\/2023\/01\/photo-output.jpg 1536w, https:\/\/mlbfrsat7ahr.i.optimole.com\/w:auto\/h:auto\/q:mauto\/ig:avif\/https:\/\/noticiasnoface.com.br\/wp-content\/uploads\/2023\/01\/photo-output.jpg 2048w, https:\/\/mlbfrsat7ahr.i.optimole.com\/w:600\/h:600\/q:mauto\/ig:avif\/https:\/\/noticiasnoface.com.br\/wp-content\/uploads\/2023\/01\/photo-output.jpg 600w\" \/><\/figcaption><\/figure>\n\n\n\n<h2 class=\"wp-block-heading\">O motivo <\/h2>\n\n\n\n<p>Segundo fontes o motivo seria os funcion\u00e1rios do walfredo Gurgel e IFRN que lotam o estacionamento sem falar nos alunos da UNP a que deixam os carros no shopping, gozando de seguran\u00e7a e passam o dia em outro lugar.<\/p>\n\n\n\n<figure class=\"wp-block-image size-full\"><img data-opt-id=851580302  data-opt-src=\"https:\/\/mlbfrsat7ahr.i.optimole.com\/w:auto\/h:auto\/q:mauto\/ig:avif\/https:\/\/noticiasnoface.com.br\/wp-content\/uploads\/2023\/01\/F6B118B7-CABE-46A0-89B1-FCB1264A06EF.png\"  decoding=\"async\" width=\"720\" height=\"950\" src=\"data:image/svg+xml,%3Csvg%20viewBox%3D%220%200%20100%%20100%%22%20width%3D%22100%%22%20height%3D%22100%%22%20xmlns%3D%22http%3A%2F%2Fwww.w3.org%2F2000%2Fsvg%22%3E%3Crect%20width%3D%22100%%22%20height%3D%22100%%22%20fill%3D%22transparent%22%2F%3E%3C%2Fsvg%3E\" alt=\"\" class=\"wp-image-13835\" old-srcset=\"https:\/\/mlbfrsat7ahr.i.optimole.com\/w:720\/h:950\/q:mauto\/ig:avif\/https:\/\/noticiasnoface.com.br\/wp-content\/uploads\/2023\/01\/F6B118B7-CABE-46A0-89B1-FCB1264A06EF.png 720w, https:\/\/mlbfrsat7ahr.i.optimole.com\/w:227\/h:300\/q:mauto\/ig:avif\/https:\/\/noticiasnoface.com.br\/wp-content\/uploads\/2023\/01\/F6B118B7-CABE-46A0-89B1-FCB1264A06EF.png 227w\" \/><\/figure>\n","protected":false},"excerpt":{"rendered":"<p>O motivo Segundo fontes o motivo seria os funcion\u00e1rios do walfredo Gurgel e IFRN que lotam o estacionamento sem falar [&hellip;]<\/p>\n","protected":false},"author":1,"featured_media":0,"comment_status":"open","ping_status":"open","sticky":false,"template":"","format":"standard","meta":{"site-sidebar-layout":"default","site-content-layout":"","ast-site-content-layout":"default","site-content-style":"default","site-sidebar-style":"default","ast-global-header-display":"","ast-banner-title-visibility":"","ast-main-header-display":"","ast-hfb-above-header-display":"","ast-hfb-below-header-display":"","ast-hfb-mobile-header-display":"","site-post-title":"","ast-breadcrumbs-content":"","ast-featured-img":"","footer-sml-layout":"","ast-disable-related-posts":"","theme-transparent-header-meta":"","adv-header-id-meta":"","stick-header-meta":"","header-above-stick-meta":"","header-main-stick-meta":"","header-below-stick-meta":"","astra-migrate-meta-layouts":"default","ast-page-background-enabled":"default","ast-page-background-meta":{"desktop":{"background-color":"var(--ast-global-color-4)","background-image":"","background-repeat":"repeat","background-position":"center center","background-size":"auto","background-attachment":"scroll","background-type":"","background-media":"","overlay-type":"","overlay-color":"","overlay-opacity":"","overlay-gradient":""},"tablet":{"background-color":"","background-image":"","background-repeat":"repeat","background-position":"center center","background-size":"auto","background-attachment":"scroll","background-type":"","background-media":"","overlay-type":"","overlay-color":"","overlay-opacity":"","overlay-gradient":""},"mobile":{"background-color":"","background-image":"","background-repeat":"repeat","background-position":"center center","background-size":"auto","background-attachment":"scroll","background-type":"","background-media":"","overlay-type":"","overlay-color":"","overlay-opacity":"","overlay-gradient":""}},"ast-content-background-meta":{"desktop":{"background-color":"var(--ast-global-color-5)","background-image":"","background-repeat":"repeat","background-position":"center center","background-size":"auto","background-attachment":"scroll","background-type":"","background-media":"","overlay-type":"","overlay-color":"","overlay-opacity":"","overlay-gradient":""},"tablet":{"background-color":"var(--ast-global-color-5)","background-image":"","background-repeat":"repeat","background-position":"center center","background-size":"auto","background-attachment":"scroll","background-type":"","background-media":"","overlay-type":"","overlay-color":"","overlay-opacity":"","overlay-gradient":""},"mobile":{"background-color":"var(--ast-global-color-5)","background-image":"","background-repeat":"repeat","background-position":"center center","background-size":"auto","background-attachment":"scroll","background-type":"","background-media":"","overlay-type":"","overlay-color":"","overlay-opacity":"","overlay-gradient":""}},"footnotes":""},"categories":[517],"tags":[2362,1254,50,22,199,2363,1253],"class_list":["post-13834","post","type-post","status-publish","format-standard","hentry","category-aconteceu","tag-estacionamento","tag-midway","tag-noticias-do-face","tag-noticias-no-face","tag-noticiasnoface","tag-pago","tag-shopping"],"_links":{"self":[{"href":"https:\/\/noticiasnoface.com.br\/index.php\/wp-json\/wp\/v2\/posts\/13834","targetHints":{"allow":["GET"]}}],"collection":[{"href":"https:\/\/noticiasnoface.com.br\/index.php\/wp-json\/wp\/v2\/posts"}],"about":[{"href":"https:\/\/noticiasnoface.com.br\/index.php\/wp-json\/wp\/v2\/types\/post"}],"author":[{"embeddable":true,"href":"https:\/\/noticiasnoface.com.br\/index.php\/wp-json\/wp\/v2\/users\/1"}],"replies":[{"embeddable":true,"href":"https:\/\/noticiasnoface.com.br\/index.php\/wp-json\/wp\/v2\/comments?post=13834"}],"version-history":[{"count":6,"href":"https:\/\/noticiasnoface.com.br\/index.php\/wp-json\/wp\/v2\/posts\/13834\/revisions"}],"predecessor-version":[{"id":13842,"href":"https:\/\/noticiasnoface.com.br\/index.php\/wp-json\/wp\/v2\/posts\/13834\/revisions\/13842"}],"wp:attachment":[{"href":"https:\/\/noticiasnoface.com.br\/index.php\/wp-json\/wp\/v2\/media?parent=13834"}],"wp:term":[{"taxonomy":"category","embeddable":true,"href":"https:\/\/noticiasnoface.com.br\/index.php\/wp-json\/wp\/v2\/categories?post=13834"},{"taxonomy":"post_tag","embeddable":true,"href":"https:\/\/noticiasnoface.com.br\/index.php\/wp-json\/wp\/v2\/tags?post=13834"}],"curies":[{"name":"wp","href":"https:\/\/api.w.org\/{rel}","templated":true}]}}