{"id":13848,"date":"2023-01-04T14:07:51","date_gmt":"2023-01-04T17:07:51","guid":{"rendered":"https:\/\/noticiasnoface.com.br\/?p=13848"},"modified":"2023-01-04T14:07:53","modified_gmt":"2023-01-04T17:07:53","slug":"lula-e-sua-tara-em-nomear-ministra-com-envolvimento-no-mundo-do-crime","status":"publish","type":"post","link":"https:\/\/noticiasnoface.com.br\/index.php\/2023\/01\/04\/lula-e-sua-tara-em-nomear-ministra-com-envolvimento-no-mundo-do-crime\/","title":{"rendered":"Lula e sua tara em nomear ministra com envolvimento no mundo do crime"},"content":{"rendered":"\n<figure class=\"wp-block-image size-large\"><img data-opt-id=2144536042  fetchpriority=\"high\" decoding=\"async\" width=\"1024\" height=\"683\" src=\"https:\/\/mlbfrsat7ahr.i.optimole.com\/w:1024\/h:683\/q:mauto\/ig:avif\/https:\/\/noticiasnoface.com.br\/wp-content\/uploads\/2023\/01\/167268912563b335e50d16f_1672689125_3x2_rt.jpg\" alt=\"\" class=\"wp-image-13849\" srcset=\"https:\/\/mlbfrsat7ahr.i.optimole.com\/w:1024\/h:683\/q:mauto\/ig:avif\/https:\/\/noticiasnoface.com.br\/wp-content\/uploads\/2023\/01\/167268912563b335e50d16f_1672689125_3x2_rt.jpg 1024w, https:\/\/mlbfrsat7ahr.i.optimole.com\/w:300\/h:200\/q:mauto\/ig:avif\/https:\/\/noticiasnoface.com.br\/wp-content\/uploads\/2023\/01\/167268912563b335e50d16f_1672689125_3x2_rt.jpg 300w, https:\/\/mlbfrsat7ahr.i.optimole.com\/w:768\/h:512\/q:mauto\/ig:avif\/https:\/\/noticiasnoface.com.br\/wp-content\/uploads\/2023\/01\/167268912563b335e50d16f_1672689125_3x2_rt.jpg 768w, https:\/\/mlbfrsat7ahr.i.optimole.com\/w:1536\/h:1024\/q:mauto\/ig:avif\/https:\/\/noticiasnoface.com.br\/wp-content\/uploads\/2023\/01\/167268912563b335e50d16f_1672689125_3x2_rt.jpg 1536w, https:\/\/mlbfrsat7ahr.i.optimole.com\/w:1620\/h:1080\/q:mauto\/ig:avif\/https:\/\/noticiasnoface.com.br\/wp-content\/uploads\/2023\/01\/167268912563b335e50d16f_1672689125_3x2_rt.jpg 2048w\" sizes=\"(max-width: 1000px) 100vw, 1000px\" \/><figcaption class=\"wp-element-caption\">A sombra criminosa da ministra do turismo do governo LULA O que se sabe sobre liga\u00e7\u00e3o de ministra de Lula com miliciano do Rio.Daniela Mote de Souza Carneiro, ministra do Turismo do terceiro mandato do\u00a0<a href=\"https:\/\/noticias.r7.com\/brasilia\/discursos-de-lula-na-posse-foram-marcados-por-exageros-e-maquiagem-de-dados-02012023\" target=\"_blank\" rel=\"noopener\">presidente Luiz In\u00e1cio Lula da Silva (PT)<\/a>, \u00e9 ligada \u00e0 fam\u00edlia de Juracy Alves Prud\u00eancio, o Jura, condenado por chefiar uma mil\u00edcia na Baixada Fluminense, no Rio de Janeiro. Conhecida como Daniela do Waguinho, ela\u00a0<a href=\"https:\/\/noticias.r7.com\/brasilia\/parlamentares-tomam-posse-como-ministros-e-abrem-espaco-para-suplentes-no-congresso-02012023\" target=\"_blank\" rel=\"noopener\">se reelegeu deputada federal<\/a>\u00a0pelo Uni\u00e3o Brasil nas elei\u00e7\u00f5es do ano passado e\u00a0<a href=\"https:\/\/noticias.r7.com\/brasilia\/19-ministros-de-lula-assumiram-o-cargo-nesta-segunda-veja-a-lista-02012023\" target=\"_blank\" rel=\"noopener\">assumiu a pasta do Turismo na segunda-feira (2)<\/a>.<br>Jura \u00e9 ex-sargento da Pol\u00edcia Militar e foi condenado a 22 anos de pris\u00e3o pelos crimes de homic\u00eddio e associa\u00e7\u00e3o criminosa. Ele j\u00e1 cumpriu cerca de 15 anos. A ministra do Turismo de Lula \u00e9 casada com Waguinho, prefeito de Belford Roxo (RJ) e presidente estadual do Uni\u00e3o Brasil no Rio de Janeiro.<br>Daniela \u00e9 pr\u00f3xima da esposa de Jura, conhecida como Giane Jura, ex-vereadora de Nova Igua\u00e7u (RJ). Nas redes sociais de Giane, h\u00e1 v\u00e1rios registros de Daniela e Waguinho, inclusive em eventos com Lula, como a caminhada &#8220;Elas fazem o L pela Democracia&#8221;, ocorrida em 27 de outubro de 2022, em Belford Roxo.<br>Giane declarou apoio a Daniela em agosto do ano passado e pedia votos com frequ\u00eancia para a agora ministra. A esposa de Jura tamb\u00e9m fez campanha para Daniela em 2018, quando ambas apoiaram o ent\u00e3o candidato Jair Bolsonaro (PL), \u00e0 \u00e9poca no PSL. Jura participou dos eventos em apoio a Daniela naquele ano.\u00a0<\/figcaption><\/figure>\n\n\n\n<figure class=\"wp-block-image size-full\"><img data-opt-id=972764970  fetchpriority=\"high\" decoding=\"async\" width=\"900\" height=\"506\" src=\"https:\/\/mlbfrsat7ahr.i.optimole.com\/w:auto\/h:auto\/q:mauto\/ig:avif\/https:\/\/noticiasnoface.com.br\/wp-content\/uploads\/2023\/01\/presidente-lula-sobe-a-rampa-e-recebe-a-faixa-apos-posse-na-congresso-nacional-1672603449688_v2_900x506-1.jpg\" alt=\"\" class=\"wp-image-13850\" srcset=\"https:\/\/mlbfrsat7ahr.i.optimole.com\/w:900\/h:506\/q:mauto\/ig:avif\/https:\/\/noticiasnoface.com.br\/wp-content\/uploads\/2023\/01\/presidente-lula-sobe-a-rampa-e-recebe-a-faixa-apos-posse-na-congresso-nacional-1672603449688_v2_900x506-1.jpg 900w, https:\/\/mlbfrsat7ahr.i.optimole.com\/w:300\/h:169\/q:mauto\/ig:avif\/https:\/\/noticiasnoface.com.br\/wp-content\/uploads\/2023\/01\/presidente-lula-sobe-a-rampa-e-recebe-a-faixa-apos-posse-na-congresso-nacional-1672603449688_v2_900x506-1.jpg 300w, https:\/\/mlbfrsat7ahr.i.optimole.com\/w:768\/h:432\/q:mauto\/ig:avif\/https:\/\/noticiasnoface.com.br\/wp-content\/uploads\/2023\/01\/presidente-lula-sobe-a-rampa-e-recebe-a-faixa-apos-posse-na-congresso-nacional-1672603449688_v2_900x506-1.jpg 768w, https:\/\/mlbfrsat7ahr.i.optimole.com\/w:800\/h:450\/q:mauto\/ig:avif\/https:\/\/noticiasnoface.com.br\/wp-content\/uploads\/2023\/01\/presidente-lula-sobe-a-rampa-e-recebe-a-faixa-apos-posse-na-congresso-nacional-1672603449688_v2_900x506-1.jpg 800w\" sizes=\"(max-width: 900px) 100vw, 900px\" \/><figcaption class=\"wp-element-caption\">Lula por ter puxado cadeia tem atra\u00e7\u00e3o por bandidos.<\/figcaption><\/figure>\n\n\n\n<h2 class=\"wp-block-heading\"><\/h2>\n\n\n\n<p>Quem \u00e9 Jura ?<\/p>\n\n\n\n<p>Jura chegou a ser nomeado para um cargo comissionado na Secretaria de Defesa Civil e Ordem Urbana de Belford Roxo ap\u00f3s ter passado do regime fechado para o semiaberto, em maio de 2017. \u00c0 \u00e9poca, Waguinho, marido da ministra de Lula, cumpria o primeiro mandato \u00e0 frente da prefeitura do munic\u00edpio.<\/p>\n\n\n\n<figure class=\"wp-block-image size-full\"><img data-opt-id=1316910408  data-opt-src=\"https:\/\/mlbfrsat7ahr.i.optimole.com\/w:auto\/h:auto\/q:mauto\/ig:avif\/https:\/\/noticiasnoface.com.br\/wp-content\/uploads\/2023\/01\/giani-e-daniela-em-2018-03012023124445090.jpeg\"  decoding=\"async\" width=\"770\" height=\"420\" src=\"data:image/svg+xml,%3Csvg%20viewBox%3D%220%200%20100%%20100%%22%20width%3D%22100%%22%20height%3D%22100%%22%20xmlns%3D%22http%3A%2F%2Fwww.w3.org%2F2000%2Fsvg%22%3E%3Crect%20width%3D%22100%%22%20height%3D%22100%%22%20fill%3D%22transparent%22%2F%3E%3C%2Fsvg%3E\" alt=\"\" class=\"wp-image-13851\" old-srcset=\"https:\/\/mlbfrsat7ahr.i.optimole.com\/w:770\/h:420\/q:mauto\/ig:avif\/https:\/\/noticiasnoface.com.br\/wp-content\/uploads\/2023\/01\/giani-e-daniela-em-2018-03012023124445090.jpeg 770w, https:\/\/mlbfrsat7ahr.i.optimole.com\/w:300\/h:164\/q:mauto\/ig:avif\/https:\/\/noticiasnoface.com.br\/wp-content\/uploads\/2023\/01\/giani-e-daniela-em-2018-03012023124445090.jpeg 300w, https:\/\/mlbfrsat7ahr.i.optimole.com\/w:768\/h:419\/q:mauto\/ig:avif\/https:\/\/noticiasnoface.com.br\/wp-content\/uploads\/2023\/01\/giani-e-daniela-em-2018-03012023124445090.jpeg 768w\" \/><figcaption class=\"wp-element-caption\">.Em janeiro de 2020, a Vara de Execu\u00e7\u00f5es Penais suspendeu o trabalho de Jura fora da cadeia. A medida cautelar foi tomada a pedido do Minist\u00e9rio P\u00fablico ap\u00f3s ind\u00edcios de irregularidade no cumprimento do benef\u00edcio, j\u00e1 que ele n\u00e3o comparecia ao local de trabalho.<br>Em um dos processos em que o ex-sargento foi condenado, a ju\u00edza Beatriz de Oliveira Monteiro Marques refere-se a ele como comandante de &#8220;mil\u00edcia privada extremamente organizada para a pr\u00e1tica de delitos graves, tendo como \u00e1rea de atua\u00e7\u00e3o v\u00e1rios munic\u00edpios da baixada fluminense, como Belford Roxo, Queimados e Nova Igua\u00e7u&#8221;, com atua\u00e7\u00f5es na &#8220;pol\u00edtica, amea\u00e7ando moradores das localidades em que atuava a votarem nele&#8221;, j\u00e1 que Jura seria &#8220;detentor de poderio e de capacidade para arregimentar homens e armas dentro de sua estrutura criminosa, mesmo estando preso&#8221;.<br>O\u00a0<strong>R7<\/strong>\u00a0procurou a assessoria de Daniela Carneiro no Minist\u00e9rio do Turismo. Em resposta \u00e0 reportagem, a ministra afirmou que liga\u00e7\u00e3o pol\u00edtica n\u00e3o quer dizer concordar com eventuais atividades criminosas.\u00a0<br>&#8220;A ministra do Turismo, Daniela Carneiro, durante sua campanha, em 2018, recebeu apoio em diversos munic\u00edpios. Ela ressalta que o apoio pol\u00edtico n\u00e3o significa que ela compactue com qualquer apoiador que porventura tenha cometido algum ato il\u00edcito. Daniela Carneiro salienta que compete \u00e0 Justi\u00e7a julgar quem comete poss\u00edveis crimes. Quanto \u00e0s nomea\u00e7\u00f5es na Prefeitura de Belford Roxo, a ministra enfatiza que n\u00e3o tem nenhuma inger\u00eancia, pois o ato \u00e9 de compet\u00eancia exclusiva do Poder Executivo&#8221;, disse, em nota.A defesa de Jura optou por n\u00e3o se manifestar.<br>Em 2010, defensores do ex-sargento criaram uma p\u00e1gina na internet intitulada &#8220;Somos Jura&#8221;. De acordo com a descri\u00e7\u00e3o, o portal foi criado por moradores dos bairros Comendador Soares, Rosa dos Ventos e proximidades contr\u00e1rios \u00e0 pris\u00e3o dele. A \u00faltima postagem da p\u00e1gina \u00e9 de outubro de 2014.<br>&#8220;Ele n\u00e3o passa unicamente de um cidad\u00e3o comum, chefe de fam\u00edlia, membro atuante da nossa comunidade. N\u00e3o \u00e9 surpresa para ningu\u00e9m que, na profiss\u00e3o de Jura, jamais ele conseguiria agradar a todos, principalmente \u00e0queles que andam a margem da lei, para quem a presen\u00e7a de qualquer policial j\u00e1 incomoda muito&#8221;, escreveram os apoiadores.<br><br>Esposa de condenado apoia Lula e Daniela do Waguinho<\/figcaption><\/figure>\n\n\n\n<p><\/p>\n\n\n\n<p><\/p>\n","protected":false},"excerpt":{"rendered":"<p>Quem \u00e9 Jura ? Jura chegou a ser nomeado para um cargo comissionado na Secretaria de Defesa Civil e Ordem [&hellip;]<\/p>\n","protected":false},"author":1,"featured_media":0,"comment_status":"open","ping_status":"open","sticky":false,"template":"","format":"standard","meta":{"site-sidebar-layout":"default","site-content-layout":"","ast-site-content-layout":"default","site-content-style":"default","site-sidebar-style":"default","ast-global-header-display":"","ast-banner-title-visibility":"","ast-main-header-display":"","ast-hfb-above-header-display":"","ast-hfb-below-header-display":"","ast-hfb-mobile-header-display":"","site-post-title":"","ast-breadcrumbs-content":"","ast-featured-img":"","footer-sml-layout":"","ast-disable-related-posts":"","theme-transparent-header-meta":"","adv-header-id-meta":"","stick-header-meta":"","header-above-stick-meta":"","header-main-stick-meta":"","header-below-stick-meta":"","astra-migrate-meta-layouts":"default","ast-page-background-enabled":"default","ast-page-background-meta":{"desktop":{"background-color":"var(--ast-global-color-4)","background-image":"","background-repeat":"repeat","background-position":"center center","background-size":"auto","background-attachment":"scroll","background-type":"","background-media":"","overlay-type":"","overlay-color":"","overlay-opacity":"","overlay-gradient":""},"tablet":{"background-color":"","background-image":"","background-repeat":"repeat","background-position":"center center","background-size":"auto","background-attachment":"scroll","background-type":"","background-media":"","overlay-type":"","overlay-color":"","overlay-opacity":"","overlay-gradient":""},"mobile":{"background-color":"","background-image":"","background-repeat":"repeat","background-position":"center center","background-size":"auto","background-attachment":"scroll","background-type":"","background-media":"","overlay-type":"","overlay-color":"","overlay-opacity":"","overlay-gradient":""}},"ast-content-background-meta":{"desktop":{"background-color":"var(--ast-global-color-5)","background-image":"","background-repeat":"repeat","background-position":"center center","background-size":"auto","background-attachment":"scroll","background-type":"","background-media":"","overlay-type":"","overlay-color":"","overlay-opacity":"","overlay-gradient":""},"tablet":{"background-color":"var(--ast-global-color-5)","background-image":"","background-repeat":"repeat","background-position":"center center","background-size":"auto","background-attachment":"scroll","background-type":"","background-media":"","overlay-type":"","overlay-color":"","overlay-opacity":"","overlay-gradient":""},"mobile":{"background-color":"var(--ast-global-color-5)","background-image":"","background-repeat":"repeat","background-position":"center center","background-size":"auto","background-attachment":"scroll","background-type":"","background-media":"","overlay-type":"","overlay-color":"","overlay-opacity":"","overlay-gradient":""}},"footnotes":""},"categories":[517],"tags":[215,711,50,22,199,2058],"class_list":["post-13848","post","type-post","status-publish","format-standard","hentry","category-aconteceu","tag-lula","tag-lula-ladrao","tag-noticias-do-face","tag-noticias-no-face","tag-noticiasnoface","tag-presidente-lula"],"_links":{"self":[{"href":"https:\/\/noticiasnoface.com.br\/index.php\/wp-json\/wp\/v2\/posts\/13848","targetHints":{"allow":["GET"]}}],"collection":[{"href":"https:\/\/noticiasnoface.com.br\/index.php\/wp-json\/wp\/v2\/posts"}],"about":[{"href":"https:\/\/noticiasnoface.com.br\/index.php\/wp-json\/wp\/v2\/types\/post"}],"author":[{"embeddable":true,"href":"https:\/\/noticiasnoface.com.br\/index.php\/wp-json\/wp\/v2\/users\/1"}],"replies":[{"embeddable":true,"href":"https:\/\/noticiasnoface.com.br\/index.php\/wp-json\/wp\/v2\/comments?post=13848"}],"version-history":[{"count":1,"href":"https:\/\/noticiasnoface.com.br\/index.php\/wp-json\/wp\/v2\/posts\/13848\/revisions"}],"predecessor-version":[{"id":13852,"href":"https:\/\/noticiasnoface.com.br\/index.php\/wp-json\/wp\/v2\/posts\/13848\/revisions\/13852"}],"wp:attachment":[{"href":"https:\/\/noticiasnoface.com.br\/index.php\/wp-json\/wp\/v2\/media?parent=13848"}],"wp:term":[{"taxonomy":"category","embeddable":true,"href":"https:\/\/noticiasnoface.com.br\/index.php\/wp-json\/wp\/v2\/categories?post=13848"},{"taxonomy":"post_tag","embeddable":true,"href":"https:\/\/noticiasnoface.com.br\/index.php\/wp-json\/wp\/v2\/tags?post=13848"}],"curies":[{"name":"wp","href":"https:\/\/api.w.org\/{rel}","templated":true}]}}