{"id":13853,"date":"2023-01-04T21:56:44","date_gmt":"2023-01-05T00:56:44","guid":{"rendered":"https:\/\/noticiasnoface.com.br\/?p=13853"},"modified":"2023-04-21T13:15:54","modified_gmt":"2023-04-21T16:15:54","slug":"vejam-o-momento-que-um-homem-acende-um-rojao-e-colocou-no-chao-que-matou-uma-mulher","status":"publish","type":"post","link":"https:\/\/noticiasnoface.com.br\/index.php\/2023\/01\/04\/vejam-o-momento-que-um-homem-acende-um-rojao-e-colocou-no-chao-que-matou-uma-mulher\/","title":{"rendered":"Vejam o momento que um homem acende um roj\u00e3o e colocou no ch\u00e3o que matou uma mulher"},"content":{"rendered":"\n<figure class=\"wp-block-image size-full\"><img data-opt-id=656002101  fetchpriority=\"high\" decoding=\"async\" width=\"600\" height=\"400\" src=\"https:\/\/mlbfrsat7ahr.i.optimole.com\/w:auto\/h:auto\/q:mauto\/ig:avif\/https:\/\/noticiasnoface.com.br\/wp-content\/uploads\/2023\/01\/851084A6-144F-447E-8A4B-4046A4A1F0AF.jpeg\" alt=\"\" class=\"wp-image-13854\" srcset=\"https:\/\/mlbfrsat7ahr.i.optimole.com\/w:600\/h:400\/q:mauto\/ig:avif\/https:\/\/noticiasnoface.com.br\/wp-content\/uploads\/2023\/01\/851084A6-144F-447E-8A4B-4046A4A1F0AF.jpeg 600w, https:\/\/mlbfrsat7ahr.i.optimole.com\/w:300\/h:200\/q:mauto\/ig:avif\/https:\/\/noticiasnoface.com.br\/wp-content\/uploads\/2023\/01\/851084A6-144F-447E-8A4B-4046A4A1F0AF.jpeg 300w\" sizes=\"(max-width: 600px) 100vw, 600px\" \/><figcaption class=\"wp-element-caption\">Segundo mat\u00e9ria do portal G1 um novo v\u00eddeo mostra o instante em que Elis\u00e2ngela Tinem, de 38 anos, \u00e9 atingida por um roj\u00e3o e morre durante o r\u00e9veillon em Praia Grande, no litoral de S\u00e3o Paulo. As imagens mostram o momento em que o artefato &#8216;desvia no ar&#8217;, fica preso \u00e0 roupa da v\u00edtima e explode no peito dela.&nbsp;O caso aconteceu na faixa de areia da praia, na altura do bairro Nova Mirim. A Pol\u00edcia Militar e o Servi\u00e7o de Atendimento M\u00f3vel de Urg\u00eancia (Samu) foram acionados e a morte de Elis\u00e2ngela foi constatada no local.<br \/>O caso \u00e9 investigado pelo 1\u00ba DP de Praia Grande, que trabalha para identificar o respons\u00e1vel por soltar o roj\u00e3o e quem o vendeu. Conforme apurado pelo g1, o delegado pode, inclusive, pedir um mandado de pris\u00e3o \u00e0 Justi\u00e7a contra o homem que acendeu o artefato, quando este for localizado. O v\u00eddeo, obtido pelo produtor Luiz Linna, da TV Tribuna, emissora afiliada \u00e0 Rede Globo, mostra que o roj\u00e3o estava posicionado a alguns metros de dist\u00e2ncia de Elis\u00e2ngela. O acidente aconteceu em menos de 10 segundos, do momento da igni\u00e7\u00e3o \u00e0 explos\u00e3o do artefato.<\/figcaption><\/figure>\n","protected":false},"excerpt":{"rendered":"","protected":false},"author":1,"featured_media":0,"comment_status":"open","ping_status":"open","sticky":false,"template":"","format":"standard","meta":{"site-sidebar-layout":"default","site-content-layout":"","ast-site-content-layout":"default","site-content-style":"default","site-sidebar-style":"default","ast-global-header-display":"","ast-banner-title-visibility":"","ast-main-header-display":"","ast-hfb-above-header-display":"","ast-hfb-below-header-display":"","ast-hfb-mobile-header-display":"","site-post-title":"","ast-breadcrumbs-content":"","ast-featured-img":"","footer-sml-layout":"","ast-disable-related-posts":"","theme-transparent-header-meta":"","adv-header-id-meta":"","stick-header-meta":"","header-above-stick-meta":"","header-main-stick-meta":"","header-below-stick-meta":"","astra-migrate-meta-layouts":"default","ast-page-background-enabled":"default","ast-page-background-meta":{"desktop":{"background-color":"var(--ast-global-color-4)","background-image":"","background-repeat":"repeat","background-position":"center center","background-size":"auto","background-attachment":"scroll","background-type":"","background-media":"","overlay-type":"","overlay-color":"","overlay-opacity":"","overlay-gradient":""},"tablet":{"background-color":"","background-image":"","background-repeat":"repeat","background-position":"center center","background-size":"auto","background-attachment":"scroll","background-type":"","background-media":"","overlay-type":"","overlay-color":"","overlay-opacity":"","overlay-gradient":""},"mobile":{"background-color":"","background-image":"","background-repeat":"repeat","background-position":"center center","background-size":"auto","background-attachment":"scroll","background-type":"","background-media":"","overlay-type":"","overlay-color":"","overlay-opacity":"","overlay-gradient":""}},"ast-content-background-meta":{"desktop":{"background-color":"var(--ast-global-color-5)","background-image":"","background-repeat":"repeat","background-position":"center center","background-size":"auto","background-attachment":"scroll","background-type":"","background-media":"","overlay-type":"","overlay-color":"","overlay-opacity":"","overlay-gradient":""},"tablet":{"background-color":"var(--ast-global-color-5)","background-image":"","background-repeat":"repeat","background-position":"center center","background-size":"auto","background-attachment":"scroll","background-type":"","background-media":"","overlay-type":"","overlay-color":"","overlay-opacity":"","overlay-gradient":""},"mobile":{"background-color":"var(--ast-global-color-5)","background-image":"","background-repeat":"repeat","background-position":"center center","background-size":"auto","background-attachment":"scroll","background-type":"","background-media":"","overlay-type":"","overlay-color":"","overlay-opacity":"","overlay-gradient":""}},"footnotes":""},"categories":[517],"tags":[282,2335,2356],"class_list":["post-13853","post","type-post","status-publish","format-standard","hentry","category-aconteceu","tag-morte","tag-mulher-morre","tag-reveillon"],"_links":{"self":[{"href":"https:\/\/noticiasnoface.com.br\/index.php\/wp-json\/wp\/v2\/posts\/13853","targetHints":{"allow":["GET"]}}],"collection":[{"href":"https:\/\/noticiasnoface.com.br\/index.php\/wp-json\/wp\/v2\/posts"}],"about":[{"href":"https:\/\/noticiasnoface.com.br\/index.php\/wp-json\/wp\/v2\/types\/post"}],"author":[{"embeddable":true,"href":"https:\/\/noticiasnoface.com.br\/index.php\/wp-json\/wp\/v2\/users\/1"}],"replies":[{"embeddable":true,"href":"https:\/\/noticiasnoface.com.br\/index.php\/wp-json\/wp\/v2\/comments?post=13853"}],"version-history":[{"count":2,"href":"https:\/\/noticiasnoface.com.br\/index.php\/wp-json\/wp\/v2\/posts\/13853\/revisions"}],"predecessor-version":[{"id":15880,"href":"https:\/\/noticiasnoface.com.br\/index.php\/wp-json\/wp\/v2\/posts\/13853\/revisions\/15880"}],"wp:attachment":[{"href":"https:\/\/noticiasnoface.com.br\/index.php\/wp-json\/wp\/v2\/media?parent=13853"}],"wp:term":[{"taxonomy":"category","embeddable":true,"href":"https:\/\/noticiasnoface.com.br\/index.php\/wp-json\/wp\/v2\/categories?post=13853"},{"taxonomy":"post_tag","embeddable":true,"href":"https:\/\/noticiasnoface.com.br\/index.php\/wp-json\/wp\/v2\/tags?post=13853"}],"curies":[{"name":"wp","href":"https:\/\/api.w.org\/{rel}","templated":true}]}}