{"id":13881,"date":"2023-01-05T17:38:44","date_gmt":"2023-01-05T20:38:44","guid":{"rendered":"https:\/\/noticiasnoface.com.br\/?p=13881"},"modified":"2023-01-05T17:38:46","modified_gmt":"2023-01-05T20:38:46","slug":"surreal-pais-cobravam-150-reais-para-deixar-filmar-os-filhos-sendo-estuprados","status":"publish","type":"post","link":"https:\/\/noticiasnoface.com.br\/index.php\/2023\/01\/05\/surreal-pais-cobravam-150-reais-para-deixar-filmar-os-filhos-sendo-estuprados\/","title":{"rendered":"SURREAL- Pais cobravam 150 reais para deixar filmar os filhos sendo estuprados"},"content":{"rendered":"\n<figure class=\"wp-block-image size-full is-resized\"><img data-opt-id=271910911  fetchpriority=\"high\" decoding=\"async\" src=\"https:\/\/mlbfrsat7ahr.i.optimole.com\/w:auto\/h:auto\/q:mauto\/ig:avif\/https:\/\/noticiasnoface.com.br\/wp-content\/uploads\/2023\/01\/A1AB17D7-9FD5-45B5-9210-BDD848777E9E.jpeg\" alt=\"\" class=\"wp-image-13882\" width=\"290\" height=\"192\" srcset=\"https:\/\/mlbfrsat7ahr.i.optimole.com\/w:622\/h:414\/q:mauto\/ig:avif\/https:\/\/noticiasnoface.com.br\/wp-content\/uploads\/2023\/01\/A1AB17D7-9FD5-45B5-9210-BDD848777E9E.jpeg 622w, https:\/\/mlbfrsat7ahr.i.optimole.com\/w:300\/h:200\/q:mauto\/ig:avif\/https:\/\/noticiasnoface.com.br\/wp-content\/uploads\/2023\/01\/A1AB17D7-9FD5-45B5-9210-BDD848777E9E.jpeg 300w\" sizes=\"(max-width: 290px) 100vw, 290px\" \/><figcaption class=\"wp-element-caption\">A Pol\u00edcia Federal (PF) descobriu que o casal preso, na manh\u00e3 desta quinta-feira (5\/1), durante a\u00a0<a href=\"https:\/\/www.metropoles.com\/distrito-federal\/na-mira\/pf-prende-pai-e-mae-que-estupravam-filhos-e-divulgavam-videos-na-web\" target=\"_blank\" rel=\"noreferrer noopener\">Opera\u00e7\u00e3o Non Matri<\/a>, estuprava os pr\u00f3prios filhos, um garoto de 6 anos e uma menina de 1 ano e 3 meses, para vender o material na internet. Os investigados s\u00e3o um homem de 29 anos e uma mulher, de 31.<br>A coluna Na Mira apurou que o casal cobrava de R$ 150 a R$ 200 para disponibilizar as grava\u00e7\u00f5es com conte\u00fado ilegal. A investiga\u00e7\u00e3o revelou que os crimes ocorriam h\u00e1 ao menos um ano, no munic\u00edpio de Paraty (RJ).<br>As apura\u00e7\u00f5es come\u00e7aram a partir de informa\u00e7\u00f5es repassadas pela Ag\u00eancia da Uni\u00e3o Europeia para a Coopera\u00e7\u00e3o Policial (Europol) ao Servi\u00e7o de Repress\u00e3o a Crimes de \u00d3dio e Pornografia Infantil (Sercopi), da PF.<br>Os policiais analisaram v\u00eddeos divulgados no exterior e constataram que as v\u00edtimas eram brasileiras, moradoras de Paraty. Os pais das crian\u00e7as foram presos por uma equipe da Delegacia de Pol\u00edcia Federal (DPF) em\u00a0<a href=\"https:\/\/www.metropoles.com\/tag\/angra-dos-reis\" target=\"_blank\" rel=\"noreferrer noopener\">Angra dos Reis<\/a>.<\/figcaption><\/figure>\n\n\n\n<figure class=\"wp-block-image size-full\"><img data-opt-id=1221617499  fetchpriority=\"high\" decoding=\"async\" width=\"1024\" height=\"540\" src=\"https:\/\/mlbfrsat7ahr.i.optimole.com\/w:auto\/h:auto\/q:mauto\/ig:avif\/https:\/\/noticiasnoface.com.br\/wp-content\/uploads\/2023\/01\/0F1A55B9-A718-45F9-B5AB-F547BBE8DEC0.webp\" alt=\"\" class=\"wp-image-13883\" srcset=\"https:\/\/mlbfrsat7ahr.i.optimole.com\/w:1024\/h:540\/q:mauto\/ig:avif\/https:\/\/noticiasnoface.com.br\/wp-content\/uploads\/2023\/01\/0F1A55B9-A718-45F9-B5AB-F547BBE8DEC0.webp 1024w, https:\/\/mlbfrsat7ahr.i.optimole.com\/w:300\/h:158\/q:mauto\/ig:avif\/https:\/\/noticiasnoface.com.br\/wp-content\/uploads\/2023\/01\/0F1A55B9-A718-45F9-B5AB-F547BBE8DEC0.webp 300w, https:\/\/mlbfrsat7ahr.i.optimole.com\/w:768\/h:405\/q:mauto\/ig:avif\/https:\/\/noticiasnoface.com.br\/wp-content\/uploads\/2023\/01\/0F1A55B9-A718-45F9-B5AB-F547BBE8DEC0.webp 768w\" sizes=\"(max-width: 1000px) 100vw, 1000px\" \/><figcaption class=\"wp-element-caption\">PF prendeu m\u00e3e e pai suspeitos de estuprar filhos e divulgar v\u00eddeos na internet <\/figcaption><\/figure>\n\n\n\n<figure class=\"wp-block-image size-full\"><img data-opt-id=1144557220  data-opt-src=\"https:\/\/mlbfrsat7ahr.i.optimole.com\/w:auto\/h:auto\/q:mauto\/ig:avif\/https:\/\/noticiasnoface.com.br\/wp-content\/uploads\/2023\/01\/C5672E49-7B68-47C4-AB7C-C4F7A40BAA91.webp\"  decoding=\"async\" width=\"1024\" height=\"768\" src=\"data:image/svg+xml,%3Csvg%20viewBox%3D%220%200%20100%%20100%%22%20width%3D%22100%%22%20height%3D%22100%%22%20xmlns%3D%22http%3A%2F%2Fwww.w3.org%2F2000%2Fsvg%22%3E%3Crect%20width%3D%22100%%22%20height%3D%22100%%22%20fill%3D%22transparent%22%2F%3E%3C%2Fsvg%3E\" alt=\"\" class=\"wp-image-13884\" old-srcset=\"https:\/\/mlbfrsat7ahr.i.optimole.com\/w:1024\/h:768\/q:mauto\/ig:avif\/https:\/\/noticiasnoface.com.br\/wp-content\/uploads\/2023\/01\/C5672E49-7B68-47C4-AB7C-C4F7A40BAA91.webp 1024w, https:\/\/mlbfrsat7ahr.i.optimole.com\/w:300\/h:225\/q:mauto\/ig:avif\/https:\/\/noticiasnoface.com.br\/wp-content\/uploads\/2023\/01\/C5672E49-7B68-47C4-AB7C-C4F7A40BAA91.webp 300w, https:\/\/mlbfrsat7ahr.i.optimole.com\/w:768\/h:576\/q:mauto\/ig:avif\/https:\/\/noticiasnoface.com.br\/wp-content\/uploads\/2023\/01\/C5672E49-7B68-47C4-AB7C-C4F7A40BAA91.webp 768w\" \/><figcaption class=\"wp-element-caption\">Fam\u00edlia morava em Angra dos Reis, no Rio de Janeiro<\/figcaption><\/figure>\n\n\n\n<figure class=\"wp-block-image size-full\"><img data-opt-id=440439879  data-opt-src=\"https:\/\/mlbfrsat7ahr.i.optimole.com\/w:auto\/h:auto\/q:mauto\/ig:avif\/https:\/\/noticiasnoface.com.br\/wp-content\/uploads\/2023\/01\/6E207179-CB4C-4FBF-A25F-DEE8D511FFF3.webp\"  decoding=\"async\" width=\"1024\" height=\"540\" src=\"data:image/svg+xml,%3Csvg%20viewBox%3D%220%200%20100%%20100%%22%20width%3D%22100%%22%20height%3D%22100%%22%20xmlns%3D%22http%3A%2F%2Fwww.w3.org%2F2000%2Fsvg%22%3E%3Crect%20width%3D%22100%%22%20height%3D%22100%%22%20fill%3D%22transparent%22%2F%3E%3C%2Fsvg%3E\" alt=\"\" class=\"wp-image-13885\" old-srcset=\"https:\/\/mlbfrsat7ahr.i.optimole.com\/w:1024\/h:540\/q:mauto\/ig:avif\/https:\/\/noticiasnoface.com.br\/wp-content\/uploads\/2023\/01\/6E207179-CB4C-4FBF-A25F-DEE8D511FFF3.webp 1024w, https:\/\/mlbfrsat7ahr.i.optimole.com\/w:300\/h:158\/q:mauto\/ig:avif\/https:\/\/noticiasnoface.com.br\/wp-content\/uploads\/2023\/01\/6E207179-CB4C-4FBF-A25F-DEE8D511FFF3.webp 300w, https:\/\/mlbfrsat7ahr.i.optimole.com\/w:768\/h:405\/q:mauto\/ig:avif\/https:\/\/noticiasnoface.com.br\/wp-content\/uploads\/2023\/01\/6E207179-CB4C-4FBF-A25F-DEE8D511FFF3.webp 768w\" \/><figcaption class=\"wp-element-caption\">Os investigados responder\u00e3o pelos crimes de\u00a0<a href=\"https:\/\/www.metropoles.com\/tag\/estupro-de-vulneravel\" target=\"_blank\" rel=\"noreferrer noopener\">estupro de vulner\u00e1vel<\/a>, al\u00e9m de compartilhamento e armazenamento de pornografia infantil. Caso condenados, podem pegar pena m\u00e1xima, de 25 anos.<br>O nome da opera\u00e7\u00e3o, \u201cNon Matri\u201d, em tradu\u00e7\u00e3o livre do latim significa \u201cn\u00e3o \u00e9 m\u00e3e\u201d.<\/figcaption><\/figure>\n","protected":false},"excerpt":{"rendered":"","protected":false},"author":1,"featured_media":0,"comment_status":"open","ping_status":"open","sticky":false,"template":"","format":"standard","meta":{"site-sidebar-layout":"default","site-content-layout":"","ast-site-content-layout":"default","site-content-style":"default","site-sidebar-style":"default","ast-global-header-display":"","ast-banner-title-visibility":"","ast-main-header-display":"","ast-hfb-above-header-display":"","ast-hfb-below-header-display":"","ast-hfb-mobile-header-display":"","site-post-title":"","ast-breadcrumbs-content":"","ast-featured-img":"","footer-sml-layout":"","ast-disable-related-posts":"","theme-transparent-header-meta":"","adv-header-id-meta":"","stick-header-meta":"","header-above-stick-meta":"","header-main-stick-meta":"","header-below-stick-meta":"","astra-migrate-meta-layouts":"default","ast-page-background-enabled":"default","ast-page-background-meta":{"desktop":{"background-color":"var(--ast-global-color-4)","background-image":"","background-repeat":"repeat","background-position":"center center","background-size":"auto","background-attachment":"scroll","background-type":"","background-media":"","overlay-type":"","overlay-color":"","overlay-opacity":"","overlay-gradient":""},"tablet":{"background-color":"","background-image":"","background-repeat":"repeat","background-position":"center center","background-size":"auto","background-attachment":"scroll","background-type":"","background-media":"","overlay-type":"","overlay-color":"","overlay-opacity":"","overlay-gradient":""},"mobile":{"background-color":"","background-image":"","background-repeat":"repeat","background-position":"center center","background-size":"auto","background-attachment":"scroll","background-type":"","background-media":"","overlay-type":"","overlay-color":"","overlay-opacity":"","overlay-gradient":""}},"ast-content-background-meta":{"desktop":{"background-color":"var(--ast-global-color-5)","background-image":"","background-repeat":"repeat","background-position":"center center","background-size":"auto","background-attachment":"scroll","background-type":"","background-media":"","overlay-type":"","overlay-color":"","overlay-opacity":"","overlay-gradient":""},"tablet":{"background-color":"var(--ast-global-color-5)","background-image":"","background-repeat":"repeat","background-position":"center center","background-size":"auto","background-attachment":"scroll","background-type":"","background-media":"","overlay-type":"","overlay-color":"","overlay-opacity":"","overlay-gradient":""},"mobile":{"background-color":"var(--ast-global-color-5)","background-image":"","background-repeat":"repeat","background-position":"center center","background-size":"auto","background-attachment":"scroll","background-type":"","background-media":"","overlay-type":"","overlay-color":"","overlay-opacity":"","overlay-gradient":""}},"footnotes":""},"categories":[154],"tags":[1473,1388,50,22,199,1280,409],"class_list":["post-13881","post","type-post","status-publish","format-standard","hentry","category-comportamento","tag-estupro","tag-filmagem","tag-noticias-do-face","tag-noticias-no-face","tag-noticiasnoface","tag-pais","tag-policia-federal"],"_links":{"self":[{"href":"https:\/\/noticiasnoface.com.br\/index.php\/wp-json\/wp\/v2\/posts\/13881","targetHints":{"allow":["GET"]}}],"collection":[{"href":"https:\/\/noticiasnoface.com.br\/index.php\/wp-json\/wp\/v2\/posts"}],"about":[{"href":"https:\/\/noticiasnoface.com.br\/index.php\/wp-json\/wp\/v2\/types\/post"}],"author":[{"embeddable":true,"href":"https:\/\/noticiasnoface.com.br\/index.php\/wp-json\/wp\/v2\/users\/1"}],"replies":[{"embeddable":true,"href":"https:\/\/noticiasnoface.com.br\/index.php\/wp-json\/wp\/v2\/comments?post=13881"}],"version-history":[{"count":1,"href":"https:\/\/noticiasnoface.com.br\/index.php\/wp-json\/wp\/v2\/posts\/13881\/revisions"}],"predecessor-version":[{"id":13886,"href":"https:\/\/noticiasnoface.com.br\/index.php\/wp-json\/wp\/v2\/posts\/13881\/revisions\/13886"}],"wp:attachment":[{"href":"https:\/\/noticiasnoface.com.br\/index.php\/wp-json\/wp\/v2\/media?parent=13881"}],"wp:term":[{"taxonomy":"category","embeddable":true,"href":"https:\/\/noticiasnoface.com.br\/index.php\/wp-json\/wp\/v2\/categories?post=13881"},{"taxonomy":"post_tag","embeddable":true,"href":"https:\/\/noticiasnoface.com.br\/index.php\/wp-json\/wp\/v2\/tags?post=13881"}],"curies":[{"name":"wp","href":"https:\/\/api.w.org\/{rel}","templated":true}]}}