{"id":13891,"date":"2023-01-05T23:42:19","date_gmt":"2023-01-06T02:42:19","guid":{"rendered":"https:\/\/noticiasnoface.com.br\/?p=13891"},"modified":"2023-01-05T23:42:21","modified_gmt":"2023-01-06T02:42:21","slug":"lula-proibiu-ler-a-biblia-no-velorio-de-pele","status":"publish","type":"post","link":"https:\/\/noticiasnoface.com.br\/index.php\/2023\/01\/05\/lula-proibiu-ler-a-biblia-no-velorio-de-pele\/","title":{"rendered":"Lula proibiu ler a B\u00edblia no vel\u00f3rio de Pel\u00e9"},"content":{"rendered":"\n<figure class=\"wp-block-image size-full\"><img data-opt-id=1220270051  fetchpriority=\"high\" decoding=\"async\" width=\"840\" height=\"597\" src=\"https:\/\/mlbfrsat7ahr.i.optimole.com\/w:auto\/h:auto\/q:mauto\/ig:avif\/https:\/\/noticiasnoface.com.br\/wp-content\/uploads\/2023\/01\/4C3A0CE0-C7C4-497B-9594-6A2AFF7C99A4.jpeg\" alt=\"\" class=\"wp-image-13892\" srcset=\"https:\/\/mlbfrsat7ahr.i.optimole.com\/w:840\/h:597\/q:mauto\/ig:avif\/https:\/\/noticiasnoface.com.br\/wp-content\/uploads\/2023\/01\/4C3A0CE0-C7C4-497B-9594-6A2AFF7C99A4.jpeg 840w, https:\/\/mlbfrsat7ahr.i.optimole.com\/w:300\/h:213\/q:mauto\/ig:avif\/https:\/\/noticiasnoface.com.br\/wp-content\/uploads\/2023\/01\/4C3A0CE0-C7C4-497B-9594-6A2AFF7C99A4.jpeg 300w, https:\/\/mlbfrsat7ahr.i.optimole.com\/w:768\/h:546\/q:mauto\/ig:avif\/https:\/\/noticiasnoface.com.br\/wp-content\/uploads\/2023\/01\/4C3A0CE0-C7C4-497B-9594-6A2AFF7C99A4.jpeg 768w\" sizes=\"(max-width: 840px) 100vw, 840px\" \/><figcaption class=\"wp-element-caption\">Lula n\u00e3o aceita ler b\u00edblia durante vel\u00f3rio de Pel\u00e9<br>Nesta ter\u00e7a-feira (3), Lula (PT) esteve no vel\u00f3rio de Edson Arantes do Nascimento, o Pel\u00e9, e foi convidade pelo padre que conduzia o rito de ora\u00e7\u00f5es para ler um trecho da b\u00edblia, mas o mandat\u00e1rio se recusou.<br>A informa\u00e7\u00e3o \u00e9 do pastor Charlston Soares, que participou do vel\u00f3rio e publicou sobre o ocorrido nas redes sociais. Ele ainda afirmou que os religiosos no local respeitaram a decis\u00e3o do presidente.<br>Na chegada do presidente ao local onde era realizado o vel\u00f3rio do ex-atleta, ele foi hostilizado pelos presentes.<\/figcaption><\/figure>\n","protected":false},"excerpt":{"rendered":"","protected":false},"author":1,"featured_media":0,"comment_status":"open","ping_status":"open","sticky":false,"template":"","format":"standard","meta":{"site-sidebar-layout":"default","site-content-layout":"","ast-site-content-layout":"default","site-content-style":"default","site-sidebar-style":"default","ast-global-header-display":"","ast-banner-title-visibility":"","ast-main-header-display":"","ast-hfb-above-header-display":"","ast-hfb-below-header-display":"","ast-hfb-mobile-header-display":"","site-post-title":"","ast-breadcrumbs-content":"","ast-featured-img":"","footer-sml-layout":"","ast-disable-related-posts":"","theme-transparent-header-meta":"","adv-header-id-meta":"","stick-header-meta":"","header-above-stick-meta":"","header-main-stick-meta":"","header-below-stick-meta":"","astra-migrate-meta-layouts":"default","ast-page-background-enabled":"default","ast-page-background-meta":{"desktop":{"background-color":"var(--ast-global-color-4)","background-image":"","background-repeat":"repeat","background-position":"center center","background-size":"auto","background-attachment":"scroll","background-type":"","background-media":"","overlay-type":"","overlay-color":"","overlay-opacity":"","overlay-gradient":""},"tablet":{"background-color":"","background-image":"","background-repeat":"repeat","background-position":"center center","background-size":"auto","background-attachment":"scroll","background-type":"","background-media":"","overlay-type":"","overlay-color":"","overlay-opacity":"","overlay-gradient":""},"mobile":{"background-color":"","background-image":"","background-repeat":"repeat","background-position":"center center","background-size":"auto","background-attachment":"scroll","background-type":"","background-media":"","overlay-type":"","overlay-color":"","overlay-opacity":"","overlay-gradient":""}},"ast-content-background-meta":{"desktop":{"background-color":"var(--ast-global-color-5)","background-image":"","background-repeat":"repeat","background-position":"center center","background-size":"auto","background-attachment":"scroll","background-type":"","background-media":"","overlay-type":"","overlay-color":"","overlay-opacity":"","overlay-gradient":""},"tablet":{"background-color":"var(--ast-global-color-5)","background-image":"","background-repeat":"repeat","background-position":"center center","background-size":"auto","background-attachment":"scroll","background-type":"","background-media":"","overlay-type":"","overlay-color":"","overlay-opacity":"","overlay-gradient":""},"mobile":{"background-color":"var(--ast-global-color-5)","background-image":"","background-repeat":"repeat","background-position":"center center","background-size":"auto","background-attachment":"scroll","background-type":"","background-media":"","overlay-type":"","overlay-color":"","overlay-opacity":"","overlay-gradient":""}},"footnotes":""},"categories":[517],"tags":[215,50,22,199,2058,2371],"class_list":["post-13891","post","type-post","status-publish","format-standard","hentry","category-aconteceu","tag-lula","tag-noticias-do-face","tag-noticias-no-face","tag-noticiasnoface","tag-presidente-lula","tag-velorio-de-pele"],"_links":{"self":[{"href":"https:\/\/noticiasnoface.com.br\/index.php\/wp-json\/wp\/v2\/posts\/13891","targetHints":{"allow":["GET"]}}],"collection":[{"href":"https:\/\/noticiasnoface.com.br\/index.php\/wp-json\/wp\/v2\/posts"}],"about":[{"href":"https:\/\/noticiasnoface.com.br\/index.php\/wp-json\/wp\/v2\/types\/post"}],"author":[{"embeddable":true,"href":"https:\/\/noticiasnoface.com.br\/index.php\/wp-json\/wp\/v2\/users\/1"}],"replies":[{"embeddable":true,"href":"https:\/\/noticiasnoface.com.br\/index.php\/wp-json\/wp\/v2\/comments?post=13891"}],"version-history":[{"count":1,"href":"https:\/\/noticiasnoface.com.br\/index.php\/wp-json\/wp\/v2\/posts\/13891\/revisions"}],"predecessor-version":[{"id":13893,"href":"https:\/\/noticiasnoface.com.br\/index.php\/wp-json\/wp\/v2\/posts\/13891\/revisions\/13893"}],"wp:attachment":[{"href":"https:\/\/noticiasnoface.com.br\/index.php\/wp-json\/wp\/v2\/media?parent=13891"}],"wp:term":[{"taxonomy":"category","embeddable":true,"href":"https:\/\/noticiasnoface.com.br\/index.php\/wp-json\/wp\/v2\/categories?post=13891"},{"taxonomy":"post_tag","embeddable":true,"href":"https:\/\/noticiasnoface.com.br\/index.php\/wp-json\/wp\/v2\/tags?post=13891"}],"curies":[{"name":"wp","href":"https:\/\/api.w.org\/{rel}","templated":true}]}}