{"id":13901,"date":"2023-01-06T11:18:32","date_gmt":"2023-01-06T14:18:32","guid":{"rendered":"https:\/\/noticiasnoface.com.br\/?p=13901"},"modified":"2023-01-06T11:18:34","modified_gmt":"2023-01-06T14:18:34","slug":"deputado-pede-estudo-para-retorno-do-aeroporto-augusto-severo","status":"publish","type":"post","link":"https:\/\/noticiasnoface.com.br\/index.php\/2023\/01\/06\/deputado-pede-estudo-para-retorno-do-aeroporto-augusto-severo\/","title":{"rendered":"Deputado pede estudo para retorno do aeroporto Augusto severo"},"content":{"rendered":"\n<figure class=\"wp-block-image size-large\"><img data-opt-id=148184016  fetchpriority=\"high\" decoding=\"async\" width=\"913\" height=\"1024\" src=\"https:\/\/mlbfrsat7ahr.i.optimole.com\/w:913\/h:1024\/q:mauto\/ig:avif\/https:\/\/noticiasnoface.com.br\/wp-content\/uploads\/2023\/01\/1234B858-8C01-4D2C-A325-B7B6090C2F6B.jpeg\" alt=\"\" class=\"wp-image-13902\" srcset=\"https:\/\/mlbfrsat7ahr.i.optimole.com\/w:913\/h:1024\/q:mauto\/ig:avif\/https:\/\/noticiasnoface.com.br\/wp-content\/uploads\/2023\/01\/1234B858-8C01-4D2C-A325-B7B6090C2F6B.jpeg 913w, https:\/\/mlbfrsat7ahr.i.optimole.com\/w:267\/h:300\/q:mauto\/ig:avif\/https:\/\/noticiasnoface.com.br\/wp-content\/uploads\/2023\/01\/1234B858-8C01-4D2C-A325-B7B6090C2F6B.jpeg 267w, https:\/\/mlbfrsat7ahr.i.optimole.com\/w:768\/h:861\/q:mauto\/ig:avif\/https:\/\/noticiasnoface.com.br\/wp-content\/uploads\/2023\/01\/1234B858-8C01-4D2C-A325-B7B6090C2F6B.jpeg 768w, https:\/\/mlbfrsat7ahr.i.optimole.com\/w:962\/h:1080\/q:mauto\/ig:avif\/https:\/\/noticiasnoface.com.br\/wp-content\/uploads\/2023\/01\/1234B858-8C01-4D2C-A325-B7B6090C2F6B.jpeg 1242w\" sizes=\"(max-width: 913px) 100vw, 913px\" \/><figcaption class=\"wp-element-caption\">DEPUTADO FEDERAL THIAGO CARTAXO SOLICITA ESTUDO DE VIABILIDADE PARA O RETORNO DAS ATIVIDADES DO AEROPORTO AUGUSTO SEVERO EM PARNAMIRIM.<br>O requerimento 029\/2023 solicita a reativa\u00e7\u00e3o do aeroporto por meio de parceria entre os Minist\u00e9rios da infraestutura, Minist\u00e9rio da Defesa, Aeron\u00e1utica e Prefeitura local, para que mediante a estudo t\u00e9cnico possa analisar o impacto negativo que foi a remo\u00e7\u00e3o do Aeroporto Augusto Severo.<br>At\u00e9 os dias atuais ainda h\u00e1 uma perda de renda da popula\u00e7\u00e3o e de arrecada\u00e7\u00e3o municipal pela retirada deste equipamento t\u00e3o importante para Parnamirim e para o RN.<br>Vale salientar que este requerimento n\u00e3o \u00e9 para fechamento do aeroporto atual de S\u00e3o Gon\u00e7alo, e sim para que possa haver a op\u00e7\u00e3o dos turistas e usuarios dos servi\u00e7os escolher para onde querem se dirigir em suas viajens. Hoje no local do aeropoprto funciona um apagado centro cultural sem expressividade e sem gera\u00e7\u00e3o de emprego e renda, que pode muito bem ser anexado a uma futura reativa\u00e7\u00e3o do aeroporto at\u00e9 mesmo como atrativo para a comunidade daquele munic\u00edpio.<br>Portanto na qualidade de Deputado Federal do RN, gostaria de solicitar com brevidade um estudo e uma a\u00e7\u00e3o eficaz para que possamos trazer a alegria e o orgulho de volta ao povo de Parnamirim em ter o Aeroporto Augusto Severo de volta a ativa.<\/figcaption><\/figure>\n","protected":false},"excerpt":{"rendered":"","protected":false},"author":1,"featured_media":0,"comment_status":"open","ping_status":"open","sticky":false,"template":"","format":"standard","meta":{"site-sidebar-layout":"default","site-content-layout":"","ast-site-content-layout":"default","site-content-style":"default","site-sidebar-style":"default","ast-global-header-display":"","ast-banner-title-visibility":"","ast-main-header-display":"","ast-hfb-above-header-display":"","ast-hfb-below-header-display":"","ast-hfb-mobile-header-display":"","site-post-title":"","ast-breadcrumbs-content":"","ast-featured-img":"","footer-sml-layout":"","ast-disable-related-posts":"","theme-transparent-header-meta":"","adv-header-id-meta":"","stick-header-meta":"","header-above-stick-meta":"","header-main-stick-meta":"","header-below-stick-meta":"","astra-migrate-meta-layouts":"default","ast-page-background-enabled":"default","ast-page-background-meta":{"desktop":{"background-color":"var(--ast-global-color-4)","background-image":"","background-repeat":"repeat","background-position":"center center","background-size":"auto","background-attachment":"scroll","background-type":"","background-media":"","overlay-type":"","overlay-color":"","overlay-opacity":"","overlay-gradient":""},"tablet":{"background-color":"","background-image":"","background-repeat":"repeat","background-position":"center center","background-size":"auto","background-attachment":"scroll","background-type":"","background-media":"","overlay-type":"","overlay-color":"","overlay-opacity":"","overlay-gradient":""},"mobile":{"background-color":"","background-image":"","background-repeat":"repeat","background-position":"center center","background-size":"auto","background-attachment":"scroll","background-type":"","background-media":"","overlay-type":"","overlay-color":"","overlay-opacity":"","overlay-gradient":""}},"ast-content-background-meta":{"desktop":{"background-color":"var(--ast-global-color-5)","background-image":"","background-repeat":"repeat","background-position":"center center","background-size":"auto","background-attachment":"scroll","background-type":"","background-media":"","overlay-type":"","overlay-color":"","overlay-opacity":"","overlay-gradient":""},"tablet":{"background-color":"var(--ast-global-color-5)","background-image":"","background-repeat":"repeat","background-position":"center center","background-size":"auto","background-attachment":"scroll","background-type":"","background-media":"","overlay-type":"","overlay-color":"","overlay-opacity":"","overlay-gradient":""},"mobile":{"background-color":"var(--ast-global-color-5)","background-image":"","background-repeat":"repeat","background-position":"center center","background-size":"auto","background-attachment":"scroll","background-type":"","background-media":"","overlay-type":"","overlay-color":"","overlay-opacity":"","overlay-gradient":""}},"footnotes":""},"categories":[517],"tags":[2375,50,22,199,2166],"class_list":["post-13901","post","type-post","status-publish","format-standard","hentry","category-aconteceu","tag-deputado-thiago-cartaxo","tag-noticias-do-face","tag-noticias-no-face","tag-noticiasnoface","tag-thiago-cartaxo"],"_links":{"self":[{"href":"https:\/\/noticiasnoface.com.br\/index.php\/wp-json\/wp\/v2\/posts\/13901","targetHints":{"allow":["GET"]}}],"collection":[{"href":"https:\/\/noticiasnoface.com.br\/index.php\/wp-json\/wp\/v2\/posts"}],"about":[{"href":"https:\/\/noticiasnoface.com.br\/index.php\/wp-json\/wp\/v2\/types\/post"}],"author":[{"embeddable":true,"href":"https:\/\/noticiasnoface.com.br\/index.php\/wp-json\/wp\/v2\/users\/1"}],"replies":[{"embeddable":true,"href":"https:\/\/noticiasnoface.com.br\/index.php\/wp-json\/wp\/v2\/comments?post=13901"}],"version-history":[{"count":1,"href":"https:\/\/noticiasnoface.com.br\/index.php\/wp-json\/wp\/v2\/posts\/13901\/revisions"}],"predecessor-version":[{"id":13903,"href":"https:\/\/noticiasnoface.com.br\/index.php\/wp-json\/wp\/v2\/posts\/13901\/revisions\/13903"}],"wp:attachment":[{"href":"https:\/\/noticiasnoface.com.br\/index.php\/wp-json\/wp\/v2\/media?parent=13901"}],"wp:term":[{"taxonomy":"category","embeddable":true,"href":"https:\/\/noticiasnoface.com.br\/index.php\/wp-json\/wp\/v2\/categories?post=13901"},{"taxonomy":"post_tag","embeddable":true,"href":"https:\/\/noticiasnoface.com.br\/index.php\/wp-json\/wp\/v2\/tags?post=13901"}],"curies":[{"name":"wp","href":"https:\/\/api.w.org\/{rel}","templated":true}]}}