{"id":13923,"date":"2023-01-06T23:56:42","date_gmt":"2023-01-07T02:56:42","guid":{"rendered":"https:\/\/noticiasnoface.com.br\/?p=13923"},"modified":"2023-01-06T23:56:44","modified_gmt":"2023-01-07T02:56:44","slug":"leandro-karnal-assume-namoro-com-garoto-de-25-anos-conheca-o-boy","status":"publish","type":"post","link":"https:\/\/noticiasnoface.com.br\/index.php\/2023\/01\/06\/leandro-karnal-assume-namoro-com-garoto-de-25-anos-conheca-o-boy\/","title":{"rendered":"Leandro Karnal assume namoro com garoto de 25 anos, conhe\u00e7a o Boy"},"content":{"rendered":"\n<figure class=\"wp-block-image size-full\"><img data-opt-id=1247351092  fetchpriority=\"high\" decoding=\"async\" width=\"470\" height=\"264\" src=\"https:\/\/mlbfrsat7ahr.i.optimole.com\/w:auto\/h:auto\/q:mauto\/ig:avif\/https:\/\/noticiasnoface.com.br\/wp-content\/uploads\/2023\/01\/E51B64F9-7F0A-4D08-89A0-5DDE91876B13.jpeg\" alt=\"\" class=\"wp-image-13924\" srcset=\"https:\/\/mlbfrsat7ahr.i.optimole.com\/w:470\/h:264\/q:mauto\/ig:avif\/https:\/\/noticiasnoface.com.br\/wp-content\/uploads\/2023\/01\/E51B64F9-7F0A-4D08-89A0-5DDE91876B13.jpeg 470w, https:\/\/mlbfrsat7ahr.i.optimole.com\/w:300\/h:169\/q:mauto\/ig:avif\/https:\/\/noticiasnoface.com.br\/wp-content\/uploads\/2023\/01\/E51B64F9-7F0A-4D08-89A0-5DDE91876B13.jpeg 300w\" sizes=\"(max-width: 470px) 100vw, 470px\" \/><figcaption class=\"wp-element-caption\">Conhecido por n\u00e3o revelar detalhes de sua vida pessoal,<a href=\"https:\/\/www.estadao.com.br\/tudo-sobre\/leandro-karnal\/\" target=\"_blank\" rel=\"noreferrer noopener\"><strong>\u00a0Leandro Karnal<\/strong><\/a>, de 59 anos, colunista do\u00a0<strong>Estad\u00e3o<\/strong>, assumiu um relacionamento de quatro anos com o cantor e influenciador\u00a0<strong>Vitor Fadul<\/strong>, de 27 anos, nesta sexta-feira, 6. O historiador anunciou a uni\u00e3o est\u00e1vel com o artista em uma publica\u00e7\u00e3o nas redes sociais.<br><a href=\"https:\/\/www.estadao.com.br\/cultura\/colunas\/voce-e-normal\/\" target=\"_blank\" rel=\"noopener\"><br><\/a>\u201cEntro na segunda semana da viagem de f\u00e9rias com meu marido, Vitor Fadul. O amor \u00e9 um dom e uma conquista. Entramos no quarto ano de vida em comum\u201d, escreveu ele no Instagram.<br>O artista, que tem cerca de 80 mil seguidores na rede social at\u00e9 o momento desta publica\u00e7\u00e3o, nasceu em Itanha\u00e9m, litoral de S\u00e3o Paulo, mas cresceu na periferia da zona leste da capital paulistana.<br>A rela\u00e7\u00e3o de Fadul com a m\u00fasica come\u00e7ou ainda crian\u00e7a quando, aos cinco anos, cantava em uma igreja evang\u00e9lica com o pai. Al\u00e9m disso, mais jovem, estudou teatro e m\u00e1gica.<br>No Spotify&#8217;s o perfil de Fadul tem 145 ouvintes mensais at\u00e9 o momento desta publica\u00e7\u00e3o. Algumas faixas, no entanto, acumulam mais de 1 milh\u00e3o de plays, como \u00e9 o caso de\u00a0<em>Freshness<\/em>, single lan\u00e7ado em 2021.<\/figcaption><\/figure>\n","protected":false},"excerpt":{"rendered":"","protected":false},"author":1,"featured_media":0,"comment_status":"open","ping_status":"open","sticky":false,"template":"","format":"standard","meta":{"site-sidebar-layout":"default","site-content-layout":"","ast-site-content-layout":"default","site-content-style":"default","site-sidebar-style":"default","ast-global-header-display":"","ast-banner-title-visibility":"","ast-main-header-display":"","ast-hfb-above-header-display":"","ast-hfb-below-header-display":"","ast-hfb-mobile-header-display":"","site-post-title":"","ast-breadcrumbs-content":"","ast-featured-img":"","footer-sml-layout":"","ast-disable-related-posts":"","theme-transparent-header-meta":"","adv-header-id-meta":"","stick-header-meta":"","header-above-stick-meta":"","header-main-stick-meta":"","header-below-stick-meta":"","astra-migrate-meta-layouts":"default","ast-page-background-enabled":"default","ast-page-background-meta":{"desktop":{"background-color":"var(--ast-global-color-4)","background-image":"","background-repeat":"repeat","background-position":"center center","background-size":"auto","background-attachment":"scroll","background-type":"","background-media":"","overlay-type":"","overlay-color":"","overlay-opacity":"","overlay-gradient":""},"tablet":{"background-color":"","background-image":"","background-repeat":"repeat","background-position":"center center","background-size":"auto","background-attachment":"scroll","background-type":"","background-media":"","overlay-type":"","overlay-color":"","overlay-opacity":"","overlay-gradient":""},"mobile":{"background-color":"","background-image":"","background-repeat":"repeat","background-position":"center center","background-size":"auto","background-attachment":"scroll","background-type":"","background-media":"","overlay-type":"","overlay-color":"","overlay-opacity":"","overlay-gradient":""}},"ast-content-background-meta":{"desktop":{"background-color":"var(--ast-global-color-5)","background-image":"","background-repeat":"repeat","background-position":"center center","background-size":"auto","background-attachment":"scroll","background-type":"","background-media":"","overlay-type":"","overlay-color":"","overlay-opacity":"","overlay-gradient":""},"tablet":{"background-color":"var(--ast-global-color-5)","background-image":"","background-repeat":"repeat","background-position":"center center","background-size":"auto","background-attachment":"scroll","background-type":"","background-media":"","overlay-type":"","overlay-color":"","overlay-opacity":"","overlay-gradient":""},"mobile":{"background-color":"var(--ast-global-color-5)","background-image":"","background-repeat":"repeat","background-position":"center center","background-size":"auto","background-attachment":"scroll","background-type":"","background-media":"","overlay-type":"","overlay-color":"","overlay-opacity":"","overlay-gradient":""}},"footnotes":""},"categories":[154],"tags":[1872,2378,357,50,22,199],"class_list":["post-13923","post","type-post","status-publish","format-standard","hentry","category-comportamento","tag-garoto","tag-leandro-karnall","tag-namorado","tag-noticias-do-face","tag-noticias-no-face","tag-noticiasnoface"],"_links":{"self":[{"href":"https:\/\/noticiasnoface.com.br\/index.php\/wp-json\/wp\/v2\/posts\/13923","targetHints":{"allow":["GET"]}}],"collection":[{"href":"https:\/\/noticiasnoface.com.br\/index.php\/wp-json\/wp\/v2\/posts"}],"about":[{"href":"https:\/\/noticiasnoface.com.br\/index.php\/wp-json\/wp\/v2\/types\/post"}],"author":[{"embeddable":true,"href":"https:\/\/noticiasnoface.com.br\/index.php\/wp-json\/wp\/v2\/users\/1"}],"replies":[{"embeddable":true,"href":"https:\/\/noticiasnoface.com.br\/index.php\/wp-json\/wp\/v2\/comments?post=13923"}],"version-history":[{"count":1,"href":"https:\/\/noticiasnoface.com.br\/index.php\/wp-json\/wp\/v2\/posts\/13923\/revisions"}],"predecessor-version":[{"id":13925,"href":"https:\/\/noticiasnoface.com.br\/index.php\/wp-json\/wp\/v2\/posts\/13923\/revisions\/13925"}],"wp:attachment":[{"href":"https:\/\/noticiasnoface.com.br\/index.php\/wp-json\/wp\/v2\/media?parent=13923"}],"wp:term":[{"taxonomy":"category","embeddable":true,"href":"https:\/\/noticiasnoface.com.br\/index.php\/wp-json\/wp\/v2\/categories?post=13923"},{"taxonomy":"post_tag","embeddable":true,"href":"https:\/\/noticiasnoface.com.br\/index.php\/wp-json\/wp\/v2\/tags?post=13923"}],"curies":[{"name":"wp","href":"https:\/\/api.w.org\/{rel}","templated":true}]}}