{"id":13926,"date":"2023-01-07T07:42:52","date_gmt":"2023-01-07T10:42:52","guid":{"rendered":"https:\/\/noticiasnoface.com.br\/?p=13926"},"modified":"2023-01-07T07:42:54","modified_gmt":"2023-01-07T10:42:54","slug":"alexandre-de-moraes-mandar-prender-manifestantes","status":"publish","type":"post","link":"https:\/\/noticiasnoface.com.br\/index.php\/2023\/01\/07\/alexandre-de-moraes-mandar-prender-manifestantes\/","title":{"rendered":"Alexandre de Moraes mandar prender  manifestantes"},"content":{"rendered":"\n<figure class=\"wp-block-image size-full\"><img data-opt-id=2100646238  fetchpriority=\"high\" decoding=\"async\" width=\"300\" height=\"225\" src=\"https:\/\/mlbfrsat7ahr.i.optimole.com\/w:auto\/h:auto\/q:mauto\/ig:avif\/https:\/\/noticiasnoface.com.br\/wp-content\/uploads\/2023\/01\/2EF319CB-FE17-486D-BA3E-F3C938E9CF00.png\" alt=\"\" class=\"wp-image-13927\"\/><figcaption class=\"wp-element-caption\">O entendimento \u00e9 do ministro Alexandre de Moraes, do Supremo Tribunal Federal, que\u00a0converteu em preventiva a pris\u00e3o tempor\u00e1ria de 11 investigados por atos de vandalismo cometidos perto da sede da Pol\u00edcia Federal em Bras\u00edlia.\u00a0A decis\u00e3o est\u00e1 em sigilo.\u00a0<br>Em 12 de dezembro do ano passado, bolsonaristas tentaram invadir a sede da PF em Bras\u00edlia e atearam fogo em ve\u00edculos. Uma delegacia de pol\u00edcia tamb\u00e9m foi alvo de ataques.<br>Depois do epis\u00f3dio, quatro pessoas foram presas temporariamente. Os outros sete investigados tiveram a pris\u00e3o decretada, mas n\u00e3o foram encontrados e continuam foragidos.\u00a0<br>Segundo Alexandre, h\u00e1 elementos de prova indicando amea\u00e7as contra o presidente Luiz In\u00e1cio Lula da Silva (PT) e ministros do STF. A atua\u00e7\u00e3o, segundo o magistrado, foi\u00a0&#8220;organizada e coordenada&#8221;.\u00a0<br>O ministro tamb\u00e9m afirmou que h\u00e1 ind\u00edcios dos crimes de dano qualificado, inc\u00eandio majorado, associa\u00e7\u00e3o criminosa, aboli\u00e7\u00e3o violenta do Estado democr\u00e1tico de Direito e golpe de Estado.\u00a0<br>Por fim, ele argumentou que,\u00a0mesmo com a posse de Lula, h\u00e1 atos antidemocr\u00e1ticos em alguns pontos do pa\u00eds e por meio de manifesta\u00e7\u00f5es nas redes sociais, o que justifica\u00a0a necessidade da pris\u00e3o preventiva.\u00a0<\/figcaption><\/figure>\n","protected":false},"excerpt":{"rendered":"","protected":false},"author":1,"featured_media":0,"comment_status":"open","ping_status":"open","sticky":false,"template":"","format":"standard","meta":{"site-sidebar-layout":"default","site-content-layout":"","ast-site-content-layout":"default","site-content-style":"default","site-sidebar-style":"default","ast-global-header-display":"","ast-banner-title-visibility":"","ast-main-header-display":"","ast-hfb-above-header-display":"","ast-hfb-below-header-display":"","ast-hfb-mobile-header-display":"","site-post-title":"","ast-breadcrumbs-content":"","ast-featured-img":"","footer-sml-layout":"","ast-disable-related-posts":"","theme-transparent-header-meta":"","adv-header-id-meta":"","stick-header-meta":"","header-above-stick-meta":"","header-main-stick-meta":"","header-below-stick-meta":"","astra-migrate-meta-layouts":"default","ast-page-background-enabled":"default","ast-page-background-meta":{"desktop":{"background-color":"var(--ast-global-color-4)","background-image":"","background-repeat":"repeat","background-position":"center center","background-size":"auto","background-attachment":"scroll","background-type":"","background-media":"","overlay-type":"","overlay-color":"","overlay-opacity":"","overlay-gradient":""},"tablet":{"background-color":"","background-image":"","background-repeat":"repeat","background-position":"center center","background-size":"auto","background-attachment":"scroll","background-type":"","background-media":"","overlay-type":"","overlay-color":"","overlay-opacity":"","overlay-gradient":""},"mobile":{"background-color":"","background-image":"","background-repeat":"repeat","background-position":"center center","background-size":"auto","background-attachment":"scroll","background-type":"","background-media":"","overlay-type":"","overlay-color":"","overlay-opacity":"","overlay-gradient":""}},"ast-content-background-meta":{"desktop":{"background-color":"var(--ast-global-color-5)","background-image":"","background-repeat":"repeat","background-position":"center center","background-size":"auto","background-attachment":"scroll","background-type":"","background-media":"","overlay-type":"","overlay-color":"","overlay-opacity":"","overlay-gradient":""},"tablet":{"background-color":"var(--ast-global-color-5)","background-image":"","background-repeat":"repeat","background-position":"center center","background-size":"auto","background-attachment":"scroll","background-type":"","background-media":"","overlay-type":"","overlay-color":"","overlay-opacity":"","overlay-gradient":""},"mobile":{"background-color":"var(--ast-global-color-5)","background-image":"","background-repeat":"repeat","background-position":"center center","background-size":"auto","background-attachment":"scroll","background-type":"","background-media":"","overlay-type":"","overlay-color":"","overlay-opacity":"","overlay-gradient":""}},"footnotes":""},"categories":[517],"tags":[9,126,2379],"class_list":["post-13926","post","type-post","status-publish","format-standard","hentry","category-aconteceu","tag-alexandre-de-moraes","tag-ministro-alexandre-de-moraes","tag-prender"],"_links":{"self":[{"href":"https:\/\/noticiasnoface.com.br\/index.php\/wp-json\/wp\/v2\/posts\/13926","targetHints":{"allow":["GET"]}}],"collection":[{"href":"https:\/\/noticiasnoface.com.br\/index.php\/wp-json\/wp\/v2\/posts"}],"about":[{"href":"https:\/\/noticiasnoface.com.br\/index.php\/wp-json\/wp\/v2\/types\/post"}],"author":[{"embeddable":true,"href":"https:\/\/noticiasnoface.com.br\/index.php\/wp-json\/wp\/v2\/users\/1"}],"replies":[{"embeddable":true,"href":"https:\/\/noticiasnoface.com.br\/index.php\/wp-json\/wp\/v2\/comments?post=13926"}],"version-history":[{"count":1,"href":"https:\/\/noticiasnoface.com.br\/index.php\/wp-json\/wp\/v2\/posts\/13926\/revisions"}],"predecessor-version":[{"id":13928,"href":"https:\/\/noticiasnoface.com.br\/index.php\/wp-json\/wp\/v2\/posts\/13926\/revisions\/13928"}],"wp:attachment":[{"href":"https:\/\/noticiasnoface.com.br\/index.php\/wp-json\/wp\/v2\/media?parent=13926"}],"wp:term":[{"taxonomy":"category","embeddable":true,"href":"https:\/\/noticiasnoface.com.br\/index.php\/wp-json\/wp\/v2\/categories?post=13926"},{"taxonomy":"post_tag","embeddable":true,"href":"https:\/\/noticiasnoface.com.br\/index.php\/wp-json\/wp\/v2\/tags?post=13926"}],"curies":[{"name":"wp","href":"https:\/\/api.w.org\/{rel}","templated":true}]}}