{"id":13929,"date":"2023-01-07T09:38:50","date_gmt":"2023-01-07T12:38:50","guid":{"rendered":"https:\/\/noticiasnoface.com.br\/?p=13929"},"modified":"2023-01-07T09:42:03","modified_gmt":"2023-01-07T12:42:03","slug":"governo-federal-aumenta-taxa-do-mei","status":"publish","type":"post","link":"https:\/\/noticiasnoface.com.br\/index.php\/2023\/01\/07\/governo-federal-aumenta-taxa-do-mei\/","title":{"rendered":"Governo LULA aumenta taxa do MEI"},"content":{"rendered":"\n<figure class=\"wp-block-image size-full\"><img data-opt-id=661456694  fetchpriority=\"high\" decoding=\"async\" width=\"225\" height=\"225\" src=\"https:\/\/mlbfrsat7ahr.i.optimole.com\/w:auto\/h:auto\/q:mauto\/ig:avif\/https:\/\/noticiasnoface.com.br\/wp-content\/uploads\/2023\/01\/2129C196-305E-46D2-999C-E810B63BFEDB.png\" alt=\"\" class=\"wp-image-13930\" srcset=\"https:\/\/mlbfrsat7ahr.i.optimole.com\/w:225\/h:225\/q:mauto\/ig:avif\/https:\/\/noticiasnoface.com.br\/wp-content\/uploads\/2023\/01\/2129C196-305E-46D2-999C-E810B63BFEDB.png 225w, https:\/\/mlbfrsat7ahr.i.optimole.com\/w:150\/h:150\/q:mauto\/ig:avif\/https:\/\/noticiasnoface.com.br\/wp-content\/uploads\/2023\/01\/2129C196-305E-46D2-999C-E810B63BFEDB.png 150w\" sizes=\"(max-width: 225px) 100vw, 225px\" \/><figcaption class=\"wp-element-caption\">A partir de fevereiro, os cerca de 14 milh\u00f5es de microempreendedores individuais (MEI) registrados no pa\u00eds pagar\u00e3o R$ 66 para contribu\u00edrem com a Previd\u00eancia Social, um aumento de quase 9%.<br \/><br \/>O reajuste valer\u00e1 apenas para os boletos com vencimento a partir de 20 de fevereiro. A cota deste m\u00eas, que vence em 20 de janeiro, continuar\u00e1 a ser paga pelo valor antigo, de R$ 60,60.<br \/>Para os MEI caminhoneiros, que contribuem mais para a Previd\u00eancia Social, a contribui\u00e7\u00e3o passar\u00e1 de R$ 145,44 para R$ 158,40.<br \/>Os valores levam em conta a prov\u00e1vel edi\u00e7\u00e3o de uma medida provis\u00f3ria, nos pr\u00f3ximos dias, que eleve o sal\u00e1rio m\u00ednimo para R$ 1.320. At\u00e9 agora, o sal\u00e1rio m\u00ednimo para 2023 est\u00e1 fixado em R$ 1.302, conforme <a rel=\"noreferrer noopener\" href=\"https:\/\/agenciabrasil.ebc.com.br\/economia\/noticia\/2022-12\/salario-minimo-sobe-para-r-1302-em-1o-de-janeiro\" target=\"_blank\">medida provis\u00f3ria editada<\/a> pelo governo anterior em meados de dezembro.<br \/>Recolhimento<br \/>Profissionais aut\u00f4nomos com regime tribut\u00e1rio e previdenci\u00e1rio simplificado, os microempreendedores individuais recolhem 5% do sal\u00e1rio m\u00ednimo por m\u00eas para o Instituto Nacional do Seguro Social (INSS). Os MEI caminheiros contribuem com 12% do sal\u00e1rio m\u00ednimo.<br \/>O restante da contribui\u00e7\u00e3o mensal varia conforme o ramo de atua\u00e7\u00e3o. Os trabalhadores que exercem atividades ligadas ao com\u00e9rcio e \u00e0 ind\u00fastria pagam R$ 1 a mais referente ao Imposto sobre a Circula\u00e7\u00e3o de Mercadorias e Servi\u00e7os (ICMS), administrado pelo estado onde mora. Os profissionais que executam servi\u00e7os recolhem R$ 5 a mais de Imposto sobre Servi\u00e7os (ISS), administrado pelo munic\u00edpio onde habita.<br \/>Ao contribu\u00edrem para o INSS, os microempreendedores individuais passam a ter direito \u00e0 aposentadoria por idade, aux\u00edlio-doen\u00e7a, sal\u00e1rio-maternidade, aux\u00edlio-reclus\u00e3o e pens\u00e3o por morte. Al\u00e9m disso, a Receita Federal fornece um Cadastro Nacional da Pessoa Jur\u00eddica (CNPJ) aos MEI, que podem emitir notas fiscais e obter cr\u00e9dito com condi\u00e7\u00f5es especiais.<br \/>O boleto mensal do Documento de Arrecada\u00e7\u00e3o Simplificada do MEI (DAS-MEI) pode ser gerado no <a rel=\"noreferrer noopener\" href=\"https:\/\/www.gov.br\/empresas-e-negocios\/pt-br\/empreendedor\" target=\"_blank\">Portal do Empreendedor<\/a> . As parcelas vencem no dia 20 de cada m\u00eas.<br \/><br \/><br \/><\/figcaption><\/figure>\n","protected":false},"excerpt":{"rendered":"","protected":false},"author":1,"featured_media":0,"comment_status":"open","ping_status":"open","sticky":false,"template":"","format":"standard","meta":{"site-sidebar-layout":"default","site-content-layout":"","ast-site-content-layout":"default","site-content-style":"default","site-sidebar-style":"default","ast-global-header-display":"","ast-banner-title-visibility":"","ast-main-header-display":"","ast-hfb-above-header-display":"","ast-hfb-below-header-display":"","ast-hfb-mobile-header-display":"","site-post-title":"","ast-breadcrumbs-content":"","ast-featured-img":"","footer-sml-layout":"","ast-disable-related-posts":"","theme-transparent-header-meta":"","adv-header-id-meta":"","stick-header-meta":"","header-above-stick-meta":"","header-main-stick-meta":"","header-below-stick-meta":"","astra-migrate-meta-layouts":"default","ast-page-background-enabled":"default","ast-page-background-meta":{"desktop":{"background-color":"var(--ast-global-color-4)","background-image":"","background-repeat":"repeat","background-position":"center center","background-size":"auto","background-attachment":"scroll","background-type":"","background-media":"","overlay-type":"","overlay-color":"","overlay-opacity":"","overlay-gradient":""},"tablet":{"background-color":"","background-image":"","background-repeat":"repeat","background-position":"center center","background-size":"auto","background-attachment":"scroll","background-type":"","background-media":"","overlay-type":"","overlay-color":"","overlay-opacity":"","overlay-gradient":""},"mobile":{"background-color":"","background-image":"","background-repeat":"repeat","background-position":"center center","background-size":"auto","background-attachment":"scroll","background-type":"","background-media":"","overlay-type":"","overlay-color":"","overlay-opacity":"","overlay-gradient":""}},"ast-content-background-meta":{"desktop":{"background-color":"var(--ast-global-color-5)","background-image":"","background-repeat":"repeat","background-position":"center center","background-size":"auto","background-attachment":"scroll","background-type":"","background-media":"","overlay-type":"","overlay-color":"","overlay-opacity":"","overlay-gradient":""},"tablet":{"background-color":"var(--ast-global-color-5)","background-image":"","background-repeat":"repeat","background-position":"center center","background-size":"auto","background-attachment":"scroll","background-type":"","background-media":"","overlay-type":"","overlay-color":"","overlay-opacity":"","overlay-gradient":""},"mobile":{"background-color":"var(--ast-global-color-5)","background-image":"","background-repeat":"repeat","background-position":"center center","background-size":"auto","background-attachment":"scroll","background-type":"","background-media":"","overlay-type":"","overlay-color":"","overlay-opacity":"","overlay-gradient":""}},"footnotes":""},"categories":[165],"tags":[2380,238,2009,50,22,199],"class_list":["post-13929","post","type-post","status-publish","format-standard","hentry","category-economia","tag-aumento","tag-governo-federal","tag-mei","tag-noticias-do-face","tag-noticias-no-face","tag-noticiasnoface"],"_links":{"self":[{"href":"https:\/\/noticiasnoface.com.br\/index.php\/wp-json\/wp\/v2\/posts\/13929","targetHints":{"allow":["GET"]}}],"collection":[{"href":"https:\/\/noticiasnoface.com.br\/index.php\/wp-json\/wp\/v2\/posts"}],"about":[{"href":"https:\/\/noticiasnoface.com.br\/index.php\/wp-json\/wp\/v2\/types\/post"}],"author":[{"embeddable":true,"href":"https:\/\/noticiasnoface.com.br\/index.php\/wp-json\/wp\/v2\/users\/1"}],"replies":[{"embeddable":true,"href":"https:\/\/noticiasnoface.com.br\/index.php\/wp-json\/wp\/v2\/comments?post=13929"}],"version-history":[{"count":4,"href":"https:\/\/noticiasnoface.com.br\/index.php\/wp-json\/wp\/v2\/posts\/13929\/revisions"}],"predecessor-version":[{"id":13934,"href":"https:\/\/noticiasnoface.com.br\/index.php\/wp-json\/wp\/v2\/posts\/13929\/revisions\/13934"}],"wp:attachment":[{"href":"https:\/\/noticiasnoface.com.br\/index.php\/wp-json\/wp\/v2\/media?parent=13929"}],"wp:term":[{"taxonomy":"category","embeddable":true,"href":"https:\/\/noticiasnoface.com.br\/index.php\/wp-json\/wp\/v2\/categories?post=13929"},{"taxonomy":"post_tag","embeddable":true,"href":"https:\/\/noticiasnoface.com.br\/index.php\/wp-json\/wp\/v2\/tags?post=13929"}],"curies":[{"name":"wp","href":"https:\/\/api.w.org\/{rel}","templated":true}]}}