{"id":13974,"date":"2023-01-09T09:32:18","date_gmt":"2023-01-09T12:32:18","guid":{"rendered":"https:\/\/noticiasnoface.com.br\/?p=13974"},"modified":"2023-01-09T09:38:24","modified_gmt":"2023-01-09T12:38:24","slug":"bolsonaro-inelegivel","status":"publish","type":"post","link":"https:\/\/noticiasnoface.com.br\/index.php\/2023\/01\/09\/bolsonaro-inelegivel\/","title":{"rendered":"Bolsonaro ineleg\u00edvel"},"content":{"rendered":"\n<figure class=\"wp-block-image size-full\"><img data-opt-id=808114443  fetchpriority=\"high\" decoding=\"async\" width=\"300\" height=\"168\" src=\"https:\/\/mlbfrsat7ahr.i.optimole.com\/w:auto\/h:auto\/q:mauto\/ig:avif\/https:\/\/noticiasnoface.com.br\/wp-content\/uploads\/2023\/01\/4C5008D1-90C9-45DC-BC5F-E46464BE08AF.jpeg\" alt=\"\" class=\"wp-image-13975\"\/><figcaption class=\"wp-element-caption\">D\u00e1-se como certo no Supremo Tribunal Federal que Jair Messias Bolsonaro deixar\u00e1 de ser eleg\u00edvel e que Ibaneis Rocha (MDB), governador do Distrito Federal, ou renunciar\u00e1 ao cargo ou acabar\u00e1 impedido pelo Superior Tribunal de Justi\u00e7a.<br \/>Os dois constru\u00edram \u00e1libis fr\u00e1geis para escapar da acusa\u00e7\u00e3o de que estimularam a tentativa de golpe de Estado. Bolsonaro fugiu para Orlando, nos Estados Unidos, com a inten\u00e7\u00e3o de alegar mais tarde que nada teve a ver com o que aconteceu durante sua aus\u00eancia.<br \/>Ibaneis vazou um \u00e1udio onde seu Secret\u00e1rio de Seguran\u00e7a P\u00fablica interino lhe diz mais de 10 vezes que n\u00e3o havia risco de atos violentos na manifesta\u00e7\u00e3o dos bolsonaristas programada para ontem na Esplanada dos Minist\u00e9rios. Ibaneis teria acreditado nele.<br \/>A puni\u00e7\u00e3o a Ibaneis veio a galope: o ministro Alexandre de Moraes afastou-o do cargo por 90 dias. De nada adiantou ele gravar um v\u00eddeo onde pede desculpas a Lula, aos presidentes da C\u00e2mara dos Deputados e do Senado, e a ministros do Supremo.<br \/>A puni\u00e7\u00e3o a Bolsonaro vai demorar mais um pouco. Mas que ele n\u00e3o ouse voltar t\u00e3o cedo ao pa\u00eds. Se voltar, estar\u00e1 sujeito a ser preso de um momento para o outro. Os militares tamb\u00e9m t\u00eam culpa no cart\u00f3rio, mas tentar punir alguns deles seria arriscado demais.<br \/>\u00c0 ministra Rosa Weber, Lula contou que a partir de hoje os acampamentos de golpistas \u00e0 porta de quart\u00e9is ser\u00e3o desmontados. Foi tudo acertado com o Alto Comando das For\u00e7as Armadas. Na d\u00favida, Alexandre de Moraes baixou uma ordem nesse sentido.<br \/>Bras\u00edlia foi o palco do golpe, mas ele se alimentaria tamb\u00e9m de a\u00e7\u00f5es em outros Estados. As a\u00e7\u00f5es foram abortadas por governadores e suas pol\u00edcias civis e militares. \u00c9 uma hist\u00f3ria que em parte ser\u00e1 melhor contada nos pr\u00f3ximos dias.<br \/>Bolsonaro e seus terroristas conseguiram a proeza de unir o pa\u00eds em torno de quem os derrotou \u2013 n\u00e3o por ele se chamar Lula, mas por ter sido eleito defendendo a democracia. Se antes, Bolsonaro atirou no pr\u00f3prio p\u00e9, desta vez mirou na pr\u00f3pria cabe\u00e7a, e acertou. VIA METR\u00d3POLES <\/figcaption><\/figure>\n","protected":false},"excerpt":{"rendered":"","protected":false},"author":1,"featured_media":0,"comment_status":"open","ping_status":"open","sticky":false,"template":"","format":"standard","meta":{"site-sidebar-layout":"default","site-content-layout":"","ast-site-content-layout":"default","site-content-style":"default","site-sidebar-style":"default","ast-global-header-display":"","ast-banner-title-visibility":"","ast-main-header-display":"","ast-hfb-above-header-display":"","ast-hfb-below-header-display":"","ast-hfb-mobile-header-display":"","site-post-title":"","ast-breadcrumbs-content":"","ast-featured-img":"","footer-sml-layout":"","ast-disable-related-posts":"","theme-transparent-header-meta":"","adv-header-id-meta":"","stick-header-meta":"","header-above-stick-meta":"","header-main-stick-meta":"","header-below-stick-meta":"","astra-migrate-meta-layouts":"default","ast-page-background-enabled":"default","ast-page-background-meta":{"desktop":{"background-color":"var(--ast-global-color-4)","background-image":"","background-repeat":"repeat","background-position":"center center","background-size":"auto","background-attachment":"scroll","background-type":"","background-media":"","overlay-type":"","overlay-color":"","overlay-opacity":"","overlay-gradient":""},"tablet":{"background-color":"","background-image":"","background-repeat":"repeat","background-position":"center center","background-size":"auto","background-attachment":"scroll","background-type":"","background-media":"","overlay-type":"","overlay-color":"","overlay-opacity":"","overlay-gradient":""},"mobile":{"background-color":"","background-image":"","background-repeat":"repeat","background-position":"center center","background-size":"auto","background-attachment":"scroll","background-type":"","background-media":"","overlay-type":"","overlay-color":"","overlay-opacity":"","overlay-gradient":""}},"ast-content-background-meta":{"desktop":{"background-color":"var(--ast-global-color-5)","background-image":"","background-repeat":"repeat","background-position":"center center","background-size":"auto","background-attachment":"scroll","background-type":"","background-media":"","overlay-type":"","overlay-color":"","overlay-opacity":"","overlay-gradient":""},"tablet":{"background-color":"var(--ast-global-color-5)","background-image":"","background-repeat":"repeat","background-position":"center center","background-size":"auto","background-attachment":"scroll","background-type":"","background-media":"","overlay-type":"","overlay-color":"","overlay-opacity":"","overlay-gradient":""},"mobile":{"background-color":"var(--ast-global-color-5)","background-image":"","background-repeat":"repeat","background-position":"center center","background-size":"auto","background-attachment":"scroll","background-type":"","background-media":"","overlay-type":"","overlay-color":"","overlay-opacity":"","overlay-gradient":""}},"footnotes":""},"categories":[517],"tags":[9,8,1288,126,50,22,199],"class_list":["post-13974","post","type-post","status-publish","format-standard","hentry","category-aconteceu","tag-alexandre-de-moraes","tag-bolsonaro","tag-jair-bolsonaro","tag-ministro-alexandre-de-moraes","tag-noticias-do-face","tag-noticias-no-face","tag-noticiasnoface"],"_links":{"self":[{"href":"https:\/\/noticiasnoface.com.br\/index.php\/wp-json\/wp\/v2\/posts\/13974","targetHints":{"allow":["GET"]}}],"collection":[{"href":"https:\/\/noticiasnoface.com.br\/index.php\/wp-json\/wp\/v2\/posts"}],"about":[{"href":"https:\/\/noticiasnoface.com.br\/index.php\/wp-json\/wp\/v2\/types\/post"}],"author":[{"embeddable":true,"href":"https:\/\/noticiasnoface.com.br\/index.php\/wp-json\/wp\/v2\/users\/1"}],"replies":[{"embeddable":true,"href":"https:\/\/noticiasnoface.com.br\/index.php\/wp-json\/wp\/v2\/comments?post=13974"}],"version-history":[{"count":3,"href":"https:\/\/noticiasnoface.com.br\/index.php\/wp-json\/wp\/v2\/posts\/13974\/revisions"}],"predecessor-version":[{"id":13978,"href":"https:\/\/noticiasnoface.com.br\/index.php\/wp-json\/wp\/v2\/posts\/13974\/revisions\/13978"}],"wp:attachment":[{"href":"https:\/\/noticiasnoface.com.br\/index.php\/wp-json\/wp\/v2\/media?parent=13974"}],"wp:term":[{"taxonomy":"category","embeddable":true,"href":"https:\/\/noticiasnoface.com.br\/index.php\/wp-json\/wp\/v2\/categories?post=13974"},{"taxonomy":"post_tag","embeddable":true,"href":"https:\/\/noticiasnoface.com.br\/index.php\/wp-json\/wp\/v2\/tags?post=13974"}],"curies":[{"name":"wp","href":"https:\/\/api.w.org\/{rel}","templated":true}]}}