{"id":13985,"date":"2023-01-09T12:23:48","date_gmt":"2023-01-09T15:23:48","guid":{"rendered":"https:\/\/noticiasnoface.com.br\/?p=13985"},"modified":"2023-01-09T12:29:17","modified_gmt":"2023-01-09T15:29:17","slug":"apresentadora-luciana-gimenez-sofre-grave-acidente","status":"publish","type":"post","link":"https:\/\/noticiasnoface.com.br\/index.php\/2023\/01\/09\/apresentadora-luciana-gimenez-sofre-grave-acidente\/","title":{"rendered":"Apresentadora Luciana Gim\u00e9nez sofre grave acidente"},"content":{"rendered":"\n<figure class=\"wp-block-image size-full\"><img data-opt-id=1133687921  fetchpriority=\"high\" decoding=\"async\" width=\"924\" height=\"580\" src=\"https:\/\/mlbfrsat7ahr.i.optimole.com\/w:auto\/h:auto\/q:mauto\/ig:avif\/https:\/\/noticiasnoface.com.br\/wp-content\/uploads\/2023\/01\/0C0CB528-E7AA-4044-8EF5-D90AA8C7AD68.webp\" alt=\"\" class=\"wp-image-13986\" srcset=\"https:\/\/mlbfrsat7ahr.i.optimole.com\/w:924\/h:580\/q:mauto\/ig:avif\/https:\/\/noticiasnoface.com.br\/wp-content\/uploads\/2023\/01\/0C0CB528-E7AA-4044-8EF5-D90AA8C7AD68.webp 924w, https:\/\/mlbfrsat7ahr.i.optimole.com\/w:300\/h:188\/q:mauto\/ig:avif\/https:\/\/noticiasnoface.com.br\/wp-content\/uploads\/2023\/01\/0C0CB528-E7AA-4044-8EF5-D90AA8C7AD68.webp 300w, https:\/\/mlbfrsat7ahr.i.optimole.com\/w:768\/h:482\/q:mauto\/ig:avif\/https:\/\/noticiasnoface.com.br\/wp-content\/uploads\/2023\/01\/0C0CB528-E7AA-4044-8EF5-D90AA8C7AD68.webp 768w\" sizes=\"(max-width: 924px) 100vw, 924px\" \/><figcaption class=\"wp-element-caption\"><a href=\"https:\/\/revistaquem.globo.com\/famoso\/luciana-gimenez\/\" target=\"_blank\" rel=\"noopener\">Luciana Gimenez<\/a>, de 53 anos, sofreu um acidente em uma esta\u00e7\u00e3o de esqui em Aspen, nos Estados Unidos, e precisou fazer uma cirurgia de emerg\u00eancia. Ap\u00f3s uma publica\u00e7\u00e3o misteriosa aparecer no Instagram da apresentadora, na madrugada desta segunda-feira (9), em que ela aparece na cama de um hospital com aparelhos, um boletim informativo foi divulgado pela assessoria de imprensa dela.<br \/><br \/>&#8220;A apresentadora Luciana Gimenez, na tarde do \u00faltimo s\u00e1bado (7), teve um acidente enquanto esquiava em Aspen, nos Estados Unidos. Luciana curtia dias de f\u00e9rias com os filhos,&nbsp;<strong>Lucas&nbsp;<\/strong>e&nbsp;<strong>Lorenzo<\/strong>, e esquiava em alta velocidade em uma pista mais \u00edngreme. Ao tentar parar, aconteceu o acidente&#8221;, explica o comunicado oficial, que tamb\u00e9m fala do estado de sa\u00fade da ex-modelo.<br \/>&#8220;A apresentadora foi imediatamente atendida na pista e, na sequ\u00eancia, levada de ambul\u00e2ncia para o hospital local. Com fortes dores, passou por exames que confirmaram a fratura em quatro lugares diferentes da perna e foi constatada a necessidade de uma cirurgia de emerg\u00eancia que foi muito bem sucedida. Luciana j\u00e1 se encontra em recupera\u00e7\u00e3o, no quarto, acompanhada pelo filho mais velho, Lucas. Sua alta est\u00e1 prevista para essa segunda (9)&#8221;, conclui.<br \/><br \/>Em recente entrevista a Quem, Luciana disse ter tido um ano dif\u00edcil em 2022 e&nbsp;<a href=\"https:\/\/revistaquem.globo.com\/entrevistas\/noticia\/2022\/12\/luciana-gimenez-diz-ter-levado-uma-chacoalhada-em-2022-qualquer-mudanca-me-afeta.ghtml\" target=\"_blank\" rel=\"noopener\">afirma ter levado uma chacoalhada da vida<\/a>. A apresentadora, que espera ter um 2023 melhor, estava curtindo dias de f\u00e9rias com a fam\u00edlia antes de come\u00e7ar a trabalhar em novos projetos no Brasil.&nbsp;<br \/>&#8220;Para eu mudar alguma coisa na minha vida \u00e9 muito dif\u00edcil. Ent\u00e3o agrade\u00e7o por ter sido chacoalhada assim no meu mundo, como todos foram nos \u00faltimos tempos. Foi um ano interessante de desafios pessoais. S\u00f3 posso agradecer porque muitas coisas d\u00e3o certo. Outras d\u00e3o errado, mas do balan\u00e7o geral do ano, acho que me sa\u00ed bem&#8221;, avaliou.<br \/>&#8220;Foi um ano de bastante mudan\u00e7a. Sou uma pessoa que sente muito tudo. Ent\u00e3o qualquer mudan\u00e7a me afeta. \u00c0s vezes essa adapta\u00e7\u00e3o para as pessoas mais sens\u00edveis \u00e0s mudan\u00e7as, como eu, \u00e9 uma coisa impactante. Mas \u00e9 preciso me adaptar&#8221;, completou.<\/figcaption><\/figure>\n\n\n\n<figure class=\"wp-block-image size-large\"><img data-opt-id=1682195578  fetchpriority=\"high\" decoding=\"async\" width=\"941\" height=\"1024\" src=\"https:\/\/mlbfrsat7ahr.i.optimole.com\/w:941\/h:1024\/q:mauto\/ig:avif\/https:\/\/noticiasnoface.com.br\/wp-content\/uploads\/2023\/01\/img_9581.jpg\" alt=\"\" class=\"wp-image-13988\" srcset=\"https:\/\/mlbfrsat7ahr.i.optimole.com\/w:941\/h:1024\/q:mauto\/ig:avif\/https:\/\/noticiasnoface.com.br\/wp-content\/uploads\/2023\/01\/img_9581.jpg 941w, https:\/\/mlbfrsat7ahr.i.optimole.com\/w:276\/h:300\/q:mauto\/ig:avif\/https:\/\/noticiasnoface.com.br\/wp-content\/uploads\/2023\/01\/img_9581.jpg 276w, https:\/\/mlbfrsat7ahr.i.optimole.com\/w:768\/h:836\/q:mauto\/ig:avif\/https:\/\/noticiasnoface.com.br\/wp-content\/uploads\/2023\/01\/img_9581.jpg 768w, https:\/\/mlbfrsat7ahr.i.optimole.com\/w:992\/h:1080\/q:mauto\/ig:avif\/https:\/\/noticiasnoface.com.br\/wp-content\/uploads\/2023\/01\/img_9581.jpg 1242w\" sizes=\"(max-width: 941px) 100vw, 941px\" \/><\/figure>\n","protected":false},"excerpt":{"rendered":"","protected":false},"author":1,"featured_media":0,"comment_status":"open","ping_status":"open","sticky":false,"template":"","format":"standard","meta":{"site-sidebar-layout":"default","site-content-layout":"","ast-site-content-layout":"default","site-content-style":"default","site-sidebar-style":"default","ast-global-header-display":"","ast-banner-title-visibility":"","ast-main-header-display":"","ast-hfb-above-header-display":"","ast-hfb-below-header-display":"","ast-hfb-mobile-header-display":"","site-post-title":"","ast-breadcrumbs-content":"","ast-featured-img":"","footer-sml-layout":"","ast-disable-related-posts":"","theme-transparent-header-meta":"","adv-header-id-meta":"","stick-header-meta":"","header-above-stick-meta":"","header-main-stick-meta":"","header-below-stick-meta":"","astra-migrate-meta-layouts":"default","ast-page-background-enabled":"default","ast-page-background-meta":{"desktop":{"background-color":"var(--ast-global-color-4)","background-image":"","background-repeat":"repeat","background-position":"center center","background-size":"auto","background-attachment":"scroll","background-type":"","background-media":"","overlay-type":"","overlay-color":"","overlay-opacity":"","overlay-gradient":""},"tablet":{"background-color":"","background-image":"","background-repeat":"repeat","background-position":"center center","background-size":"auto","background-attachment":"scroll","background-type":"","background-media":"","overlay-type":"","overlay-color":"","overlay-opacity":"","overlay-gradient":""},"mobile":{"background-color":"","background-image":"","background-repeat":"repeat","background-position":"center center","background-size":"auto","background-attachment":"scroll","background-type":"","background-media":"","overlay-type":"","overlay-color":"","overlay-opacity":"","overlay-gradient":""}},"ast-content-background-meta":{"desktop":{"background-color":"var(--ast-global-color-5)","background-image":"","background-repeat":"repeat","background-position":"center center","background-size":"auto","background-attachment":"scroll","background-type":"","background-media":"","overlay-type":"","overlay-color":"","overlay-opacity":"","overlay-gradient":""},"tablet":{"background-color":"var(--ast-global-color-5)","background-image":"","background-repeat":"repeat","background-position":"center center","background-size":"auto","background-attachment":"scroll","background-type":"","background-media":"","overlay-type":"","overlay-color":"","overlay-opacity":"","overlay-gradient":""},"mobile":{"background-color":"var(--ast-global-color-5)","background-image":"","background-repeat":"repeat","background-position":"center center","background-size":"auto","background-attachment":"scroll","background-type":"","background-media":"","overlay-type":"","overlay-color":"","overlay-opacity":"","overlay-gradient":""}},"footnotes":""},"categories":[517],"tags":[2392,2391,2390,50,22],"class_list":["post-13985","post","type-post","status-publish","format-standard","hentry","category-aconteceu","tag-aspen","tag-grave-acidente","tag-luciana-gimenez","tag-noticias-do-face","tag-noticias-no-face"],"_links":{"self":[{"href":"https:\/\/noticiasnoface.com.br\/index.php\/wp-json\/wp\/v2\/posts\/13985","targetHints":{"allow":["GET"]}}],"collection":[{"href":"https:\/\/noticiasnoface.com.br\/index.php\/wp-json\/wp\/v2\/posts"}],"about":[{"href":"https:\/\/noticiasnoface.com.br\/index.php\/wp-json\/wp\/v2\/types\/post"}],"author":[{"embeddable":true,"href":"https:\/\/noticiasnoface.com.br\/index.php\/wp-json\/wp\/v2\/users\/1"}],"replies":[{"embeddable":true,"href":"https:\/\/noticiasnoface.com.br\/index.php\/wp-json\/wp\/v2\/comments?post=13985"}],"version-history":[{"count":3,"href":"https:\/\/noticiasnoface.com.br\/index.php\/wp-json\/wp\/v2\/posts\/13985\/revisions"}],"predecessor-version":[{"id":13990,"href":"https:\/\/noticiasnoface.com.br\/index.php\/wp-json\/wp\/v2\/posts\/13985\/revisions\/13990"}],"wp:attachment":[{"href":"https:\/\/noticiasnoface.com.br\/index.php\/wp-json\/wp\/v2\/media?parent=13985"}],"wp:term":[{"taxonomy":"category","embeddable":true,"href":"https:\/\/noticiasnoface.com.br\/index.php\/wp-json\/wp\/v2\/categories?post=13985"},{"taxonomy":"post_tag","embeddable":true,"href":"https:\/\/noticiasnoface.com.br\/index.php\/wp-json\/wp\/v2\/tags?post=13985"}],"curies":[{"name":"wp","href":"https:\/\/api.w.org\/{rel}","templated":true}]}}