{"id":14013,"date":"2023-01-10T10:12:08","date_gmt":"2023-01-10T13:12:08","guid":{"rendered":"https:\/\/noticiasnoface.com.br\/?p=14013"},"modified":"2023-01-10T10:12:10","modified_gmt":"2023-01-10T13:12:10","slug":"faz-o-l-guararapes-fecha-fabrica-e-demite-2-mil-funcionarios-apos-fala-de-lula","status":"publish","type":"post","link":"https:\/\/noticiasnoface.com.br\/index.php\/2023\/01\/10\/faz-o-l-guararapes-fecha-fabrica-e-demite-2-mil-funcionarios-apos-fala-de-lula\/","title":{"rendered":"FAZ O &#8220;L&#8221;- Guararapes fecha f\u00e1brica e demite 2 mil funcion\u00e1rios ap\u00f3s fala de Lula"},"content":{"rendered":"\n<figure class=\"wp-block-image size-full\"><img data-opt-id=976072386  fetchpriority=\"high\" decoding=\"async\" width=\"274\" height=\"184\" src=\"https:\/\/mlbfrsat7ahr.i.optimole.com\/w:auto\/h:auto\/q:mauto\/ig:avif\/https:\/\/noticiasnoface.com.br\/wp-content\/uploads\/2023\/01\/E3FD2A1C-C4B9-41A9-B83B-8FF5495C8CCC.jpeg\" alt=\"\" class=\"wp-image-14014\"\/><figcaption class=\"wp-element-caption\">A not\u00edcia publicada pelo Di\u00e1rio do Nordeste pegou muita gente de surpresa: o ano nem bem come\u00e7ou, com a chegada de Lula ao poder, e o Grupo Guararapes demitiu mais de 2 mil funcion\u00e1rios e fechou a f\u00e1brica que tinha em Fortaleza, no Cear\u00e1.\u00a0<br>Por meio de comunicado oficial enviado a imprensa, o Grupo que controla as Lojas Riachuelo, afirmou que vai centralizar sua produ\u00e7\u00e3o na f\u00e1brica de Natal, no Rio Grande do Norte. Antes do encerramento oficial, algumas fun\u00e7\u00f5es j\u00e1 vinham sendo informadas extraoficialmente sobre o fim das opera\u00e7\u00f5es em Fortaleza, sendo oferecidas a elas a transfer\u00eancia para Natal ou para S\u00e3o Paulo, ou ainda o desligamento.<br><strong>Veja a nota do grupo:\u00a0<\/strong><br><em>O Grupo Guararapes informa que ir\u00e1 centralizar sua produ\u00e7\u00e3o fabril em Natal, no Rio Grande do Norte. A decis\u00e3o faz parte do planejamento estrat\u00e9gico da companhia com foco em otimizar a opera\u00e7\u00e3o fabril para intensificar efici\u00eancia, competitividade e diversifica\u00e7\u00e3o de produtos. O modelo de neg\u00f3cio integrado do grupo permanece inalterado, preservando a cadeia de fornecimento nacional.<\/em><br><em>Vale frisar que a Guararapes preza, primordialmente, pelo cuidado e olhar humano, assim todos aqueles que foram afetados por essa decis\u00e3o j\u00e1 est\u00e3o recebendo a assist\u00eancia devida juntamente com um pacote extra para auxiliar nesse per\u00edodo.\u00a0<\/em><br><em>A todos foi oferecido a extens\u00e3o do plano de sa\u00fade pelo dobro do aviso pr\u00e9vio e o valor de meio piso salarial. As m\u00e1quinas de costura industrial foram doadas \u00e0s costureiras e aos demais foi fornecido um adicional de mais um sal\u00e1rio.\u00a0<\/em><br><em>A Guararapes tem uma rela\u00e7\u00e3o de longa data com o Cear\u00e1 e seguir\u00e1 atuando no estado por meio de suas lojas.<\/em><br>Fonte: Blog do Gustavo Negreiros<\/figcaption><\/figure>\n","protected":false},"excerpt":{"rendered":"","protected":false},"author":1,"featured_media":0,"comment_status":"open","ping_status":"open","sticky":false,"template":"","format":"standard","meta":{"site-sidebar-layout":"default","site-content-layout":"","ast-site-content-layout":"default","site-content-style":"default","site-sidebar-style":"default","ast-global-header-display":"","ast-banner-title-visibility":"","ast-main-header-display":"","ast-hfb-above-header-display":"","ast-hfb-below-header-display":"","ast-hfb-mobile-header-display":"","site-post-title":"","ast-breadcrumbs-content":"","ast-featured-img":"","footer-sml-layout":"","ast-disable-related-posts":"","theme-transparent-header-meta":"","adv-header-id-meta":"","stick-header-meta":"","header-above-stick-meta":"","header-main-stick-meta":"","header-below-stick-meta":"","astra-migrate-meta-layouts":"default","ast-page-background-enabled":"default","ast-page-background-meta":{"desktop":{"background-color":"var(--ast-global-color-4)","background-image":"","background-repeat":"repeat","background-position":"center center","background-size":"auto","background-attachment":"scroll","background-type":"","background-media":"","overlay-type":"","overlay-color":"","overlay-opacity":"","overlay-gradient":""},"tablet":{"background-color":"","background-image":"","background-repeat":"repeat","background-position":"center center","background-size":"auto","background-attachment":"scroll","background-type":"","background-media":"","overlay-type":"","overlay-color":"","overlay-opacity":"","overlay-gradient":""},"mobile":{"background-color":"","background-image":"","background-repeat":"repeat","background-position":"center center","background-size":"auto","background-attachment":"scroll","background-type":"","background-media":"","overlay-type":"","overlay-color":"","overlay-opacity":"","overlay-gradient":""}},"ast-content-background-meta":{"desktop":{"background-color":"var(--ast-global-color-5)","background-image":"","background-repeat":"repeat","background-position":"center center","background-size":"auto","background-attachment":"scroll","background-type":"","background-media":"","overlay-type":"","overlay-color":"","overlay-opacity":"","overlay-gradient":""},"tablet":{"background-color":"var(--ast-global-color-5)","background-image":"","background-repeat":"repeat","background-position":"center center","background-size":"auto","background-attachment":"scroll","background-type":"","background-media":"","overlay-type":"","overlay-color":"","overlay-opacity":"","overlay-gradient":""},"mobile":{"background-color":"var(--ast-global-color-5)","background-image":"","background-repeat":"repeat","background-position":"center center","background-size":"auto","background-attachment":"scroll","background-type":"","background-media":"","overlay-type":"","overlay-color":"","overlay-opacity":"","overlay-gradient":""}},"footnotes":""},"categories":[517],"tags":[762,2399,2398,50,22],"class_list":["post-14013","post","type-post","status-publish","format-standard","hentry","category-aconteceu","tag-demissao","tag-fabrica","tag-gurarapes","tag-noticias-do-face","tag-noticias-no-face"],"_links":{"self":[{"href":"https:\/\/noticiasnoface.com.br\/index.php\/wp-json\/wp\/v2\/posts\/14013","targetHints":{"allow":["GET"]}}],"collection":[{"href":"https:\/\/noticiasnoface.com.br\/index.php\/wp-json\/wp\/v2\/posts"}],"about":[{"href":"https:\/\/noticiasnoface.com.br\/index.php\/wp-json\/wp\/v2\/types\/post"}],"author":[{"embeddable":true,"href":"https:\/\/noticiasnoface.com.br\/index.php\/wp-json\/wp\/v2\/users\/1"}],"replies":[{"embeddable":true,"href":"https:\/\/noticiasnoface.com.br\/index.php\/wp-json\/wp\/v2\/comments?post=14013"}],"version-history":[{"count":1,"href":"https:\/\/noticiasnoface.com.br\/index.php\/wp-json\/wp\/v2\/posts\/14013\/revisions"}],"predecessor-version":[{"id":14015,"href":"https:\/\/noticiasnoface.com.br\/index.php\/wp-json\/wp\/v2\/posts\/14013\/revisions\/14015"}],"wp:attachment":[{"href":"https:\/\/noticiasnoface.com.br\/index.php\/wp-json\/wp\/v2\/media?parent=14013"}],"wp:term":[{"taxonomy":"category","embeddable":true,"href":"https:\/\/noticiasnoface.com.br\/index.php\/wp-json\/wp\/v2\/categories?post=14013"},{"taxonomy":"post_tag","embeddable":true,"href":"https:\/\/noticiasnoface.com.br\/index.php\/wp-json\/wp\/v2\/tags?post=14013"}],"curies":[{"name":"wp","href":"https:\/\/api.w.org\/{rel}","templated":true}]}}