{"id":14016,"date":"2023-01-10T17:15:26","date_gmt":"2023-01-10T20:15:26","guid":{"rendered":"https:\/\/noticiasnoface.com.br\/?p=14016"},"modified":"2023-01-10T17:35:18","modified_gmt":"2023-01-10T20:35:18","slug":"urgente-alexandre-de-moraes-manda-perder-o-ex-ministro-da-justica-anderson-torres","status":"publish","type":"post","link":"https:\/\/noticiasnoface.com.br\/index.php\/2023\/01\/10\/urgente-alexandre-de-moraes-manda-perder-o-ex-ministro-da-justica-anderson-torres\/","title":{"rendered":"URGENTE &#8211; Alexandre de Moraes manda prender o ex-ministro da justi\u00e7a Anderson Torres"},"content":{"rendered":"\n<figure class=\"wp-block-image size-large\"><img data-opt-id=871830363  fetchpriority=\"high\" decoding=\"async\" width=\"1024\" height=\"1024\" src=\"https:\/\/mlbfrsat7ahr.i.optimole.com\/w:1024\/h:1024\/q:mauto\/ig:avif\/https:\/\/noticiasnoface.com.br\/wp-content\/uploads\/2023\/01\/1F0A25F5-D2E8-438E-A86E-D256C86A8908.jpeg\" alt=\"\" class=\"wp-image-14017\" srcset=\"https:\/\/mlbfrsat7ahr.i.optimole.com\/w:1024\/h:1024\/q:mauto\/ig:avif\/https:\/\/noticiasnoface.com.br\/wp-content\/uploads\/2023\/01\/1F0A25F5-D2E8-438E-A86E-D256C86A8908.jpeg 1024w, https:\/\/mlbfrsat7ahr.i.optimole.com\/w:300\/h:300\/q:mauto\/ig:avif\/https:\/\/noticiasnoface.com.br\/wp-content\/uploads\/2023\/01\/1F0A25F5-D2E8-438E-A86E-D256C86A8908.jpeg 300w, https:\/\/mlbfrsat7ahr.i.optimole.com\/w:150\/h:150\/q:mauto\/ig:avif\/https:\/\/noticiasnoface.com.br\/wp-content\/uploads\/2023\/01\/1F0A25F5-D2E8-438E-A86E-D256C86A8908.jpeg 150w, https:\/\/mlbfrsat7ahr.i.optimole.com\/w:768\/h:768\/q:mauto\/ig:avif\/https:\/\/noticiasnoface.com.br\/wp-content\/uploads\/2023\/01\/1F0A25F5-D2E8-438E-A86E-D256C86A8908.jpeg 768w, https:\/\/mlbfrsat7ahr.i.optimole.com\/w:1080\/h:1080\/q:mauto\/ig:avif\/https:\/\/noticiasnoface.com.br\/wp-content\/uploads\/2023\/01\/1F0A25F5-D2E8-438E-A86E-D256C86A8908.jpeg 1536w, https:\/\/mlbfrsat7ahr.i.optimole.com\/w:1080\/h:1080\/q:mauto\/ig:avif\/https:\/\/noticiasnoface.com.br\/wp-content\/uploads\/2023\/01\/1F0A25F5-D2E8-438E-A86E-D256C86A8908.jpeg 2048w, https:\/\/mlbfrsat7ahr.i.optimole.com\/w:600\/h:600\/q:mauto\/ig:avif\/https:\/\/noticiasnoface.com.br\/wp-content\/uploads\/2023\/01\/1F0A25F5-D2E8-438E-A86E-D256C86A8908.jpeg 600w\" sizes=\"(max-width: 1000px) 100vw, 1000px\" \/><figcaption class=\"wp-element-caption\">O ministro Alexandre de Moraes, do STF (Supremo Tribunal Federal), determinou a pris\u00e3o do ex-ministro da Justi\u00e7a de Jair Bolsonaro (PL) Anderson Torres.<br \/>Torres reassumiu o comando da Secretaria de Seguran\u00e7a P\u00fablica do Distrito Federal no dia 2 de janeiro e viajou de f\u00e9rias para os EUA cinco dias depois. Ele n\u00e3o estava no Brasil no domingo (8) quando bolsonaristas atacaram os pr\u00e9dios do STF, Congresso e Pal\u00e1cio do Planalto.<br \/>O ex-ministro ainda est\u00e1 nos EUA. O retorno estava previsto para o fim do m\u00eas. A Pol\u00edcia Federal deve cumprir a pris\u00e3o no momento da chegada de Torres ao Brasil.<br \/>Ainda no domingo, ele foi exonerado pelo governador do Distrito Federal, Ibaneis Rocha (MDB).<br \/>A decis\u00e3o foi dada em resposta a pedido do advogado-geral da Uni\u00e3o, Jorge Messias, que solicitou a deten\u00e7\u00e3o em flagrante de Torres e de demais agentes p\u00fablicos que tiveram participa\u00e7\u00e3o ou se omitiram para facilitar a invas\u00e3o dos pr\u00e9dios dos Tr\u00eas Poderes.<br \/>O pedido cita a viola\u00e7\u00e3o ao Estado democr\u00e1tico de Direito como base para solicitar a pris\u00e3o.<br \/>A AGU ainda solicitou a investiga\u00e7\u00e3o e responsabiliza\u00e7\u00e3o civil e criminal dos respons\u00e1veis de atos il\u00edcitos neste domingo, sendo \u201cindispens\u00e1vel a determina\u00e7\u00e3o de apreens\u00e3o de todos os ve\u00edculos e demais bens utilizados para transporte e organiza\u00e7\u00e3o dos atos criminosos\u201d.<br \/>Os pedidos foram encaminhados a Moraes, que \u00e9 relator das investiga\u00e7\u00f5es sobre atos antidemocr\u00e1ticos no STF.<br \/>Nesta ter\u00e7a (10), o interventor na Seguran\u00e7a P\u00fablica do Distrito Federal, Ricardo Capelli afirmou que a manifesta\u00e7\u00e3o golpista promovida por militantes bolsonaristas foi poss\u00edvel por causa da \u201copera\u00e7\u00e3o de sabotagem\u201d nas for\u00e7as de seguran\u00e7a locais, naquele momento comandadas Torres.<br \/>A afirma\u00e7\u00e3o tamb\u00e9m foi feita pelo atual ministro da Justi\u00e7a, Fl\u00e1vio Dino. Segundo ele, o efetivo da PM na Esplanada no dia dos ataques era menor do que o necess\u00e1rio para conter os golpistas.<br \/>\u201cHavia um efetivo planejado e um efetivo real, em um certo momento esse efetivo era 3 ou 4 vezes menor que o planejado. Por que aconteceu isso? Realmente a cadeia de comando da pol\u00edcia do DF que vai responder\u201d, disse Dino.<br \/>Integrantes do governo federal relatam \u00e0 Folha que, no s\u00e1bado (7), foi realizada uma reuni\u00e3o com representantes da seguran\u00e7a do DF. Nesse encontro, segundo essas pessoas, o governo de Ibaneis Rocha (MDB) garantiu a seguran\u00e7a da Esplanada dos Minist\u00e9rios.<br \/>\u00c0 Folha Torres se defendeu no domingo (8) e afirmou que n\u00e3o foi leniente. \u201cN\u00e3o houve leni\u00eancia, \u00e9 a primeira vez que tiro f\u00e9rias em muito tempo. O planejamento foi feito\u201d, disse. O ex-ministro tamb\u00e9m afirmou que h\u00e1 mentiras sendo contadas.<br \/>\u201cN\u00e3o vim para os EUA para encontrar Bolsonaro. N\u00e3o me encontrei com ele em nenhum momento. Estou de f\u00e9rias com a minha fam\u00edlia. N\u00e3o houve nenhuma trama para que isso [os atos golpistas] ocorresse\u201d, declarou.<br \/>No come\u00e7o da madrugada de segunda (9), o ex-ministro divulgou um pronunciamento nas redes sociais no qual diz que os atos de vandalismo em Bras\u00edlia foram \u201cum dos pontos mais tristes dos \u00faltimos anos da nossa hist\u00f3ria\u201d. Ele tamb\u00e9m negou que teria sido conivente com o que ocorreu.<br \/>\u201cLamento profundamente que sejam levantadas hip\u00f3teses absurdas de qualquer tipo de coniv\u00eancia minha com as barb\u00e1ries que assistimos\u201d, afirmou em texto.<br \/>Antes de ser exonerado, ele j\u00e1 estava na mira do governo Lula e integrantes do Supremo, que temiam pela atua\u00e7\u00e3o dele na secretaria. Na semana passada, o ministro Fl\u00e1vio Dino editou uma norma que abria espa\u00e7o para que ele n\u00e3o permanecesse \u00e0 frente do \u00f3rg\u00e3o do DF.<br \/>Segundo a regra, qualquer servidor vinculado ao Minist\u00e9rio da Justi\u00e7a que respondesse a inqu\u00e9ritos, a\u00e7\u00f5es penais e processos administrativos, entre outros, n\u00e3o poderia ser cedido a outro \u00f3rg\u00e3o.<br \/>Torres, que \u00e9 policial federal, tamb\u00e9m j\u00e1 estava na mira das investiga\u00e7\u00f5es relatadas por Alexandre de Moraes.<br \/>Ele foi ouvido e apontado como um dos envolvidos na organiza\u00e7\u00e3o da live de 29 de julho de 2021 quando o ent\u00e3o presidente Jair Bolsonaro levantou suspeita sobre a seguran\u00e7a das urnas sem apresentar provas.<\/figcaption><\/figure>\n","protected":false},"excerpt":{"rendered":"","protected":false},"author":1,"featured_media":0,"comment_status":"open","ping_status":"open","sticky":false,"template":"","format":"standard","meta":{"site-sidebar-layout":"default","site-content-layout":"","ast-site-content-layout":"default","site-content-style":"default","site-sidebar-style":"default","ast-global-header-display":"","ast-banner-title-visibility":"","ast-main-header-display":"","ast-hfb-above-header-display":"","ast-hfb-below-header-display":"","ast-hfb-mobile-header-display":"","site-post-title":"","ast-breadcrumbs-content":"","ast-featured-img":"","footer-sml-layout":"","ast-disable-related-posts":"","theme-transparent-header-meta":"","adv-header-id-meta":"","stick-header-meta":"","header-above-stick-meta":"","header-main-stick-meta":"","header-below-stick-meta":"","astra-migrate-meta-layouts":"default","ast-page-background-enabled":"default","ast-page-background-meta":{"desktop":{"background-color":"var(--ast-global-color-4)","background-image":"","background-repeat":"repeat","background-position":"center center","background-size":"auto","background-attachment":"scroll","background-type":"","background-media":"","overlay-type":"","overlay-color":"","overlay-opacity":"","overlay-gradient":""},"tablet":{"background-color":"","background-image":"","background-repeat":"repeat","background-position":"center center","background-size":"auto","background-attachment":"scroll","background-type":"","background-media":"","overlay-type":"","overlay-color":"","overlay-opacity":"","overlay-gradient":""},"mobile":{"background-color":"","background-image":"","background-repeat":"repeat","background-position":"center center","background-size":"auto","background-attachment":"scroll","background-type":"","background-media":"","overlay-type":"","overlay-color":"","overlay-opacity":"","overlay-gradient":""}},"ast-content-background-meta":{"desktop":{"background-color":"var(--ast-global-color-5)","background-image":"","background-repeat":"repeat","background-position":"center center","background-size":"auto","background-attachment":"scroll","background-type":"","background-media":"","overlay-type":"","overlay-color":"","overlay-opacity":"","overlay-gradient":""},"tablet":{"background-color":"var(--ast-global-color-5)","background-image":"","background-repeat":"repeat","background-position":"center center","background-size":"auto","background-attachment":"scroll","background-type":"","background-media":"","overlay-type":"","overlay-color":"","overlay-opacity":"","overlay-gradient":""},"mobile":{"background-color":"var(--ast-global-color-5)","background-image":"","background-repeat":"repeat","background-position":"center center","background-size":"auto","background-attachment":"scroll","background-type":"","background-media":"","overlay-type":"","overlay-color":"","overlay-opacity":"","overlay-gradient":""}},"footnotes":""},"categories":[517],"tags":[9,2400,126,50,22],"class_list":["post-14016","post","type-post","status-publish","format-standard","hentry","category-aconteceu","tag-alexandre-de-moraes","tag-anderson-torres","tag-ministro-alexandre-de-moraes","tag-noticias-do-face","tag-noticias-no-face"],"_links":{"self":[{"href":"https:\/\/noticiasnoface.com.br\/index.php\/wp-json\/wp\/v2\/posts\/14016","targetHints":{"allow":["GET"]}}],"collection":[{"href":"https:\/\/noticiasnoface.com.br\/index.php\/wp-json\/wp\/v2\/posts"}],"about":[{"href":"https:\/\/noticiasnoface.com.br\/index.php\/wp-json\/wp\/v2\/types\/post"}],"author":[{"embeddable":true,"href":"https:\/\/noticiasnoface.com.br\/index.php\/wp-json\/wp\/v2\/users\/1"}],"replies":[{"embeddable":true,"href":"https:\/\/noticiasnoface.com.br\/index.php\/wp-json\/wp\/v2\/comments?post=14016"}],"version-history":[{"count":2,"href":"https:\/\/noticiasnoface.com.br\/index.php\/wp-json\/wp\/v2\/posts\/14016\/revisions"}],"predecessor-version":[{"id":14019,"href":"https:\/\/noticiasnoface.com.br\/index.php\/wp-json\/wp\/v2\/posts\/14016\/revisions\/14019"}],"wp:attachment":[{"href":"https:\/\/noticiasnoface.com.br\/index.php\/wp-json\/wp\/v2\/media?parent=14016"}],"wp:term":[{"taxonomy":"category","embeddable":true,"href":"https:\/\/noticiasnoface.com.br\/index.php\/wp-json\/wp\/v2\/categories?post=14016"},{"taxonomy":"post_tag","embeddable":true,"href":"https:\/\/noticiasnoface.com.br\/index.php\/wp-json\/wp\/v2\/tags?post=14016"}],"curies":[{"name":"wp","href":"https:\/\/api.w.org\/{rel}","templated":true}]}}