{"id":14035,"date":"2023-01-11T08:19:54","date_gmt":"2023-01-11T11:19:54","guid":{"rendered":"https:\/\/noticiasnoface.com.br\/?p=14035"},"modified":"2023-01-11T08:19:56","modified_gmt":"2023-01-11T11:19:56","slug":"preta-gil-e-diagnosticado-com-cancer","status":"publish","type":"post","link":"https:\/\/noticiasnoface.com.br\/index.php\/2023\/01\/11\/preta-gil-e-diagnosticado-com-cancer\/","title":{"rendered":"Preta Gil \u00e9 diagnosticado com c\u00e2ncer"},"content":{"rendered":"\n<figure class=\"wp-block-image size-full\"><img data-opt-id=1177568736  fetchpriority=\"high\" decoding=\"async\" width=\"450\" height=\"337\" src=\"https:\/\/mlbfrsat7ahr.i.optimole.com\/w:auto\/h:auto\/q:mauto\/ig:avif\/https:\/\/noticiasnoface.com.br\/wp-content\/uploads\/2023\/01\/B32C60B7-B469-4548-8494-3DE5ECACD233.webp\" alt=\"\" class=\"wp-image-14036\" srcset=\"https:\/\/mlbfrsat7ahr.i.optimole.com\/w:450\/h:337\/q:mauto\/ig:avif\/https:\/\/noticiasnoface.com.br\/wp-content\/uploads\/2023\/01\/B32C60B7-B469-4548-8494-3DE5ECACD233.webp 450w, https:\/\/mlbfrsat7ahr.i.optimole.com\/w:300\/h:225\/q:mauto\/ig:avif\/https:\/\/noticiasnoface.com.br\/wp-content\/uploads\/2023\/01\/B32C60B7-B469-4548-8494-3DE5ECACD233.webp 300w\" sizes=\"(max-width: 450px) 100vw, 450px\" \/><figcaption class=\"wp-element-caption\">Preta Gil, 48, comunicou, na noite de ontem, que foi diagnosticada com um c\u00e2ncer no intestino. Ela, que estava internada h\u00e1 seis dias na Cl\u00ednica S\u00e3o Vicente, no Rio, dar\u00e1 in\u00edcio ao tratamento na pr\u00f3xima semana.<br>&#8220;Tenho adenocarcinoma na por\u00e7\u00e3o final do intestino. Inicio meu tratamento j\u00e1 na pr\u00f3xima segunda-feira e conto com a energia de todos para seguir tranquila e confiante&#8221;, informou a artista.<br><br>Amigos e famosos fizeram quest\u00e3o de deixar mensagens de apoio a Preta Gil ap\u00f3s contar sobre o problema de sa\u00fade.<br>&#8220;Mandando as melhores energias&#8221;, escreveu o ator L\u00e1zaro Ramos. &#8220;Orando por voc\u00ea&#8221;, postou a cantora\u00a0<a href=\"https:\/\/www.uol.com.br\/splash\/musica\/claudia-leitte\/\" target=\"_blank\" rel=\"noopener\">Claudia Leitte<\/a>. &#8220;Vai ficar tudo bem&#8221;, declarou a apresentadora Tata Werneck.<br><strong>O que s\u00e3o adenocarcinomas?\u00a0<\/strong>Tumores malignos que se originam nas c\u00e9lulas epiteliais dos \u00f3rg\u00e3os. No sistema digestivo, s\u00e3o as c\u00e9lulas que revestem a superf\u00edcie interna do \u00f3rg\u00e3o.<br>A filha de Gilberto Gil usou seus stories no domingo (8) para confirmar que estava sentido fortes dores abdominais. Ela realizou uma bateria de exames, mas ainda aguardava o diagn\u00f3stico.<br>N\u00e3o quero que fiquem preocupados, estou sendo muito bem assistida por uma junta m\u00e9dica. Estou cercada da minha fam\u00edlia e amigos mais \u00edntimos e estou confiante que, seja o que for, vamos tratar e ficarei bem. Tenho muita f\u00e9 em Deus, nos meus Orix\u00e1s, nas minhas Santas e na vida. Assim que tiver informa\u00e7\u00f5es mais precisas, dividirei com voc\u00eas, como sempre fiz ao longo desses anos. Amo voc\u00eas, se cuidem, cuidem de quem amam e fiquem em paz.<\/figcaption><\/figure>\n","protected":false},"excerpt":{"rendered":"","protected":false},"author":1,"featured_media":0,"comment_status":"open","ping_status":"open","sticky":false,"template":"","format":"standard","meta":{"site-sidebar-layout":"default","site-content-layout":"","ast-site-content-layout":"default","site-content-style":"default","site-sidebar-style":"default","ast-global-header-display":"","ast-banner-title-visibility":"","ast-main-header-display":"","ast-hfb-above-header-display":"","ast-hfb-below-header-display":"","ast-hfb-mobile-header-display":"","site-post-title":"","ast-breadcrumbs-content":"","ast-featured-img":"","footer-sml-layout":"","ast-disable-related-posts":"","theme-transparent-header-meta":"","adv-header-id-meta":"","stick-header-meta":"","header-above-stick-meta":"","header-main-stick-meta":"","header-below-stick-meta":"","astra-migrate-meta-layouts":"default","ast-page-background-enabled":"default","ast-page-background-meta":{"desktop":{"background-color":"var(--ast-global-color-4)","background-image":"","background-repeat":"repeat","background-position":"center center","background-size":"auto","background-attachment":"scroll","background-type":"","background-media":"","overlay-type":"","overlay-color":"","overlay-opacity":"","overlay-gradient":""},"tablet":{"background-color":"","background-image":"","background-repeat":"repeat","background-position":"center center","background-size":"auto","background-attachment":"scroll","background-type":"","background-media":"","overlay-type":"","overlay-color":"","overlay-opacity":"","overlay-gradient":""},"mobile":{"background-color":"","background-image":"","background-repeat":"repeat","background-position":"center center","background-size":"auto","background-attachment":"scroll","background-type":"","background-media":"","overlay-type":"","overlay-color":"","overlay-opacity":"","overlay-gradient":""}},"ast-content-background-meta":{"desktop":{"background-color":"var(--ast-global-color-5)","background-image":"","background-repeat":"repeat","background-position":"center center","background-size":"auto","background-attachment":"scroll","background-type":"","background-media":"","overlay-type":"","overlay-color":"","overlay-opacity":"","overlay-gradient":""},"tablet":{"background-color":"var(--ast-global-color-5)","background-image":"","background-repeat":"repeat","background-position":"center center","background-size":"auto","background-attachment":"scroll","background-type":"","background-media":"","overlay-type":"","overlay-color":"","overlay-opacity":"","overlay-gradient":""},"mobile":{"background-color":"var(--ast-global-color-5)","background-image":"","background-repeat":"repeat","background-position":"center center","background-size":"auto","background-attachment":"scroll","background-type":"","background-media":"","overlay-type":"","overlay-color":"","overlay-opacity":"","overlay-gradient":""}},"footnotes":""},"categories":[155],"tags":[2067,50,22,541,1427],"class_list":["post-14035","post","type-post","status-publish","format-standard","hentry","category-saude","tag-cancer","tag-noticias-do-face","tag-noticias-no-face","tag-nova-york","tag-preta-gil"],"_links":{"self":[{"href":"https:\/\/noticiasnoface.com.br\/index.php\/wp-json\/wp\/v2\/posts\/14035","targetHints":{"allow":["GET"]}}],"collection":[{"href":"https:\/\/noticiasnoface.com.br\/index.php\/wp-json\/wp\/v2\/posts"}],"about":[{"href":"https:\/\/noticiasnoface.com.br\/index.php\/wp-json\/wp\/v2\/types\/post"}],"author":[{"embeddable":true,"href":"https:\/\/noticiasnoface.com.br\/index.php\/wp-json\/wp\/v2\/users\/1"}],"replies":[{"embeddable":true,"href":"https:\/\/noticiasnoface.com.br\/index.php\/wp-json\/wp\/v2\/comments?post=14035"}],"version-history":[{"count":1,"href":"https:\/\/noticiasnoface.com.br\/index.php\/wp-json\/wp\/v2\/posts\/14035\/revisions"}],"predecessor-version":[{"id":14037,"href":"https:\/\/noticiasnoface.com.br\/index.php\/wp-json\/wp\/v2\/posts\/14035\/revisions\/14037"}],"wp:attachment":[{"href":"https:\/\/noticiasnoface.com.br\/index.php\/wp-json\/wp\/v2\/media?parent=14035"}],"wp:term":[{"taxonomy":"category","embeddable":true,"href":"https:\/\/noticiasnoface.com.br\/index.php\/wp-json\/wp\/v2\/categories?post=14035"},{"taxonomy":"post_tag","embeddable":true,"href":"https:\/\/noticiasnoface.com.br\/index.php\/wp-json\/wp\/v2\/tags?post=14035"}],"curies":[{"name":"wp","href":"https:\/\/api.w.org\/{rel}","templated":true}]}}