{"id":14057,"date":"2023-01-11T22:43:23","date_gmt":"2023-01-12T01:43:23","guid":{"rendered":"https:\/\/noticiasnoface.com.br\/?p=14057"},"modified":"2023-01-11T22:43:25","modified_gmt":"2023-01-12T01:43:25","slug":"quem-ganha-salario-minimo-e-meio-pagara-imposto-de-renda-faz-o-l","status":"publish","type":"post","link":"https:\/\/noticiasnoface.com.br\/index.php\/2023\/01\/11\/quem-ganha-salario-minimo-e-meio-pagara-imposto-de-renda-faz-o-l\/","title":{"rendered":"Quem ganha sal\u00e1rio m\u00ednimo e meio pagar\u00e1 imposto de renda. Faz o &#8220;L&#8221;"},"content":{"rendered":"\n<figure class=\"wp-block-image size-large\"><img data-opt-id=889249713  fetchpriority=\"high\" decoding=\"async\" width=\"1024\" height=\"683\" src=\"https:\/\/mlbfrsat7ahr.i.optimole.com\/w:1024\/h:683\/q:mauto\/ig:avif\/https:\/\/noticiasnoface.com.br\/wp-content\/uploads\/2023\/01\/1B73E4A7-91EC-492A-AF49-07315CE9E297.jpeg\" alt=\"\" class=\"wp-image-14058\" srcset=\"https:\/\/mlbfrsat7ahr.i.optimole.com\/w:1024\/h:683\/q:mauto\/ig:avif\/https:\/\/noticiasnoface.com.br\/wp-content\/uploads\/2023\/01\/1B73E4A7-91EC-492A-AF49-07315CE9E297.jpeg 1024w, https:\/\/mlbfrsat7ahr.i.optimole.com\/w:300\/h:200\/q:mauto\/ig:avif\/https:\/\/noticiasnoface.com.br\/wp-content\/uploads\/2023\/01\/1B73E4A7-91EC-492A-AF49-07315CE9E297.jpeg 300w, https:\/\/mlbfrsat7ahr.i.optimole.com\/w:768\/h:512\/q:mauto\/ig:avif\/https:\/\/noticiasnoface.com.br\/wp-content\/uploads\/2023\/01\/1B73E4A7-91EC-492A-AF49-07315CE9E297.jpeg 768w, https:\/\/mlbfrsat7ahr.i.optimole.com\/w:1050\/h:700\/q:mauto\/ig:avif\/https:\/\/noticiasnoface.com.br\/wp-content\/uploads\/2023\/01\/1B73E4A7-91EC-492A-AF49-07315CE9E297.jpeg 1050w\" sizes=\"(max-width: 1000px) 100vw, 1000px\" \/><figcaption class=\"wp-element-caption\">Teto de isen\u00e7\u00e3o do IR \u00e9 de R$ 1.903,98 e n\u00e3o \u00e9 reajustado desde 2016<br>Brasileiros que ganham um sal\u00e1rio m\u00ednimo e meio por m\u00eas come\u00e7am a pagar o Imposto de Renda (IR) em 2023. De acordo com a tabela do imposto, que n\u00e3o \u00e9 reajustada desde 2016, somente as pessoas que recebem menos de R$ 1.903,98 est\u00e3o isentas. Com o\u00a0<strong>novo sal\u00e1rio m\u00ednimo de 2023, de R$ 1.302<\/strong>, quem ganha um sal\u00e1rio e meio, de R$ 1.953, precisar\u00e1 se entender com o Le\u00e3o e ter\u00e1 desconto na folha de pagamento.\u00a0Hoje, quem recebe de R$ 1.903,99 at\u00e9 R$ 2.826,65 paga a al\u00edquota m\u00ednima do imposto, de 7,5% sobre a renda.\u00a0<br>A defasagem da tabela, isto \u00e9, o quanto a isen\u00e7\u00e3o est\u00e1 abaixo do ritmo da infla\u00e7\u00e3o no Brasil, bateu um recorde de 148,1% em 2022, o patamar mais alto da s\u00e9rie hist\u00f3rica acompanhada desde 1996 pelo Sindicato dos Auditores-Fiscais da Receita Federal (Sindifisco Nacional). Em 2015, quando ficou estabelecida a faixa de isen\u00e7\u00e3o de R$ 1.903,98, o sal\u00e1rio m\u00ednimo era R$ 788. Ou seja, naquela \u00e9poca, o piso era 41,4% do valor m\u00ednimo para declarar. Oito anos depois, a porcentagem subiu para 68,4%.\u00a0<br>Se a isen\u00e7\u00e3o fosse reajustada considerando as perdas inflacion\u00e1rias desse per\u00edodo, deveria ser elevada para R$ 4.683,95, ou 3,6 vezes maior que o atual sal\u00e1rio m\u00ednimo. Com isso, 13 milh\u00f5es de contribuintes brasileiros deixariam de pagar o Imposto de Renda.\u00a0<br>Reajustar Imposto de Renda causaria rombo de arrecada\u00e7\u00e3o no Brasil<br>Aumentar a taxa de isen\u00e7\u00e3o do Imposto de Renda pouparia milh\u00f5es de pessoas do pagamento, mas, por outro lado, levaria a uma ren\u00fancia fiscal de R$ 101,6 bilh\u00f5es por ano, calcula o Sindifisco Nacional. Por isso, defende o sindicato, \u00e9 necess\u00e1rio haver uma compensa\u00e7\u00e3o dessa perda \u2014 uma alternativa, diz a entidade, \u00e9 aumentar a tributa\u00e7\u00e3o dos mais ricos.<br>Uma das promessas da campanha presidencial de Lula (PT) foi elevar a isen\u00e7\u00e3o do Imposto de Renda para quem recebe at\u00e9 R$ 5.000. A medida, por\u00e9m, inicialmente n\u00e3o est\u00e1 prevista para ocorrer ainda em 2023. O Ministro do Desenvolvimento e Assist\u00eancia Social, Fam\u00edlia e Combate \u00e0 Fome, Wellington Dias, que ficou respons\u00e1vel pela revis\u00e3o do or\u00e7amento no per\u00edodo de transi\u00e7\u00e3o de governo, afirmou, em 2022, que a medida \u00e9 \u201cpara o mandato\u201d e n\u00e3o seria inclu\u00edda na revis\u00e3o de 2023.<br>\u201cNossa constitui\u00e7\u00e3o defende o princ\u00edpio da capacidade contributiva, que significa que quem ganha mais deve pagar mais imposto. A falta de corre\u00e7\u00e3o da tabela \u00e9 uma maneira de aumentar a tributa\u00e7\u00e3o para os mais pobres. Para corrigir esse problema e n\u00e3o causar danos ao j\u00e1 deficit\u00e1rio or\u00e7amento, o ideal seria adotarmos medidas progressivas, como a volta da taxa\u00e7\u00e3o de lucros e dividendos. Atualmente, temos empregados pagando mais imposto proporcionalmente que o dono da empresa, algo que aprofunda diretamente a desigualdade social\u201d, avalia o primeiro vice-presidente do Sindifisco Nacional, Tiago Barbosa.<\/figcaption><\/figure>\n","protected":false},"excerpt":{"rendered":"","protected":false},"author":1,"featured_media":0,"comment_status":"open","ping_status":"open","sticky":false,"template":"","format":"standard","meta":{"site-sidebar-layout":"default","site-content-layout":"","ast-site-content-layout":"default","site-content-style":"default","site-sidebar-style":"default","ast-global-header-display":"","ast-banner-title-visibility":"","ast-main-header-display":"","ast-hfb-above-header-display":"","ast-hfb-below-header-display":"","ast-hfb-mobile-header-display":"","site-post-title":"","ast-breadcrumbs-content":"","ast-featured-img":"","footer-sml-layout":"","ast-disable-related-posts":"","theme-transparent-header-meta":"","adv-header-id-meta":"","stick-header-meta":"","header-above-stick-meta":"","header-main-stick-meta":"","header-below-stick-meta":"","astra-migrate-meta-layouts":"default","ast-page-background-enabled":"default","ast-page-background-meta":{"desktop":{"background-color":"var(--ast-global-color-4)","background-image":"","background-repeat":"repeat","background-position":"center center","background-size":"auto","background-attachment":"scroll","background-type":"","background-media":"","overlay-type":"","overlay-color":"","overlay-opacity":"","overlay-gradient":""},"tablet":{"background-color":"","background-image":"","background-repeat":"repeat","background-position":"center center","background-size":"auto","background-attachment":"scroll","background-type":"","background-media":"","overlay-type":"","overlay-color":"","overlay-opacity":"","overlay-gradient":""},"mobile":{"background-color":"","background-image":"","background-repeat":"repeat","background-position":"center center","background-size":"auto","background-attachment":"scroll","background-type":"","background-media":"","overlay-type":"","overlay-color":"","overlay-opacity":"","overlay-gradient":""}},"ast-content-background-meta":{"desktop":{"background-color":"var(--ast-global-color-5)","background-image":"","background-repeat":"repeat","background-position":"center center","background-size":"auto","background-attachment":"scroll","background-type":"","background-media":"","overlay-type":"","overlay-color":"","overlay-opacity":"","overlay-gradient":""},"tablet":{"background-color":"var(--ast-global-color-5)","background-image":"","background-repeat":"repeat","background-position":"center center","background-size":"auto","background-attachment":"scroll","background-type":"","background-media":"","overlay-type":"","overlay-color":"","overlay-opacity":"","overlay-gradient":""},"mobile":{"background-color":"var(--ast-global-color-5)","background-image":"","background-repeat":"repeat","background-position":"center center","background-size":"auto","background-attachment":"scroll","background-type":"","background-media":"","overlay-type":"","overlay-color":"","overlay-opacity":"","overlay-gradient":""}},"footnotes":""},"categories":[517],"tags":[2281,399,50,22,199,2407],"class_list":["post-14057","post","type-post","status-publish","format-standard","hentry","category-aconteceu","tag-governo-lula","tag-imposto-de-renda","tag-noticias-do-face","tag-noticias-no-face","tag-noticiasnoface","tag-salario-minimo"],"_links":{"self":[{"href":"https:\/\/noticiasnoface.com.br\/index.php\/wp-json\/wp\/v2\/posts\/14057","targetHints":{"allow":["GET"]}}],"collection":[{"href":"https:\/\/noticiasnoface.com.br\/index.php\/wp-json\/wp\/v2\/posts"}],"about":[{"href":"https:\/\/noticiasnoface.com.br\/index.php\/wp-json\/wp\/v2\/types\/post"}],"author":[{"embeddable":true,"href":"https:\/\/noticiasnoface.com.br\/index.php\/wp-json\/wp\/v2\/users\/1"}],"replies":[{"embeddable":true,"href":"https:\/\/noticiasnoface.com.br\/index.php\/wp-json\/wp\/v2\/comments?post=14057"}],"version-history":[{"count":1,"href":"https:\/\/noticiasnoface.com.br\/index.php\/wp-json\/wp\/v2\/posts\/14057\/revisions"}],"predecessor-version":[{"id":14059,"href":"https:\/\/noticiasnoface.com.br\/index.php\/wp-json\/wp\/v2\/posts\/14057\/revisions\/14059"}],"wp:attachment":[{"href":"https:\/\/noticiasnoface.com.br\/index.php\/wp-json\/wp\/v2\/media?parent=14057"}],"wp:term":[{"taxonomy":"category","embeddable":true,"href":"https:\/\/noticiasnoface.com.br\/index.php\/wp-json\/wp\/v2\/categories?post=14057"},{"taxonomy":"post_tag","embeddable":true,"href":"https:\/\/noticiasnoface.com.br\/index.php\/wp-json\/wp\/v2\/tags?post=14057"}],"curies":[{"name":"wp","href":"https:\/\/api.w.org\/{rel}","templated":true}]}}