{"id":14072,"date":"2023-01-12T16:46:27","date_gmt":"2023-01-12T19:46:27","guid":{"rendered":"https:\/\/noticiasnoface.com.br\/?p=14072"},"modified":"2023-01-12T16:47:22","modified_gmt":"2023-01-12T19:47:22","slug":"lula-gastou-mais-de-1-milhao-de-reais-no-mesmo-supermercado","status":"publish","type":"post","link":"https:\/\/noticiasnoface.com.br\/index.php\/2023\/01\/12\/lula-gastou-mais-de-1-milhao-de-reais-no-mesmo-supermercado\/","title":{"rendered":"Lula gastou quase o dobro que Bolsonaro no cart\u00e3o corporativo"},"content":{"rendered":"\n<figure class=\"wp-block-image size-large\"><img data-opt-id=1680369120  fetchpriority=\"high\" decoding=\"async\" width=\"985\" height=\"1024\" src=\"https:\/\/mlbfrsat7ahr.i.optimole.com\/w:985\/h:1024\/q:mauto\/ig:avif\/https:\/\/noticiasnoface.com.br\/wp-content\/uploads\/2023\/01\/330FA710-83B0-40FE-9CFC-81076AEC8C93.jpeg\" alt=\"\" class=\"wp-image-14073\" srcset=\"https:\/\/mlbfrsat7ahr.i.optimole.com\/w:985\/h:1024\/q:mauto\/ig:avif\/https:\/\/noticiasnoface.com.br\/wp-content\/uploads\/2023\/01\/330FA710-83B0-40FE-9CFC-81076AEC8C93.jpeg 985w, https:\/\/mlbfrsat7ahr.i.optimole.com\/w:289\/h:300\/q:mauto\/ig:avif\/https:\/\/noticiasnoface.com.br\/wp-content\/uploads\/2023\/01\/330FA710-83B0-40FE-9CFC-81076AEC8C93.jpeg 289w, https:\/\/mlbfrsat7ahr.i.optimole.com\/w:768\/h:798\/q:mauto\/ig:avif\/https:\/\/noticiasnoface.com.br\/wp-content\/uploads\/2023\/01\/330FA710-83B0-40FE-9CFC-81076AEC8C93.jpeg 768w, https:\/\/mlbfrsat7ahr.i.optimole.com\/w:1039\/h:1080\/q:mauto\/ig:avif\/https:\/\/noticiasnoface.com.br\/wp-content\/uploads\/2023\/01\/330FA710-83B0-40FE-9CFC-81076AEC8C93.jpeg 1150w\" sizes=\"(max-width: 985px) 100vw, 985px\" \/><figcaption class=\"wp-element-caption\">Governo Lula quebra a cara mais uma vez . Ap\u00f3s tirar o sigilo do cart\u00e3o corporativo de Bolsonaro, esqueceu que todos os seus pr\u00f3prios gastos tamb\u00e9m estariam exposto. Resultado? Com a queda do sigilo, ficou comprovado que Lula gastou quase o dobro do presidente Bolsonaro.<\/figcaption><\/figure>\n\n\n\n<h2 class=\"wp-block-heading\">Lula gastou milh\u00f5es no mesmo supermercado <\/h2>\n\n\n\n<p>Lula gastou R$ 1.175.000,00 com o cart\u00e3o corporativo da presid\u00eancia em um mesmo estabelecimento de Bras\u00edlia: MERCADINHO LA PALMA LTDA<\/p>\n\n\n\n<p>Valores gastos neste local por mandato:<\/p>\n\n\n\n<p>Lula 1: R$ 304.606,79<br \/>Lula 2: R$ 871.096,091<\/p>\n\n\n\n<p>Isso tudo em amenas UM minimercado, ele comprova em v\u00e1rios<\/p>\n\n\n\n<h2 class=\"wp-block-heading\"><\/h2>\n","protected":false},"excerpt":{"rendered":"<p>Lula gastou milh\u00f5es no mesmo supermercado Lula gastou R$ 1.175.000,00 com o cart\u00e3o corporativo da presid\u00eancia em um mesmo estabelecimento [&hellip;]<\/p>\n","protected":false},"author":1,"featured_media":0,"comment_status":"open","ping_status":"open","sticky":false,"template":"","format":"standard","meta":{"site-sidebar-layout":"default","site-content-layout":"","ast-site-content-layout":"default","site-content-style":"default","site-sidebar-style":"default","ast-global-header-display":"","ast-banner-title-visibility":"","ast-main-header-display":"","ast-hfb-above-header-display":"","ast-hfb-below-header-display":"","ast-hfb-mobile-header-display":"","site-post-title":"","ast-breadcrumbs-content":"","ast-featured-img":"","footer-sml-layout":"","ast-disable-related-posts":"","theme-transparent-header-meta":"","adv-header-id-meta":"","stick-header-meta":"","header-above-stick-meta":"","header-main-stick-meta":"","header-below-stick-meta":"","astra-migrate-meta-layouts":"default","ast-page-background-enabled":"default","ast-page-background-meta":{"desktop":{"background-color":"var(--ast-global-color-4)","background-image":"","background-repeat":"repeat","background-position":"center center","background-size":"auto","background-attachment":"scroll","background-type":"","background-media":"","overlay-type":"","overlay-color":"","overlay-opacity":"","overlay-gradient":""},"tablet":{"background-color":"","background-image":"","background-repeat":"repeat","background-position":"center center","background-size":"auto","background-attachment":"scroll","background-type":"","background-media":"","overlay-type":"","overlay-color":"","overlay-opacity":"","overlay-gradient":""},"mobile":{"background-color":"","background-image":"","background-repeat":"repeat","background-position":"center center","background-size":"auto","background-attachment":"scroll","background-type":"","background-media":"","overlay-type":"","overlay-color":"","overlay-opacity":"","overlay-gradient":""}},"ast-content-background-meta":{"desktop":{"background-color":"var(--ast-global-color-5)","background-image":"","background-repeat":"repeat","background-position":"center center","background-size":"auto","background-attachment":"scroll","background-type":"","background-media":"","overlay-type":"","overlay-color":"","overlay-opacity":"","overlay-gradient":""},"tablet":{"background-color":"var(--ast-global-color-5)","background-image":"","background-repeat":"repeat","background-position":"center center","background-size":"auto","background-attachment":"scroll","background-type":"","background-media":"","overlay-type":"","overlay-color":"","overlay-opacity":"","overlay-gradient":""},"mobile":{"background-color":"var(--ast-global-color-5)","background-image":"","background-repeat":"repeat","background-position":"center center","background-size":"auto","background-attachment":"scroll","background-type":"","background-media":"","overlay-type":"","overlay-color":"","overlay-opacity":"","overlay-gradient":""}},"footnotes":""},"categories":[517],"tags":[215,50,22,199,2058,2331],"class_list":["post-14072","post","type-post","status-publish","format-standard","hentry","category-aconteceu","tag-lula","tag-noticias-do-face","tag-noticias-no-face","tag-noticiasnoface","tag-presidente-lula","tag-sigilo-100-anos"],"_links":{"self":[{"href":"https:\/\/noticiasnoface.com.br\/index.php\/wp-json\/wp\/v2\/posts\/14072","targetHints":{"allow":["GET"]}}],"collection":[{"href":"https:\/\/noticiasnoface.com.br\/index.php\/wp-json\/wp\/v2\/posts"}],"about":[{"href":"https:\/\/noticiasnoface.com.br\/index.php\/wp-json\/wp\/v2\/types\/post"}],"author":[{"embeddable":true,"href":"https:\/\/noticiasnoface.com.br\/index.php\/wp-json\/wp\/v2\/users\/1"}],"replies":[{"embeddable":true,"href":"https:\/\/noticiasnoface.com.br\/index.php\/wp-json\/wp\/v2\/comments?post=14072"}],"version-history":[{"count":2,"href":"https:\/\/noticiasnoface.com.br\/index.php\/wp-json\/wp\/v2\/posts\/14072\/revisions"}],"predecessor-version":[{"id":14075,"href":"https:\/\/noticiasnoface.com.br\/index.php\/wp-json\/wp\/v2\/posts\/14072\/revisions\/14075"}],"wp:attachment":[{"href":"https:\/\/noticiasnoface.com.br\/index.php\/wp-json\/wp\/v2\/media?parent=14072"}],"wp:term":[{"taxonomy":"category","embeddable":true,"href":"https:\/\/noticiasnoface.com.br\/index.php\/wp-json\/wp\/v2\/categories?post=14072"},{"taxonomy":"post_tag","embeddable":true,"href":"https:\/\/noticiasnoface.com.br\/index.php\/wp-json\/wp\/v2\/tags?post=14072"}],"curies":[{"name":"wp","href":"https:\/\/api.w.org\/{rel}","templated":true}]}}