{"id":14087,"date":"2023-01-13T09:56:20","date_gmt":"2023-01-13T12:56:20","guid":{"rendered":"https:\/\/noticiasnoface.com.br\/?p=14087"},"modified":"2023-01-13T09:56:24","modified_gmt":"2023-01-13T12:56:24","slug":"quebra-de-sigilo-de-bolsonaro-mostra-que-resgatou-brasileiros-na-china-com-cartao-corporativo","status":"publish","type":"post","link":"https:\/\/noticiasnoface.com.br\/index.php\/2023\/01\/13\/quebra-de-sigilo-de-bolsonaro-mostra-que-resgatou-brasileiros-na-china-com-cartao-corporativo\/","title":{"rendered":"Quebra de sigilo de Bolsonaro mostra que resgatou brasileiros na China com cart\u00e3o corporativo"},"content":{"rendered":"\n<figure class=\"wp-block-image size-large\"><img data-opt-id=1271504616  fetchpriority=\"high\" decoding=\"async\" width=\"1024\" height=\"683\" src=\"https:\/\/mlbfrsat7ahr.i.optimole.com\/w:1024\/h:683\/q:mauto\/ig:avif\/https:\/\/noticiasnoface.com.br\/wp-content\/uploads\/2023\/01\/8D026285-A72A-45E7-BBD0-06001A9E6448.webp\" alt=\"\" class=\"wp-image-14088\" srcset=\"https:\/\/mlbfrsat7ahr.i.optimole.com\/w:1024\/h:683\/q:mauto\/ig:avif\/https:\/\/noticiasnoface.com.br\/wp-content\/uploads\/2023\/01\/8D026285-A72A-45E7-BBD0-06001A9E6448.webp 1024w, https:\/\/mlbfrsat7ahr.i.optimole.com\/w:300\/h:200\/q:mauto\/ig:avif\/https:\/\/noticiasnoface.com.br\/wp-content\/uploads\/2023\/01\/8D026285-A72A-45E7-BBD0-06001A9E6448.webp 300w, https:\/\/mlbfrsat7ahr.i.optimole.com\/w:768\/h:512\/q:mauto\/ig:avif\/https:\/\/noticiasnoface.com.br\/wp-content\/uploads\/2023\/01\/8D026285-A72A-45E7-BBD0-06001A9E6448.webp 768w, https:\/\/mlbfrsat7ahr.i.optimole.com\/w:1080\/h:720\/q:mauto\/ig:avif\/https:\/\/noticiasnoface.com.br\/wp-content\/uploads\/2023\/01\/8D026285-A72A-45E7-BBD0-06001A9E6448.webp 1080w\" sizes=\"(max-width: 1000px) 100vw, 1000px\" \/><figcaption class=\"wp-element-caption\">A quebra do sigilo do cart\u00e3o corporativo do ex-presidente Jair Bolsonaro (PL) foi bastante comentada ao longo desta quinta-feira (12), quando foi informado que ele gastou aproximadamente R$ 27 milh\u00f5es entre janeiro de 2019 e 4 de dezembro de 2022.<br>O cart\u00e3o corporativo \u00e9 um benef\u00edcio que visa arcar com as despesas pessoais do presidente e tamb\u00e9m da equipe que viaja com ele. Restaurantes e hot\u00e9is de cidades por onde o ex-chefe do Executivo passou nos \u00faltimos quatro anos aparecem nos extratos do cart\u00e3o que foram revelados pelo governo Lula<\/figcaption><\/figure>\n\n\n\n<h2 class=\"wp-block-heading\">Bolsonaro gastou a metade que Lula <\/h2>\n\n\n\n<p>Nas redes sociais, Bolsonaro explicou que entre os valores gastos por ele com o cart\u00e3o est\u00e1 os custos da viagem que trouxe os brasileiros que estavam na cidade chinesa de Wuhan em 2020, quando a pandemia de Covic-19 come\u00e7ou.<\/p>\n\n\n\n<p>\u2013 Al\u00e9m de ter gasto menos que Lula e Dilma em seus quadri\u00eanios de mandatos presidenciais, o cart\u00e3o corporativo custeou parte do resgate de Brasileiros em Wuhan\/China, por ocasi\u00e3o do covid em 2020 \u2013 diz a mensagem compartilhada no Telegram.<\/p>\n\n\n\n<h2 class=\"wp-block-heading\"><\/h2>\n\n\n\n<!--more-->\n\n\n\n<figure class=\"wp-block-embed is-type-wp-embed is-provider-nnf wp-block-embed-nnf\"><div class=\"wp-block-embed__wrapper\">\n<blockquote class=\"wp-embedded-content\" data-secret=\"bX67h6nedX\"><a href=\"https:\/\/noticiasnoface.com.br\/index.php\/2023\/01\/12\/lula-gastou-mais-de-1-milhao-de-reais-no-mesmo-supermercado\/\">Lula gastou quase o dobro que Bolsonaro no cart\u00e3o corporativo<\/a><\/blockquote><iframe class=\"wp-embedded-content\" sandbox=\"allow-scripts\" security=\"restricted\" style=\"position: absolute; clip: rect(1px, 1px, 1px, 1px);\" title=\"&#8220;Lula gastou quase o dobro que Bolsonaro no cart\u00e3o corporativo&#8221; &#8212; NOTICIAS NO FACE\" src=\"https:\/\/noticiasnoface.com.br\/index.php\/2023\/01\/12\/lula-gastou-mais-de-1-milhao-de-reais-no-mesmo-supermercado\/embed\/#?secret=jl3GKQ1SuJ#?secret=bX67h6nedX\" data-secret=\"bX67h6nedX\" width=\"500\" height=\"282\" frameborder=\"0\" marginwidth=\"0\" marginheight=\"0\" scrolling=\"no\"><\/iframe>\n<\/div><\/figure>\n","protected":false},"excerpt":{"rendered":"<p>Bolsonaro gastou a metade que Lula Nas redes sociais, Bolsonaro explicou que entre os valores gastos por ele com o [&hellip;]<\/p>\n","protected":false},"author":1,"featured_media":0,"comment_status":"open","ping_status":"open","sticky":false,"template":"","format":"standard","meta":{"site-sidebar-layout":"default","site-content-layout":"","ast-site-content-layout":"default","site-content-style":"default","site-sidebar-style":"default","ast-global-header-display":"","ast-banner-title-visibility":"","ast-main-header-display":"","ast-hfb-above-header-display":"","ast-hfb-below-header-display":"","ast-hfb-mobile-header-display":"","site-post-title":"","ast-breadcrumbs-content":"","ast-featured-img":"","footer-sml-layout":"","ast-disable-related-posts":"","theme-transparent-header-meta":"","adv-header-id-meta":"","stick-header-meta":"","header-above-stick-meta":"","header-main-stick-meta":"","header-below-stick-meta":"","astra-migrate-meta-layouts":"default","ast-page-background-enabled":"default","ast-page-background-meta":{"desktop":{"background-color":"var(--ast-global-color-4)","background-image":"","background-repeat":"repeat","background-position":"center center","background-size":"auto","background-attachment":"scroll","background-type":"","background-media":"","overlay-type":"","overlay-color":"","overlay-opacity":"","overlay-gradient":""},"tablet":{"background-color":"","background-image":"","background-repeat":"repeat","background-position":"center center","background-size":"auto","background-attachment":"scroll","background-type":"","background-media":"","overlay-type":"","overlay-color":"","overlay-opacity":"","overlay-gradient":""},"mobile":{"background-color":"","background-image":"","background-repeat":"repeat","background-position":"center center","background-size":"auto","background-attachment":"scroll","background-type":"","background-media":"","overlay-type":"","overlay-color":"","overlay-opacity":"","overlay-gradient":""}},"ast-content-background-meta":{"desktop":{"background-color":"var(--ast-global-color-5)","background-image":"","background-repeat":"repeat","background-position":"center center","background-size":"auto","background-attachment":"scroll","background-type":"","background-media":"","overlay-type":"","overlay-color":"","overlay-opacity":"","overlay-gradient":""},"tablet":{"background-color":"var(--ast-global-color-5)","background-image":"","background-repeat":"repeat","background-position":"center center","background-size":"auto","background-attachment":"scroll","background-type":"","background-media":"","overlay-type":"","overlay-color":"","overlay-opacity":"","overlay-gradient":""},"mobile":{"background-color":"var(--ast-global-color-5)","background-image":"","background-repeat":"repeat","background-position":"center center","background-size":"auto","background-attachment":"scroll","background-type":"","background-media":"","overlay-type":"","overlay-color":"","overlay-opacity":"","overlay-gradient":""}},"footnotes":""},"categories":[517],"tags":[2412,215,50,22,199],"class_list":["post-14087","post","type-post","status-publish","format-standard","hentry","category-aconteceu","tag-cartao-corporativo","tag-lula","tag-noticias-do-face","tag-noticias-no-face","tag-noticiasnoface"],"_links":{"self":[{"href":"https:\/\/noticiasnoface.com.br\/index.php\/wp-json\/wp\/v2\/posts\/14087","targetHints":{"allow":["GET"]}}],"collection":[{"href":"https:\/\/noticiasnoface.com.br\/index.php\/wp-json\/wp\/v2\/posts"}],"about":[{"href":"https:\/\/noticiasnoface.com.br\/index.php\/wp-json\/wp\/v2\/types\/post"}],"author":[{"embeddable":true,"href":"https:\/\/noticiasnoface.com.br\/index.php\/wp-json\/wp\/v2\/users\/1"}],"replies":[{"embeddable":true,"href":"https:\/\/noticiasnoface.com.br\/index.php\/wp-json\/wp\/v2\/comments?post=14087"}],"version-history":[{"count":1,"href":"https:\/\/noticiasnoface.com.br\/index.php\/wp-json\/wp\/v2\/posts\/14087\/revisions"}],"predecessor-version":[{"id":14089,"href":"https:\/\/noticiasnoface.com.br\/index.php\/wp-json\/wp\/v2\/posts\/14087\/revisions\/14089"}],"wp:attachment":[{"href":"https:\/\/noticiasnoface.com.br\/index.php\/wp-json\/wp\/v2\/media?parent=14087"}],"wp:term":[{"taxonomy":"category","embeddable":true,"href":"https:\/\/noticiasnoface.com.br\/index.php\/wp-json\/wp\/v2\/categories?post=14087"},{"taxonomy":"post_tag","embeddable":true,"href":"https:\/\/noticiasnoface.com.br\/index.php\/wp-json\/wp\/v2\/tags?post=14087"}],"curies":[{"name":"wp","href":"https:\/\/api.w.org\/{rel}","templated":true}]}}