{"id":14107,"date":"2023-01-14T11:34:03","date_gmt":"2023-01-14T14:34:03","guid":{"rendered":"https:\/\/noticiasnoface.com.br\/?p=14107"},"modified":"2023-01-14T11:34:06","modified_gmt":"2023-01-14T14:34:06","slug":"ex-ministro-da-justica-e-preso","status":"publish","type":"post","link":"https:\/\/noticiasnoface.com.br\/index.php\/2023\/01\/14\/ex-ministro-da-justica-e-preso\/","title":{"rendered":"Ex-ministro da justica \u00e9 preso"},"content":{"rendered":"\n<figure class=\"wp-block-image size-full\"><img data-opt-id=186723679  fetchpriority=\"high\" decoding=\"async\" width=\"600\" height=\"359\" src=\"https:\/\/mlbfrsat7ahr.i.optimole.com\/w:auto\/h:auto\/q:mauto\/ig:avif\/https:\/\/noticiasnoface.com.br\/wp-content\/uploads\/2023\/01\/BFF763A3-3647-4B89-A808-394CD430BF5B.jpeg\" alt=\"\" class=\"wp-image-14108\" srcset=\"https:\/\/mlbfrsat7ahr.i.optimole.com\/w:600\/h:359\/q:mauto\/ig:avif\/https:\/\/noticiasnoface.com.br\/wp-content\/uploads\/2023\/01\/BFF763A3-3647-4B89-A808-394CD430BF5B.jpeg 600w, https:\/\/mlbfrsat7ahr.i.optimole.com\/w:300\/h:180\/q:mauto\/ig:avif\/https:\/\/noticiasnoface.com.br\/wp-content\/uploads\/2023\/01\/BFF763A3-3647-4B89-A808-394CD430BF5B.jpeg 300w\" sizes=\"(max-width: 600px) 100vw, 600px\" \/><figcaption class=\"wp-element-caption\">Anderson Torres \u00e9 preso pela Pol\u00edcia Federal ap\u00f3s chegar a Bras\u00edlia<br>Ex-ministro da Justi\u00e7a e ex-secret\u00e1rio de Seguran\u00e7a P\u00fablica do DF, que estava nos EUA, teve pris\u00e3o determinada ap\u00f3s bolsonaristas terroristas invadirem Congresso, STF e Pal\u00e1cio do Planalto.<br>Por Gioconda Brasil, Iana Caramori, Isabela Camargo e Jos\u00e9 Vianna, TV Globo, GloboNews e g1\u00a0\u2014 Bras\u00edlia\u00a0<br>14\/01\/2023 07h21\u00a0Atualizado\u00a0h\u00e1 40 minutos<br><br><br><br><br><br>Ex-ministro da Justi\u00e7a, Anderson Torres \u00e9 preso em Bras\u00edlia\u00a0<br>Ex-ministro da Justi\u00e7a e ex-secret\u00e1rio de Seguran\u00e7a P\u00fablica do Distrito Federal,\u00a0<a href=\"https:\/\/g1.globo.com\/tudo-sobre\/anderson-torres\/\" target=\"_blank\" rel=\"noopener\">Anderson Torres<\/a>\u00a0foi preso na manh\u00e3 deste s\u00e1bado (14) pela\u00a0<a href=\"https:\/\/g1.globo.com\/tudo-sobre\/policia-federal\/\" target=\"_blank\" rel=\"noopener\">Pol\u00edcia Federal<\/a>.<br>A pris\u00e3o ocorreu ap\u00f3s ele desembarcar em Bras\u00edlia, vindo dos EUA.<br>De acordo com a\u00a0<a href=\"https:\/\/g1.globo.com\/globonews\/\" target=\"_blank\" rel=\"noopener\">GloboNews<\/a>, ele foi levado para um batalh\u00e3o da Pol\u00edcia Militar, no Guar\u00e1. A audi\u00eancia de cust\u00f3dia est\u00e1 marcada para 12h30 deste s\u00e1bado e ser\u00e1 realizada por v\u00eddeo confer\u00eancia.<br><a href=\"https:\/\/g1.globo.com\/politica\/blog\/valdo-cruz\/noticia\/2023\/01\/10\/alexandre-de-moraes-determina-prisao-de-anderson-torres.ghtml\" target=\"_blank\" rel=\"noopener\">A pris\u00e3o de Torres foi determinada pelo ministro do Supremo Tribunal Federal (STF) Alexandre de Moraes<\/a>\u00a0ap\u00f3s os atos terroristas em Bras\u00edlia, em 8 de janeiro.<br><img data-opt-id=902558474  fetchpriority=\"high\" decoding=\"async\" src=\"https:\/\/s2.glbimg.com\/zWPkfy_5wZrrpU5jkffyun8HE3o=\/0x0:1170x700\/600x0\/smart\/filters:gifv():strip_icc()\/i.s3.glbimg.com\/v1\/AUTH_59edd422c0c84a879bd37670ae4f538a\/internal_photos\/bs\/2023\/B\/7\/nkqVWpR9KnW0zAaR7udQ\/pzzb3151.jpg\" alt=\"Anderson Torres em foto de arquivo \u2014 Foto: Fabio Rodrigues-Pozzebom\/Ag\u00eancia Brasil\"><br>Anderson Torres em foto de arquivo \u2014 Foto: Fabio Rodrigues-Pozzebom\/Ag\u00eancia Brasil\u00a0<br>Torres era secret\u00e1rio de Seguran\u00e7a P\u00fablica do Distrito Federal quando ocorreram a\u00a0<a href=\"https:\/\/g1.globo.com\/df\/distrito-federal\/noticia\/2023\/01\/08\/o-dia-em-que-bolsonaristas-invadiram-o-congresso-o-planalto-e-o-stf-como-isso-aconteceu-e-quais-as-consequencias.ghtml\" target=\"_blank\" rel=\"noopener\">invas\u00e3o e depreda\u00e7\u00e3o do Pal\u00e1cio do Planalto, do Congresso e do STF por bolsonaristas radicais<\/a>que defendem um golpe para derrubar o presidente Luiz In\u00e1cio\u00a0<a href=\"https:\/\/g1.globo.com\/politica\/politico\/lula\/\" target=\"_blank\" rel=\"noopener\">Lula<\/a>\u00a0da Silva.<br>A suspeita \u00e9 que Torres, em conjunto com setores da Pol\u00edcia Militar do DF e de militares, tenha atuado para facilitar a a\u00e7\u00e3o dos terroristas bolsonaristas. O ex-ministro nega (<em>leia mais abaixo<\/em>).<br>Ele estava em Miami, nos Estados Unidos, e\u00a0<a href=\"https:\/\/g1.globo.com\/politica\/blog\/natuza-nery\/post\/2023\/01\/13\/anderson-torres-comprou-passagem-de-volta-ao-brasil-sem-usar-sobrenome.ghtml\" target=\"_blank\" rel=\"noopener\">comprou passagem usando apenas os dois primeiros nomes, Anderson Gustavo<\/a>, como noticiado pelo\u00a0<a href=\"https:\/\/g1.globo.com\/politica\/blog\/natuza-nery\/\" target=\"_blank\" rel=\"noopener\">blog de Natuza Nery<\/a>.<br>Um v\u00eddeo obtido pelos produtores Luigi Sofio e Patricia Marques mostra Torres embarcando no aeroporto de Miami na sexta-feira (13). Assista abaixo:<br><br><br>Com pris\u00e3o decretada, Anderson Torres embarca de volta para o Brasil\u00a0<br>A pris\u00e3o de Torres foi determinada na ter\u00e7a-feira (10), por Moraes. A decis\u00e3o foi depois\u00a0<a href=\"https:\/\/g1.globo.com\/politica\/noticia\/2023\/01\/11\/em-julgamento-no-supremo-moraes-vota-para-manter-governador-do-df-afastado.ghtml\" target=\"_blank\" rel=\"noopener\">confirmada pelo plen\u00e1rio do Supremo Tribunal Federal (STF)<\/a>.<br>Logo ap\u00f3s a decis\u00e3o se tornar p\u00fablica, Torres disse, pelas redes sociais, que se entregaria.\u00a0<br><br><br>Alexandre de Moraes determina pris\u00e3o do ex-ministro da Justi\u00e7a Anderson Torres\u00a0<br>Torres assumiu a Secretaria de Seguran\u00e7a P\u00fablica do Distrito Federal depois de deixar o Minist\u00e9rio da Justi\u00e7a, com o fim do governo do ex-presidente\u00a0<a href=\"https:\/\/g1.globo.com\/politica\/politico\/jair-bolsonaro\/\" target=\"_blank\" rel=\"noopener\">Jair Bolsonaro<\/a>.<br>Ele foi nomeado por Ibaneis Rocha (MDB), governador do DF que tamb\u00e9m foi afastado do cargo pela Justi\u00e7a ap\u00f3s os atos terroristas de bolsonaristas em Bras\u00edlia.<br>Torres era o respons\u00e1vel pelo comando da seguran\u00e7a p\u00fablica do DF quando a depreda\u00e7\u00e3o de 8 de janeiro aconteceu.<br>O ent\u00e3o comandante da PM do DF, coronel F\u00e1bio Augusto Vieira,\u00a0<a href=\"https:\/\/g1.globo.com\/df\/distrito-federal\/noticia\/2023\/01\/10\/ex-comandante-da-policia-militar-do-df-e-preso.ghtml\" target=\"_blank\" rel=\"noopener\">tamb\u00e9m teve a pris\u00e3o decretada por Moraes e j\u00e1 se entregou<\/a>.<br><br>Torres nega coniv\u00eancia com terroristas<br><br>Horas ap\u00f3s os atos terroristas em Bras\u00edlia, na madrugada do dia 9 de janeiro, Anderson Torres se pronunciou pelas redes sociais,\u00a0<a href=\"https:\/\/g1.globo.com\/politica\/noticia\/2023\/01\/09\/anderson-torres-nega-conivencia-com-terroristas-e-chama-atos-antidemocraticos-de-execravel-episodio.ghtml\" target=\"_blank\" rel=\"noopener\">repudiou os ataques e negou coniv\u00eancia com os v\u00e2ndalos bolsonaristas<\/a>.<br>&#8220;Lamento profundamente que sejam levantadas hip\u00f3teses absurdas de qualquer tipo de coniv\u00eancia minha com as barb\u00e1ries que assistimos&#8221;, escreveu.<br>Na oportunidade, ele chamou os atos antidemocr\u00e1ticos de &#8220;execr\u00e1vel epis\u00f3dio&#8221;. &#8220;Em um caso de insanidade coletiva como esse, h\u00e1 que se buscar solu\u00e7\u00f5es coerentes com a import\u00e2ncia da democracia brasileira&#8221;, disse.<br>Ap\u00f3s a decreta\u00e7\u00e3o da pris\u00e3o,\u00a0<a href=\"https:\/\/g1.globo.com\/politica\/noticia\/2023\/01\/10\/anderson-torres-diz-que-vai-interromper-ferias-voltar-ao-brasil-e-se-entregar-a-justica.ghtml\" target=\"_blank\" rel=\"noopener\">Torres informou que interromperia as f\u00e9rias nos EUA e voltaria ao Brasil para se entregar \u00e0 Justi\u00e7a<\/a>.<br>&#8220;Hoje (10\/01), recebi not\u00edcia de que o Min\u00a0<a href=\"https:\/\/g1.globo.com\/tudo-sobre\/alexandre-de-moraes\/\" target=\"_blank\" rel=\"noopener\">Alexandre de Moraes<\/a>\u00a0do\u00a0<a href=\"https:\/\/g1.globo.com\/tudo-sobre\/supremo-tribunal-federal\/\" target=\"_blank\" rel=\"noopener\">STF<\/a>\u00a0determinou minha pris\u00e3o e autorizou busca em minha resid\u00eancia. Tomei a decis\u00e3o de interromper minhas f\u00e9rias e retornar ao Brasil. Irei me apresentar \u00e0 Justi\u00e7a e cuidar da minha defesa&#8221;, afirma Torres.<br>&#8220;Sempre pautei minhas a\u00e7\u00f5es pela \u00e9tica e pela legalidade. Acredito na justi\u00e7a brasileira e na for\u00e7a das institui\u00e7\u00f5es. Estou certo de que a verdade prevalecer\u00e1&#8221;, declarou.<br>A Pol\u00edcia Federal cumpriu mandado de busca e apreens\u00e3o na casa de Torres, em Bras\u00edlia. No local, foi encontrada uma\u00a0<a href=\"https:\/\/g1.globo.com\/politica\/noticia\/2023\/01\/12\/pf-encontra-na-casa-de-anderson-torres-minuta-de-decreto-para-instaurar-estado-de-defesa-no-tse-medida-e-inconstitucional.ghtml\" target=\"_blank\" rel=\"noopener\">minuta de um decreto para instaurar estado de defesa no Tribunal Superior Eleitoral (TSE) e mudar o resultado das elei\u00e7\u00f5es de 2022<\/a>.<br><br><br><br><br><br><br><br><br><br><br><br><br><br><br><br><br><br><br><br><br><br><br><br><br><br><br><br><br><br><br><br><br><br><br><br><br><br><br><br><br><br><br><br><br><br><br><br><br><br><br><br><br><br><br><br><br><br><br><br><br><br><br><br><br><br><br><br><br><br><br><br><br><br><br><br><br><br><br><br><br><br><br><br><br><br><br><br><br><br><br><br><br><br><br><br><br><br><br><br><br><br><br><br><br><br><br><br><br><br><br><br><br><br><br><br><br><br><br>O que aconteceu hoje, diretamente no seu e-mail<br>As not\u00edcias que voc\u00ea n\u00e3o pode perder diretamente no seu e-mail.\u00a0<br>Para se inscrever, entre ou crie uma Conta Globo gratuita.<\/figcaption><\/figure>\n","protected":false},"excerpt":{"rendered":"","protected":false},"author":1,"featured_media":0,"comment_status":"open","ping_status":"open","sticky":false,"template":"","format":"standard","meta":{"site-sidebar-layout":"default","site-content-layout":"","ast-site-content-layout":"default","site-content-style":"default","site-sidebar-style":"default","ast-global-header-display":"","ast-banner-title-visibility":"","ast-main-header-display":"","ast-hfb-above-header-display":"","ast-hfb-below-header-display":"","ast-hfb-mobile-header-display":"","site-post-title":"","ast-breadcrumbs-content":"","ast-featured-img":"","footer-sml-layout":"","ast-disable-related-posts":"","theme-transparent-header-meta":"","adv-header-id-meta":"","stick-header-meta":"","header-above-stick-meta":"","header-main-stick-meta":"","header-below-stick-meta":"","astra-migrate-meta-layouts":"default","ast-page-background-enabled":"default","ast-page-background-meta":{"desktop":{"background-color":"var(--ast-global-color-4)","background-image":"","background-repeat":"repeat","background-position":"center center","background-size":"auto","background-attachment":"scroll","background-type":"","background-media":"","overlay-type":"","overlay-color":"","overlay-opacity":"","overlay-gradient":""},"tablet":{"background-color":"","background-image":"","background-repeat":"repeat","background-position":"center center","background-size":"auto","background-attachment":"scroll","background-type":"","background-media":"","overlay-type":"","overlay-color":"","overlay-opacity":"","overlay-gradient":""},"mobile":{"background-color":"","background-image":"","background-repeat":"repeat","background-position":"center center","background-size":"auto","background-attachment":"scroll","background-type":"","background-media":"","overlay-type":"","overlay-color":"","overlay-opacity":"","overlay-gradient":""}},"ast-content-background-meta":{"desktop":{"background-color":"var(--ast-global-color-5)","background-image":"","background-repeat":"repeat","background-position":"center center","background-size":"auto","background-attachment":"scroll","background-type":"","background-media":"","overlay-type":"","overlay-color":"","overlay-opacity":"","overlay-gradient":""},"tablet":{"background-color":"var(--ast-global-color-5)","background-image":"","background-repeat":"repeat","background-position":"center center","background-size":"auto","background-attachment":"scroll","background-type":"","background-media":"","overlay-type":"","overlay-color":"","overlay-opacity":"","overlay-gradient":""},"mobile":{"background-color":"var(--ast-global-color-5)","background-image":"","background-repeat":"repeat","background-position":"center center","background-size":"auto","background-attachment":"scroll","background-type":"","background-media":"","overlay-type":"","overlay-color":"","overlay-opacity":"","overlay-gradient":""}},"footnotes":""},"categories":[517],"tags":[2400,50,22,199,525],"class_list":["post-14107","post","type-post","status-publish","format-standard","hentry","category-aconteceu","tag-anderson-torres","tag-noticias-do-face","tag-noticias-no-face","tag-noticiasnoface","tag-preso"],"_links":{"self":[{"href":"https:\/\/noticiasnoface.com.br\/index.php\/wp-json\/wp\/v2\/posts\/14107","targetHints":{"allow":["GET"]}}],"collection":[{"href":"https:\/\/noticiasnoface.com.br\/index.php\/wp-json\/wp\/v2\/posts"}],"about":[{"href":"https:\/\/noticiasnoface.com.br\/index.php\/wp-json\/wp\/v2\/types\/post"}],"author":[{"embeddable":true,"href":"https:\/\/noticiasnoface.com.br\/index.php\/wp-json\/wp\/v2\/users\/1"}],"replies":[{"embeddable":true,"href":"https:\/\/noticiasnoface.com.br\/index.php\/wp-json\/wp\/v2\/comments?post=14107"}],"version-history":[{"count":1,"href":"https:\/\/noticiasnoface.com.br\/index.php\/wp-json\/wp\/v2\/posts\/14107\/revisions"}],"predecessor-version":[{"id":14109,"href":"https:\/\/noticiasnoface.com.br\/index.php\/wp-json\/wp\/v2\/posts\/14107\/revisions\/14109"}],"wp:attachment":[{"href":"https:\/\/noticiasnoface.com.br\/index.php\/wp-json\/wp\/v2\/media?parent=14107"}],"wp:term":[{"taxonomy":"category","embeddable":true,"href":"https:\/\/noticiasnoface.com.br\/index.php\/wp-json\/wp\/v2\/categories?post=14107"},{"taxonomy":"post_tag","embeddable":true,"href":"https:\/\/noticiasnoface.com.br\/index.php\/wp-json\/wp\/v2\/tags?post=14107"}],"curies":[{"name":"wp","href":"https:\/\/api.w.org\/{rel}","templated":true}]}}