{"id":14129,"date":"2023-01-15T20:12:24","date_gmt":"2023-01-15T23:12:24","guid":{"rendered":"https:\/\/noticiasnoface.com.br\/?p=14129"},"modified":"2023-01-15T20:12:26","modified_gmt":"2023-01-15T23:12:26","slug":"ministros-de-lula-serao-revistados-antes-de-falar-com-o-presidente","status":"publish","type":"post","link":"https:\/\/noticiasnoface.com.br\/index.php\/2023\/01\/15\/ministros-de-lula-serao-revistados-antes-de-falar-com-o-presidente\/","title":{"rendered":"Ministros de Lula ser\u00e3o revistados antes de falar com o presidente"},"content":{"rendered":"\n<figure class=\"wp-block-image size-full is-resized\"><img data-opt-id=295306688  fetchpriority=\"high\" decoding=\"async\" src=\"https:\/\/mlbfrsat7ahr.i.optimole.com\/w:auto\/h:auto\/q:mauto\/ig:avif\/https:\/\/noticiasnoface.com.br\/wp-content\/uploads\/2023\/01\/13A4DF9E-6D53-4C10-B3CF-63AF8DE4644E.jpeg\" alt=\"\" class=\"wp-image-14130\" width=\"288\" height=\"196\"\/><figcaption class=\"wp-element-caption\">O presidente Lula tem proibido ministros e assessores de entrarem com o celular em seu gabinete, localizado no terceiro andar do Pal\u00e1cio do Planalto, e todos eles passar\u00e3o por uma revista antes de entrar para falar com o Lula.<br>Segundo auxiliares presidenciais, ministros e assessores palacianos precisam deixar o aparelho na antessala antes de adentrar no gabinete de Lula para despachar.<br>Por conta da proibi\u00e7\u00e3o, auxiliares que se re\u00fanem com o presidente no gabinete do Planalto costumam levar impressos documentos que apresentar\u00e3o a Lula.<br>Na primeira reuni\u00e3o ministeral ampliada do novo governo, realizada em 6 de janeiro numa sala do Planalto, Lula tamb\u00e9m proibiu que seus ministros portassem celular.<br>Interlocutores dizem que, al\u00e9m de evitar grava\u00e7\u00f5es indesejadas, Lula veta celulares nesses encontros para evitar que seus auxiliares se distraiam. O presidente, como j\u00e1 noticiou a coluna, n\u00e3o tem celular pr\u00f3prio.<br>Diferente de Lula, Jair Bolsonaro costumava permitir que alguns de seus ministros e assessores mais pr\u00f3ximos entrassem com o celular no gabinete presidencial.<\/figcaption><\/figure>\n","protected":false},"excerpt":{"rendered":"","protected":false},"author":1,"featured_media":0,"comment_status":"open","ping_status":"open","sticky":false,"template":"","format":"standard","meta":{"site-sidebar-layout":"default","site-content-layout":"","ast-site-content-layout":"default","site-content-style":"default","site-sidebar-style":"default","ast-global-header-display":"","ast-banner-title-visibility":"","ast-main-header-display":"","ast-hfb-above-header-display":"","ast-hfb-below-header-display":"","ast-hfb-mobile-header-display":"","site-post-title":"","ast-breadcrumbs-content":"","ast-featured-img":"","footer-sml-layout":"","ast-disable-related-posts":"","theme-transparent-header-meta":"","adv-header-id-meta":"","stick-header-meta":"","header-above-stick-meta":"","header-main-stick-meta":"","header-below-stick-meta":"","astra-migrate-meta-layouts":"default","ast-page-background-enabled":"default","ast-page-background-meta":{"desktop":{"background-color":"var(--ast-global-color-4)","background-image":"","background-repeat":"repeat","background-position":"center center","background-size":"auto","background-attachment":"scroll","background-type":"","background-media":"","overlay-type":"","overlay-color":"","overlay-opacity":"","overlay-gradient":""},"tablet":{"background-color":"","background-image":"","background-repeat":"repeat","background-position":"center center","background-size":"auto","background-attachment":"scroll","background-type":"","background-media":"","overlay-type":"","overlay-color":"","overlay-opacity":"","overlay-gradient":""},"mobile":{"background-color":"","background-image":"","background-repeat":"repeat","background-position":"center center","background-size":"auto","background-attachment":"scroll","background-type":"","background-media":"","overlay-type":"","overlay-color":"","overlay-opacity":"","overlay-gradient":""}},"ast-content-background-meta":{"desktop":{"background-color":"var(--ast-global-color-5)","background-image":"","background-repeat":"repeat","background-position":"center center","background-size":"auto","background-attachment":"scroll","background-type":"","background-media":"","overlay-type":"","overlay-color":"","overlay-opacity":"","overlay-gradient":""},"tablet":{"background-color":"var(--ast-global-color-5)","background-image":"","background-repeat":"repeat","background-position":"center center","background-size":"auto","background-attachment":"scroll","background-type":"","background-media":"","overlay-type":"","overlay-color":"","overlay-opacity":"","overlay-gradient":""},"mobile":{"background-color":"var(--ast-global-color-5)","background-image":"","background-repeat":"repeat","background-position":"center center","background-size":"auto","background-attachment":"scroll","background-type":"","background-media":"","overlay-type":"","overlay-color":"","overlay-opacity":"","overlay-gradient":""}},"footnotes":""},"categories":[517],"tags":[215,50,22,199,2058,1172],"class_list":["post-14129","post","type-post","status-publish","format-standard","hentry","category-aconteceu","tag-lula","tag-noticias-do-face","tag-noticias-no-face","tag-noticiasnoface","tag-presidente-lula","tag-revista"],"_links":{"self":[{"href":"https:\/\/noticiasnoface.com.br\/index.php\/wp-json\/wp\/v2\/posts\/14129","targetHints":{"allow":["GET"]}}],"collection":[{"href":"https:\/\/noticiasnoface.com.br\/index.php\/wp-json\/wp\/v2\/posts"}],"about":[{"href":"https:\/\/noticiasnoface.com.br\/index.php\/wp-json\/wp\/v2\/types\/post"}],"author":[{"embeddable":true,"href":"https:\/\/noticiasnoface.com.br\/index.php\/wp-json\/wp\/v2\/users\/1"}],"replies":[{"embeddable":true,"href":"https:\/\/noticiasnoface.com.br\/index.php\/wp-json\/wp\/v2\/comments?post=14129"}],"version-history":[{"count":1,"href":"https:\/\/noticiasnoface.com.br\/index.php\/wp-json\/wp\/v2\/posts\/14129\/revisions"}],"predecessor-version":[{"id":14131,"href":"https:\/\/noticiasnoface.com.br\/index.php\/wp-json\/wp\/v2\/posts\/14129\/revisions\/14131"}],"wp:attachment":[{"href":"https:\/\/noticiasnoface.com.br\/index.php\/wp-json\/wp\/v2\/media?parent=14129"}],"wp:term":[{"taxonomy":"category","embeddable":true,"href":"https:\/\/noticiasnoface.com.br\/index.php\/wp-json\/wp\/v2\/categories?post=14129"},{"taxonomy":"post_tag","embeddable":true,"href":"https:\/\/noticiasnoface.com.br\/index.php\/wp-json\/wp\/v2\/tags?post=14129"}],"curies":[{"name":"wp","href":"https:\/\/api.w.org\/{rel}","templated":true}]}}