{"id":14138,"date":"2023-01-16T07:59:18","date_gmt":"2023-01-16T10:59:18","guid":{"rendered":"https:\/\/noticiasnoface.com.br\/?p=14138"},"modified":"2023-01-16T07:59:24","modified_gmt":"2023-01-16T10:59:24","slug":"quando-lula-vai-comecar-a-governar-o-brasil","status":"publish","type":"post","link":"https:\/\/noticiasnoface.com.br\/index.php\/2023\/01\/16\/quando-lula-vai-comecar-a-governar-o-brasil\/","title":{"rendered":"Quando Lula vai come\u00e7ar a governar o Brasil?"},"content":{"rendered":"\n<figure class=\"wp-block-image size-large\"><img data-opt-id=1113032131  fetchpriority=\"high\" decoding=\"async\" width=\"1024\" height=\"646\" src=\"https:\/\/mlbfrsat7ahr.i.optimole.com\/w:1024\/h:646\/q:mauto\/ig:avif\/https:\/\/noticiasnoface.com.br\/wp-content\/uploads\/2023\/01\/832E2330-655C-4954-8AE3-18F5B2AABD1B.jpeg\" alt=\"\" class=\"wp-image-14139\" srcset=\"https:\/\/mlbfrsat7ahr.i.optimole.com\/w:1024\/h:646\/q:mauto\/ig:avif\/https:\/\/noticiasnoface.com.br\/wp-content\/uploads\/2023\/01\/832E2330-655C-4954-8AE3-18F5B2AABD1B.jpeg 1024w, https:\/\/mlbfrsat7ahr.i.optimole.com\/w:300\/h:189\/q:mauto\/ig:avif\/https:\/\/noticiasnoface.com.br\/wp-content\/uploads\/2023\/01\/832E2330-655C-4954-8AE3-18F5B2AABD1B.jpeg 300w, https:\/\/mlbfrsat7ahr.i.optimole.com\/w:768\/h:485\/q:mauto\/ig:avif\/https:\/\/noticiasnoface.com.br\/wp-content\/uploads\/2023\/01\/832E2330-655C-4954-8AE3-18F5B2AABD1B.jpeg 768w, https:\/\/mlbfrsat7ahr.i.optimole.com\/w:1280\/h:808\/q:mauto\/ig:avif\/https:\/\/noticiasnoface.com.br\/wp-content\/uploads\/2023\/01\/832E2330-655C-4954-8AE3-18F5B2AABD1B.jpeg 1280w\" sizes=\"(max-width: 1000px) 100vw, 1000px\" \/><figcaption class=\"wp-element-caption\">O governo Lula precisa come\u00e7ar a governar o Brasil. O presidente e o seu sistema de apoio agem como se o pa\u00eds n\u00e3o tivesse nenhuma outra quest\u00e3o al\u00e9m da invas\u00e3o e depreda\u00e7\u00e3o das sedes dos tr\u00eas Poderes, no domingo passado. Est\u00e3o encantados com a repress\u00e3o que fazem contra os acusados pelos crimes cometidos em Bras\u00edlia, com as pris\u00f5es em massa, com os processos, com as multas de R$ 100 mil reais por hora, com a pol\u00edcia. Descobriram o gosto de ter o chicote na m\u00e3o. Falam em expurgos, castigo, cadeia. N\u00e3o conseguem mudar de assunto, e nem de rumo. Mas existe a\u00ed um pa\u00eds com 215 milh\u00f5es de pessoas que precisam continuar a trabalhar e a cuidar da vida; existe um Brasil que vai al\u00e9m da Esplanada dos Minist\u00e9rios. Essa popula\u00e7\u00e3o, esse Brasil e o seu caminh\u00e3o de problemas reais parecem ser a \u00faltima preocupa\u00e7\u00e3o do presidente e do seu entorno. D\u00e3o a impress\u00e3o, a cada dia, que n\u00e3o t\u00eam um projeto de governo, e sim um projeto de vingan\u00e7a.<br>A\u00a0<a href=\"https:\/\/www.b3.com.br\/pt_br\/\" target=\"_blank\" rel=\"noreferrer noopener\"><strong>Bolsa de Valores<\/strong><\/a>, desde o dia 1\u02da de janeiro, perdeu R$ 500 bilh\u00f5es. N\u00e3o \u00e9, como Lula diz, uma bobagem que s\u00f3 afeta meia d\u00fazia de meninos na Avenida Faria Lima, e sim um \u00f3bvio aviso de que o Brasil real n\u00e3o confia na compet\u00eancia da equipe econ\u00f4mica para manter a recupera\u00e7\u00e3o p\u00f3s-covid-19 \u2014 e menos ainda nas suas inten\u00e7\u00f5es. A primeira not\u00edcia de destaque na \u00e1rea industrial \u00e9 a demiss\u00e3o de 2 mil trabalhadores de uma das maiores empresas t\u00eaxteis do Brasil. O Banco Ita\u00fa, por meio do seu bra\u00e7o de gest\u00e3o de recursos, alerta para a demoli\u00e7\u00e3o da \u00e2ncora fiscal, o silencio sobre a reforma tribut\u00e1ria e um poss\u00edvel aumento de impostos. A expectativa \u00e9 de \u201cbaixo crescimento, infla\u00e7\u00e3o alta, juros elevados e aumento da d\u00edvida p\u00fablica\u201d. \u00c9 um balan\u00e7o miser\u00e1vel para 15 dias de governo. Mas a obsess\u00e3o do Sistema Lula \u00e9 fazer pol\u00edtica 25 horas por dia \u2014 s\u00f3 se pensa em eliminar os advers\u00e1rios, ocupar empregos na m\u00e1quina do Estado e proibir o povo de ir para a rua.<\/figcaption><\/figure>\n","protected":false},"excerpt":{"rendered":"","protected":false},"author":1,"featured_media":0,"comment_status":"open","ping_status":"open","sticky":false,"template":"","format":"standard","meta":{"site-sidebar-layout":"default","site-content-layout":"","ast-site-content-layout":"default","site-content-style":"default","site-sidebar-style":"default","ast-global-header-display":"","ast-banner-title-visibility":"","ast-main-header-display":"","ast-hfb-above-header-display":"","ast-hfb-below-header-display":"","ast-hfb-mobile-header-display":"","site-post-title":"","ast-breadcrumbs-content":"","ast-featured-img":"","footer-sml-layout":"","ast-disable-related-posts":"","theme-transparent-header-meta":"","adv-header-id-meta":"","stick-header-meta":"","header-above-stick-meta":"","header-main-stick-meta":"","header-below-stick-meta":"","astra-migrate-meta-layouts":"default","ast-page-background-enabled":"default","ast-page-background-meta":{"desktop":{"background-color":"var(--ast-global-color-4)","background-image":"","background-repeat":"repeat","background-position":"center center","background-size":"auto","background-attachment":"scroll","background-type":"","background-media":"","overlay-type":"","overlay-color":"","overlay-opacity":"","overlay-gradient":""},"tablet":{"background-color":"","background-image":"","background-repeat":"repeat","background-position":"center center","background-size":"auto","background-attachment":"scroll","background-type":"","background-media":"","overlay-type":"","overlay-color":"","overlay-opacity":"","overlay-gradient":""},"mobile":{"background-color":"","background-image":"","background-repeat":"repeat","background-position":"center center","background-size":"auto","background-attachment":"scroll","background-type":"","background-media":"","overlay-type":"","overlay-color":"","overlay-opacity":"","overlay-gradient":""}},"ast-content-background-meta":{"desktop":{"background-color":"var(--ast-global-color-5)","background-image":"","background-repeat":"repeat","background-position":"center center","background-size":"auto","background-attachment":"scroll","background-type":"","background-media":"","overlay-type":"","overlay-color":"","overlay-opacity":"","overlay-gradient":""},"tablet":{"background-color":"var(--ast-global-color-5)","background-image":"","background-repeat":"repeat","background-position":"center center","background-size":"auto","background-attachment":"scroll","background-type":"","background-media":"","overlay-type":"","overlay-color":"","overlay-opacity":"","overlay-gradient":""},"mobile":{"background-color":"var(--ast-global-color-5)","background-image":"","background-repeat":"repeat","background-position":"center center","background-size":"auto","background-attachment":"scroll","background-type":"","background-media":"","overlay-type":"","overlay-color":"","overlay-opacity":"","overlay-gradient":""}},"footnotes":""},"categories":[517],"tags":[202,215,50,22,199,2058],"class_list":["post-14138","post","type-post","status-publish","format-standard","hentry","category-aconteceu","tag-brasil","tag-lula","tag-noticias-do-face","tag-noticias-no-face","tag-noticiasnoface","tag-presidente-lula"],"_links":{"self":[{"href":"https:\/\/noticiasnoface.com.br\/index.php\/wp-json\/wp\/v2\/posts\/14138","targetHints":{"allow":["GET"]}}],"collection":[{"href":"https:\/\/noticiasnoface.com.br\/index.php\/wp-json\/wp\/v2\/posts"}],"about":[{"href":"https:\/\/noticiasnoface.com.br\/index.php\/wp-json\/wp\/v2\/types\/post"}],"author":[{"embeddable":true,"href":"https:\/\/noticiasnoface.com.br\/index.php\/wp-json\/wp\/v2\/users\/1"}],"replies":[{"embeddable":true,"href":"https:\/\/noticiasnoface.com.br\/index.php\/wp-json\/wp\/v2\/comments?post=14138"}],"version-history":[{"count":1,"href":"https:\/\/noticiasnoface.com.br\/index.php\/wp-json\/wp\/v2\/posts\/14138\/revisions"}],"predecessor-version":[{"id":14140,"href":"https:\/\/noticiasnoface.com.br\/index.php\/wp-json\/wp\/v2\/posts\/14138\/revisions\/14140"}],"wp:attachment":[{"href":"https:\/\/noticiasnoface.com.br\/index.php\/wp-json\/wp\/v2\/media?parent=14138"}],"wp:term":[{"taxonomy":"category","embeddable":true,"href":"https:\/\/noticiasnoface.com.br\/index.php\/wp-json\/wp\/v2\/categories?post=14138"},{"taxonomy":"post_tag","embeddable":true,"href":"https:\/\/noticiasnoface.com.br\/index.php\/wp-json\/wp\/v2\/tags?post=14138"}],"curies":[{"name":"wp","href":"https:\/\/api.w.org\/{rel}","templated":true}]}}