{"id":14167,"date":"2023-01-17T23:55:49","date_gmt":"2023-01-18T02:55:49","guid":{"rendered":"https:\/\/noticiasnoface.com.br\/?p=14167"},"modified":"2023-01-17T23:55:53","modified_gmt":"2023-01-18T02:55:53","slug":"mulher-entra-em-hospital-para-ter-bebe-e-sai-com-mao-amputada","status":"publish","type":"post","link":"https:\/\/noticiasnoface.com.br\/index.php\/2023\/01\/17\/mulher-entra-em-hospital-para-ter-bebe-e-sai-com-mao-amputada\/","title":{"rendered":"Mulher entra em hospital para ter beb\u00ea e sai com m\u00e3o amputada"},"content":{"rendered":"\n<figure class=\"wp-block-image size-full\"><img data-opt-id=728627568  fetchpriority=\"high\" decoding=\"async\" width=\"708\" height=\"471\" src=\"https:\/\/mlbfrsat7ahr.i.optimole.com\/w:auto\/h:auto\/q:mauto\/ig:avif\/https:\/\/noticiasnoface.com.br\/wp-content\/uploads\/2023\/01\/4F73870B-50B0-47B5-B5C1-597836869862.jpeg\" alt=\"\" class=\"wp-image-14168\" srcset=\"https:\/\/mlbfrsat7ahr.i.optimole.com\/w:708\/h:471\/q:mauto\/ig:avif\/https:\/\/noticiasnoface.com.br\/wp-content\/uploads\/2023\/01\/4F73870B-50B0-47B5-B5C1-597836869862.jpeg 708w, https:\/\/mlbfrsat7ahr.i.optimole.com\/w:300\/h:200\/q:mauto\/ig:avif\/https:\/\/noticiasnoface.com.br\/wp-content\/uploads\/2023\/01\/4F73870B-50B0-47B5-B5C1-597836869862.jpeg 300w\" sizes=\"(max-width: 708px) 100vw, 708px\" \/><figcaption class=\"wp-element-caption\">Mulher vai dar \u00e0 luz e sai com m\u00e3o amputada de hospital no Rio<br>Ap\u00f3s tr\u00eas meses, fam\u00edlia e v\u00edtima continuam exigindo esclarecimentos sobre causa da amputa\u00e7\u00e3o e queixam falta de aux\u00edlio<br><img data-opt-id=807828101  fetchpriority=\"high\" decoding=\"async\" src=\"https:\/\/oianoticias.com.br\/images\/noticias\/2476\/17010938_Captura_de.jpg\"><br>Uma mulher de 24 anos deu entrada em um hospital para dar \u00e0 luz e saiu com a m\u00e3o e punho esquerdos amputados. A amputa\u00e7\u00e3o, que aconteceu em outubro do ano passado, segue ainda sendo um mist\u00e9rio para a v\u00edtima e para a fam\u00edlia.\u00a0<br><br>De acordo com a advogada da v\u00edtima, Gleice Kelly deu entrada no Hospital da Mulher Interm\u00e9dica de Jacarepagu\u00e1, na Zona Oeste Rio, quando estava gr\u00e1vida de 39 semanas. Ela passou por um parto normal, e o procedimento desencadeou uma hemorragia interna. Com o objetivo de estancar o sangramento, a equipe m\u00e9dica realizou um acesso venoso pela m\u00e3o da paciente.\u00a0<br><br>&#8220;A Gleice Kelly entrou na mesa de parto para ter o terceiro filho, de parto normal e foi um sucesso, a crian\u00e7a nasceu saud\u00e1vel, mas ela teve um sangramento, uma hemorragia que n\u00e3o conseguiam cessar. Ent\u00e3o fizeram um acesso venoso e come\u00e7aram a colocar bastante medica\u00e7\u00e3o ali para tentar conter a hemorragia. S\u00f3 que, o que a gente entende \u00e9 que esse acesso saiu da veia dela e come\u00e7ou a inchar a m\u00e3o, trazer dores e incha\u00e7o, e ficou vermelho&#8221;, contou a advogada Monalisa Gagno ao jornal &#8220;O Dia&#8221;.\u00a0<br><br>A fam\u00edlia alega que, mesmo ap\u00f3s pedidos, a equipe m\u00e9dica n\u00e3o buscou entender os motivos que levaram ao incha\u00e7o da m\u00e3o de Gleice e a transferiram para uma unidade da mesma rede hospitalar em S\u00e3o Gon\u00e7alo. Nesta unidade m\u00e9dica, a v\u00edtima teve a m\u00e3o e punho amputados. Para completar, a m\u00e3o e punho desapareceram.\u00a0<br><br>&#8220;At\u00e9 hoje a gente n\u00e3o tem nenhum contato do hospital, nenhuma resposta sobre o que de fato aconteceu. N\u00e3o houve nenhuma apura\u00e7\u00e3o, ningu\u00e9m explicou pra fam\u00edlia, nem no momento e nem antes da cirurgia. Em nenhum momento houve alguma explica\u00e7\u00e3o por parte deles e dos m\u00e9dicos que a atenderam sobre o que aconteceu tanto com a hemorragia, quanto a perda do do membro&#8221;, disse a advogada.\u00a0<br><br>Em dezembro, Gleice teve sangramentos e voltou \u00e0 cl\u00ednica. Ap\u00f3s exames, ela foi novamente internada porque o m\u00e9dico havia esquecido parte da placenta dentro da paciente. Isso fez com que ela tivesse que passar por um novo procedimento cir\u00fargico.\u00a0<br><br>Al\u00e9m de buscar explica\u00e7\u00f5es, o centro m\u00e9dico \u00e9 acusado de n\u00e3o ter prestado aux\u00edlio adequado. Tiveram o acompanhamento um profissional ia at\u00e9 a casa da v\u00edtima para trocar curativos do corte no bra\u00e7o e nada mais. Agora, a fam\u00edlia segue em busca de respostas.\u00a0<\/figcaption><\/figure>\n","protected":false},"excerpt":{"rendered":"","protected":false},"author":1,"featured_media":0,"comment_status":"open","ping_status":"open","sticky":false,"template":"","format":"standard","meta":{"site-sidebar-layout":"default","site-content-layout":"","ast-site-content-layout":"default","site-content-style":"default","site-sidebar-style":"default","ast-global-header-display":"","ast-banner-title-visibility":"","ast-main-header-display":"","ast-hfb-above-header-display":"","ast-hfb-below-header-display":"","ast-hfb-mobile-header-display":"","site-post-title":"","ast-breadcrumbs-content":"","ast-featured-img":"","footer-sml-layout":"","ast-disable-related-posts":"","theme-transparent-header-meta":"","adv-header-id-meta":"","stick-header-meta":"","header-above-stick-meta":"","header-main-stick-meta":"","header-below-stick-meta":"","astra-migrate-meta-layouts":"default","ast-page-background-enabled":"default","ast-page-background-meta":{"desktop":{"background-color":"var(--ast-global-color-4)","background-image":"","background-repeat":"repeat","background-position":"center center","background-size":"auto","background-attachment":"scroll","background-type":"","background-media":"","overlay-type":"","overlay-color":"","overlay-opacity":"","overlay-gradient":""},"tablet":{"background-color":"","background-image":"","background-repeat":"repeat","background-position":"center center","background-size":"auto","background-attachment":"scroll","background-type":"","background-media":"","overlay-type":"","overlay-color":"","overlay-opacity":"","overlay-gradient":""},"mobile":{"background-color":"","background-image":"","background-repeat":"repeat","background-position":"center center","background-size":"auto","background-attachment":"scroll","background-type":"","background-media":"","overlay-type":"","overlay-color":"","overlay-opacity":"","overlay-gradient":""}},"ast-content-background-meta":{"desktop":{"background-color":"var(--ast-global-color-5)","background-image":"","background-repeat":"repeat","background-position":"center center","background-size":"auto","background-attachment":"scroll","background-type":"","background-media":"","overlay-type":"","overlay-color":"","overlay-opacity":"","overlay-gradient":""},"tablet":{"background-color":"var(--ast-global-color-5)","background-image":"","background-repeat":"repeat","background-position":"center center","background-size":"auto","background-attachment":"scroll","background-type":"","background-media":"","overlay-type":"","overlay-color":"","overlay-opacity":"","overlay-gradient":""},"mobile":{"background-color":"var(--ast-global-color-5)","background-image":"","background-repeat":"repeat","background-position":"center center","background-size":"auto","background-attachment":"scroll","background-type":"","background-media":"","overlay-type":"","overlay-color":"","overlay-opacity":"","overlay-gradient":""}},"footnotes":""},"categories":[517],"tags":[2428,722,199],"class_list":["post-14167","post","type-post","status-publish","format-standard","hentry","category-aconteceu","tag-mao-amputada","tag-mulher","tag-noticiasnoface"],"_links":{"self":[{"href":"https:\/\/noticiasnoface.com.br\/index.php\/wp-json\/wp\/v2\/posts\/14167","targetHints":{"allow":["GET"]}}],"collection":[{"href":"https:\/\/noticiasnoface.com.br\/index.php\/wp-json\/wp\/v2\/posts"}],"about":[{"href":"https:\/\/noticiasnoface.com.br\/index.php\/wp-json\/wp\/v2\/types\/post"}],"author":[{"embeddable":true,"href":"https:\/\/noticiasnoface.com.br\/index.php\/wp-json\/wp\/v2\/users\/1"}],"replies":[{"embeddable":true,"href":"https:\/\/noticiasnoface.com.br\/index.php\/wp-json\/wp\/v2\/comments?post=14167"}],"version-history":[{"count":1,"href":"https:\/\/noticiasnoface.com.br\/index.php\/wp-json\/wp\/v2\/posts\/14167\/revisions"}],"predecessor-version":[{"id":14169,"href":"https:\/\/noticiasnoface.com.br\/index.php\/wp-json\/wp\/v2\/posts\/14167\/revisions\/14169"}],"wp:attachment":[{"href":"https:\/\/noticiasnoface.com.br\/index.php\/wp-json\/wp\/v2\/media?parent=14167"}],"wp:term":[{"taxonomy":"category","embeddable":true,"href":"https:\/\/noticiasnoface.com.br\/index.php\/wp-json\/wp\/v2\/categories?post=14167"},{"taxonomy":"post_tag","embeddable":true,"href":"https:\/\/noticiasnoface.com.br\/index.php\/wp-json\/wp\/v2\/tags?post=14167"}],"curies":[{"name":"wp","href":"https:\/\/api.w.org\/{rel}","templated":true}]}}