{"id":14177,"date":"2023-01-18T10:46:39","date_gmt":"2023-01-18T13:46:39","guid":{"rendered":"https:\/\/noticiasnoface.com.br\/?p=14177"},"modified":"2023-01-18T10:46:42","modified_gmt":"2023-01-18T13:46:42","slug":"escandalo-neto-de-lula-com-apenas-18-anos-assume-cargo-de-chefia","status":"publish","type":"post","link":"https:\/\/noticiasnoface.com.br\/index.php\/2023\/01\/18\/escandalo-neto-de-lula-com-apenas-18-anos-assume-cargo-de-chefia\/","title":{"rendered":"ESC\u00c2NDALO- Neto de Lula com apenas 18 anos assume cargo de chefia"},"content":{"rendered":"\n<figure class=\"wp-block-image size-full\"><img data-opt-id=1611850398  fetchpriority=\"high\" decoding=\"async\" width=\"800\" height=\"450\" src=\"https:\/\/mlbfrsat7ahr.i.optimole.com\/w:auto\/h:auto\/q:mauto\/ig:avif\/https:\/\/noticiasnoface.com.br\/wp-content\/uploads\/2023\/01\/A85ED8AC-EAC2-444F-A35C-57977CD66412.jpeg\" alt=\"\" class=\"wp-image-14178\" srcset=\"https:\/\/mlbfrsat7ahr.i.optimole.com\/w:800\/h:450\/q:mauto\/ig:avif\/https:\/\/noticiasnoface.com.br\/wp-content\/uploads\/2023\/01\/A85ED8AC-EAC2-444F-A35C-57977CD66412.jpeg 800w, https:\/\/mlbfrsat7ahr.i.optimole.com\/w:300\/h:169\/q:mauto\/ig:avif\/https:\/\/noticiasnoface.com.br\/wp-content\/uploads\/2023\/01\/A85ED8AC-EAC2-444F-A35C-57977CD66412.jpeg 300w, https:\/\/mlbfrsat7ahr.i.optimole.com\/w:768\/h:432\/q:mauto\/ig:avif\/https:\/\/noticiasnoface.com.br\/wp-content\/uploads\/2023\/01\/A85ED8AC-EAC2-444F-A35C-57977CD66412.jpeg 768w\" sizes=\"(max-width: 800px) 100vw, 800px\" \/><figcaption class=\"wp-element-caption\">Neto de Lula recebe cargo em governo aos 18 anos .<br><br>Jo\u00e3o Gabriel Lula da Silva Sato Rosa, neto do presidente Luiz In\u00e1cio Lula da Silva (PT), recebeu um cargo no governo de Sergipe. Aos 18 anos de idade, o jovem ser\u00e1 assessor chefe extraordin\u00e1rio 3 na Secretaria de Estado da Educa\u00e7\u00e3o.<br>Segundo informa\u00e7\u00f5es da Folha de S\u00e3o Paulo, o sal\u00e1rio-base para o cargo de Jo\u00e3o Gabriel \u00e9 de R$ 1.500, mas h\u00e1 gratifica\u00e7\u00f5es que podem elevar os vencimentos a mais do que 10 vezes esse valor.<br>Em nota, o governo de Sergipe afirmou que &#8220;a nomea\u00e7\u00e3o de Jo\u00e3o Gabriel Lula da Silva Sato Rosa pautou-se em crit\u00e9rios t\u00e9cnicos&#8221;.<br>Jo\u00e3o Gabriel \u00e9 filho de Lurian Cordeiro Lula da Silva, filha mais velha do presidente, coordenadora de Direitos Humanos do Partido dos trabalhadores (PT) de Sergipe.<\/figcaption><\/figure>\n","protected":false},"excerpt":{"rendered":"","protected":false},"author":1,"featured_media":0,"comment_status":"open","ping_status":"open","sticky":false,"template":"","format":"standard","meta":{"site-sidebar-layout":"default","site-content-layout":"","ast-site-content-layout":"default","site-content-style":"default","site-sidebar-style":"default","ast-global-header-display":"","ast-banner-title-visibility":"","ast-main-header-display":"","ast-hfb-above-header-display":"","ast-hfb-below-header-display":"","ast-hfb-mobile-header-display":"","site-post-title":"","ast-breadcrumbs-content":"","ast-featured-img":"","footer-sml-layout":"","ast-disable-related-posts":"","theme-transparent-header-meta":"","adv-header-id-meta":"","stick-header-meta":"","header-above-stick-meta":"","header-main-stick-meta":"","header-below-stick-meta":"","astra-migrate-meta-layouts":"default","ast-page-background-enabled":"default","ast-page-background-meta":{"desktop":{"background-color":"var(--ast-global-color-4)","background-image":"","background-repeat":"repeat","background-position":"center center","background-size":"auto","background-attachment":"scroll","background-type":"","background-media":"","overlay-type":"","overlay-color":"","overlay-opacity":"","overlay-gradient":""},"tablet":{"background-color":"","background-image":"","background-repeat":"repeat","background-position":"center center","background-size":"auto","background-attachment":"scroll","background-type":"","background-media":"","overlay-type":"","overlay-color":"","overlay-opacity":"","overlay-gradient":""},"mobile":{"background-color":"","background-image":"","background-repeat":"repeat","background-position":"center center","background-size":"auto","background-attachment":"scroll","background-type":"","background-media":"","overlay-type":"","overlay-color":"","overlay-opacity":"","overlay-gradient":""}},"ast-content-background-meta":{"desktop":{"background-color":"var(--ast-global-color-5)","background-image":"","background-repeat":"repeat","background-position":"center center","background-size":"auto","background-attachment":"scroll","background-type":"","background-media":"","overlay-type":"","overlay-color":"","overlay-opacity":"","overlay-gradient":""},"tablet":{"background-color":"var(--ast-global-color-5)","background-image":"","background-repeat":"repeat","background-position":"center center","background-size":"auto","background-attachment":"scroll","background-type":"","background-media":"","overlay-type":"","overlay-color":"","overlay-opacity":"","overlay-gradient":""},"mobile":{"background-color":"var(--ast-global-color-5)","background-image":"","background-repeat":"repeat","background-position":"center center","background-size":"auto","background-attachment":"scroll","background-type":"","background-media":"","overlay-type":"","overlay-color":"","overlay-opacity":"","overlay-gradient":""}},"footnotes":""},"categories":[517],"tags":[215,22,199,2058],"class_list":["post-14177","post","type-post","status-publish","format-standard","hentry","category-aconteceu","tag-lula","tag-noticias-no-face","tag-noticiasnoface","tag-presidente-lula"],"_links":{"self":[{"href":"https:\/\/noticiasnoface.com.br\/index.php\/wp-json\/wp\/v2\/posts\/14177","targetHints":{"allow":["GET"]}}],"collection":[{"href":"https:\/\/noticiasnoface.com.br\/index.php\/wp-json\/wp\/v2\/posts"}],"about":[{"href":"https:\/\/noticiasnoface.com.br\/index.php\/wp-json\/wp\/v2\/types\/post"}],"author":[{"embeddable":true,"href":"https:\/\/noticiasnoface.com.br\/index.php\/wp-json\/wp\/v2\/users\/1"}],"replies":[{"embeddable":true,"href":"https:\/\/noticiasnoface.com.br\/index.php\/wp-json\/wp\/v2\/comments?post=14177"}],"version-history":[{"count":1,"href":"https:\/\/noticiasnoface.com.br\/index.php\/wp-json\/wp\/v2\/posts\/14177\/revisions"}],"predecessor-version":[{"id":14179,"href":"https:\/\/noticiasnoface.com.br\/index.php\/wp-json\/wp\/v2\/posts\/14177\/revisions\/14179"}],"wp:attachment":[{"href":"https:\/\/noticiasnoface.com.br\/index.php\/wp-json\/wp\/v2\/media?parent=14177"}],"wp:term":[{"taxonomy":"category","embeddable":true,"href":"https:\/\/noticiasnoface.com.br\/index.php\/wp-json\/wp\/v2\/categories?post=14177"},{"taxonomy":"post_tag","embeddable":true,"href":"https:\/\/noticiasnoface.com.br\/index.php\/wp-json\/wp\/v2\/tags?post=14177"}],"curies":[{"name":"wp","href":"https:\/\/api.w.org\/{rel}","templated":true}]}}