{"id":14180,"date":"2023-01-18T12:28:17","date_gmt":"2023-01-18T15:28:17","guid":{"rendered":"https:\/\/noticiasnoface.com.br\/?p=14180"},"modified":"2023-01-18T12:29:21","modified_gmt":"2023-01-18T15:29:21","slug":"prefeito-de-caico-promete-o-maior-carnaval-da-historia","status":"publish","type":"post","link":"https:\/\/noticiasnoface.com.br\/index.php\/2023\/01\/18\/prefeito-de-caico-promete-o-maior-carnaval-da-historia\/","title":{"rendered":"Prefeito de Caic\u00f3 promete o maior carnaval da hist\u00f3ria"},"content":{"rendered":"\n<figure class=\"wp-block-image size-large\"><img data-opt-id=935640363  fetchpriority=\"high\" decoding=\"async\" width=\"1024\" height=\"742\" src=\"https:\/\/mlbfrsat7ahr.i.optimole.com\/w:1024\/h:742\/q:mauto\/ig:avif\/https:\/\/noticiasnoface.com.br\/wp-content\/uploads\/2023\/01\/25B9A739-AE1C-4DA7-B167-B2F67EBCD846.jpeg\" alt=\"\" class=\"wp-image-14182\" srcset=\"https:\/\/mlbfrsat7ahr.i.optimole.com\/w:1024\/h:742\/q:mauto\/ig:avif\/https:\/\/noticiasnoface.com.br\/wp-content\/uploads\/2023\/01\/25B9A739-AE1C-4DA7-B167-B2F67EBCD846.jpeg 1024w, https:\/\/mlbfrsat7ahr.i.optimole.com\/w:300\/h:217\/q:mauto\/ig:avif\/https:\/\/noticiasnoface.com.br\/wp-content\/uploads\/2023\/01\/25B9A739-AE1C-4DA7-B167-B2F67EBCD846.jpeg 300w, https:\/\/mlbfrsat7ahr.i.optimole.com\/w:768\/h:557\/q:mauto\/ig:avif\/https:\/\/noticiasnoface.com.br\/wp-content\/uploads\/2023\/01\/25B9A739-AE1C-4DA7-B167-B2F67EBCD846.jpeg 768w, https:\/\/mlbfrsat7ahr.i.optimole.com\/w:1490\/h:1080\/q:mauto\/ig:avif\/https:\/\/noticiasnoface.com.br\/wp-content\/uploads\/2023\/01\/25B9A739-AE1C-4DA7-B167-B2F67EBCD846.jpeg 1536w, https:\/\/mlbfrsat7ahr.i.optimole.com\/w:1490\/h:1080\/q:mauto\/ig:avif\/https:\/\/noticiasnoface.com.br\/wp-content\/uploads\/2023\/01\/25B9A739-AE1C-4DA7-B167-B2F67EBCD846.jpeg 2048w\" sizes=\"(max-width: 1000px) 100vw, 1000px\" \/><figcaption class=\"wp-element-caption\"><br><em>Prefeitura de Caic\u00f3 vai \u00e0 Natal divulgar o carnaval 2023 para a imprensa e convidados<\/em><br>Este ano o carnaval mais tradicional do RN promete<br>Nesta quinta-feira, 19, o prefeito de Caic\u00f3, Dr. Tadeu, estar\u00e1 juntamente com o vice-prefeito, Toinho Santiago, e secretaria de Turismo, lan\u00e7ando em Natal a programa\u00e7\u00e3o do Carnaval 2023.<br>Imprensa e convidados estar\u00e3o tomando um caf\u00e9 no Hotel Barreira Roxa na Via Costeira, a partir das 9 horas da manh\u00e3.<br>\u201cNos anos de 2021 e 2022 n\u00e3o pudemos realizar este que \u00e9 considerado o maior carnaval do interior do RN. O motivo voc\u00eas sabem: a pandemia. Mas vamos recuperar com um carnaval que vai ficar na hist\u00f3ria\u201d, afirma Dr Tadeu.<\/figcaption><\/figure>\n","protected":false},"excerpt":{"rendered":"","protected":false},"author":1,"featured_media":0,"comment_status":"open","ping_status":"open","sticky":false,"template":"","format":"standard","meta":{"site-sidebar-layout":"default","site-content-layout":"","ast-site-content-layout":"default","site-content-style":"default","site-sidebar-style":"default","ast-global-header-display":"","ast-banner-title-visibility":"","ast-main-header-display":"","ast-hfb-above-header-display":"","ast-hfb-below-header-display":"","ast-hfb-mobile-header-display":"","site-post-title":"","ast-breadcrumbs-content":"","ast-featured-img":"","footer-sml-layout":"","ast-disable-related-posts":"","theme-transparent-header-meta":"","adv-header-id-meta":"","stick-header-meta":"","header-above-stick-meta":"","header-main-stick-meta":"","header-below-stick-meta":"","astra-migrate-meta-layouts":"default","ast-page-background-enabled":"default","ast-page-background-meta":{"desktop":{"background-color":"var(--ast-global-color-4)","background-image":"","background-repeat":"repeat","background-position":"center center","background-size":"auto","background-attachment":"scroll","background-type":"","background-media":"","overlay-type":"","overlay-color":"","overlay-opacity":"","overlay-gradient":""},"tablet":{"background-color":"","background-image":"","background-repeat":"repeat","background-position":"center center","background-size":"auto","background-attachment":"scroll","background-type":"","background-media":"","overlay-type":"","overlay-color":"","overlay-opacity":"","overlay-gradient":""},"mobile":{"background-color":"","background-image":"","background-repeat":"repeat","background-position":"center center","background-size":"auto","background-attachment":"scroll","background-type":"","background-media":"","overlay-type":"","overlay-color":"","overlay-opacity":"","overlay-gradient":""}},"ast-content-background-meta":{"desktop":{"background-color":"var(--ast-global-color-5)","background-image":"","background-repeat":"repeat","background-position":"center center","background-size":"auto","background-attachment":"scroll","background-type":"","background-media":"","overlay-type":"","overlay-color":"","overlay-opacity":"","overlay-gradient":""},"tablet":{"background-color":"var(--ast-global-color-5)","background-image":"","background-repeat":"repeat","background-position":"center center","background-size":"auto","background-attachment":"scroll","background-type":"","background-media":"","overlay-type":"","overlay-color":"","overlay-opacity":"","overlay-gradient":""},"mobile":{"background-color":"var(--ast-global-color-5)","background-image":"","background-repeat":"repeat","background-position":"center center","background-size":"auto","background-attachment":"scroll","background-type":"","background-media":"","overlay-type":"","overlay-color":"","overlay-opacity":"","overlay-gradient":""}},"footnotes":""},"categories":[517],"tags":[2431,50,22,199,2432],"class_list":["post-14180","post","type-post","status-publish","format-standard","hentry","category-aconteceu","tag-carnaval-de-caico","tag-noticias-do-face","tag-noticias-no-face","tag-noticiasnoface","tag-prefeito-dr-thadeu"],"_links":{"self":[{"href":"https:\/\/noticiasnoface.com.br\/index.php\/wp-json\/wp\/v2\/posts\/14180","targetHints":{"allow":["GET"]}}],"collection":[{"href":"https:\/\/noticiasnoface.com.br\/index.php\/wp-json\/wp\/v2\/posts"}],"about":[{"href":"https:\/\/noticiasnoface.com.br\/index.php\/wp-json\/wp\/v2\/types\/post"}],"author":[{"embeddable":true,"href":"https:\/\/noticiasnoface.com.br\/index.php\/wp-json\/wp\/v2\/users\/1"}],"replies":[{"embeddable":true,"href":"https:\/\/noticiasnoface.com.br\/index.php\/wp-json\/wp\/v2\/comments?post=14180"}],"version-history":[{"count":1,"href":"https:\/\/noticiasnoface.com.br\/index.php\/wp-json\/wp\/v2\/posts\/14180\/revisions"}],"predecessor-version":[{"id":14183,"href":"https:\/\/noticiasnoface.com.br\/index.php\/wp-json\/wp\/v2\/posts\/14180\/revisions\/14183"}],"wp:attachment":[{"href":"https:\/\/noticiasnoface.com.br\/index.php\/wp-json\/wp\/v2\/media?parent=14180"}],"wp:term":[{"taxonomy":"category","embeddable":true,"href":"https:\/\/noticiasnoface.com.br\/index.php\/wp-json\/wp\/v2\/categories?post=14180"},{"taxonomy":"post_tag","embeddable":true,"href":"https:\/\/noticiasnoface.com.br\/index.php\/wp-json\/wp\/v2\/tags?post=14180"}],"curies":[{"name":"wp","href":"https:\/\/api.w.org\/{rel}","templated":true}]}}