{"id":14201,"date":"2023-01-19T16:41:15","date_gmt":"2023-01-19T19:41:15","guid":{"rendered":"https:\/\/noticiasnoface.com.br\/?p=14201"},"modified":"2023-01-19T16:41:17","modified_gmt":"2023-01-19T19:41:17","slug":"farra-ministros-de-lula-usam-aviao-da-fab-para-passear","status":"publish","type":"post","link":"https:\/\/noticiasnoface.com.br\/index.php\/2023\/01\/19\/farra-ministros-de-lula-usam-aviao-da-fab-para-passear\/","title":{"rendered":"FARRA- Ministros de Lula usam avi\u00e3o da Fab para passear"},"content":{"rendered":"\n<figure class=\"wp-block-image size-full\"><img data-opt-id=247585824  fetchpriority=\"high\" decoding=\"async\" width=\"208\" height=\"208\" src=\"https:\/\/mlbfrsat7ahr.i.optimole.com\/w:auto\/h:auto\/q:mauto\/ig:avif\/https:\/\/noticiasnoface.com.br\/wp-content\/uploads\/2023\/01\/DD00972F-696B-4452-A2AD-3542A82091AA.png\" alt=\"\" class=\"wp-image-14202\" srcset=\"https:\/\/mlbfrsat7ahr.i.optimole.com\/w:208\/h:208\/q:mauto\/ig:avif\/https:\/\/noticiasnoface.com.br\/wp-content\/uploads\/2023\/01\/DD00972F-696B-4452-A2AD-3542A82091AA.png 208w, https:\/\/mlbfrsat7ahr.i.optimole.com\/w:150\/h:150\/q:mauto\/ig:avif\/https:\/\/noticiasnoface.com.br\/wp-content\/uploads\/2023\/01\/DD00972F-696B-4452-A2AD-3542A82091AA.png 150w\" sizes=\"(max-width: 208px) 100vw, 208px\" \/><figcaption class=\"wp-element-caption\">Ministros de Lula usam avi\u00e3o da FAB para esticar fim de semana em casa<br>Ministros de Lula viajaram de FAB para agenda oficial em seus estados e aproveitaram para esticar o fim de semana e voltar no avi\u00e3o oficial<br><img data-opt-id=1624823982  fetchpriority=\"high\" decoding=\"async\" src=\"https:\/\/uploads.metropoles.com\/wp-content\/uploads\/2020\/02\/04204702\/131216DFfab-chapeco-016.jpg\" alt=\"\"><br>Ao menos cinco ministros de\u00a0<a href=\"https:\/\/www.metropoles.com\/tag\/lula\" target=\"_blank\" rel=\"noreferrer noopener\">Lula<\/a>\u00a0utilizaram avi\u00f5es oficiais da For\u00e7a A\u00e9rea Brasileira (<a href=\"https:\/\/www.fab.mil.br\/index.php\" target=\"_blank\" rel=\"noreferrer noopener\">FAB<\/a>) para viajar a seus estados de origem durante os primeiros fins de semana do governo.<br>Levantamento da coluna com base nos dados divulgados pela Aeron\u00e1utica revela que os ministros usaram as aeronaves oficiais tanto para ir a suas cidades natais, quanto para voltar a Bras\u00edlia.<br>A maioria viajou na sexta-feira a fim de cumprir agenda oficial e aproveitou para prolongar a estada durante o fim de semana, retornando de FAB \u00e0 capital federal apenas no domingo ou na segunda-feira.<br>Ministra da Sa\u00fade<br>A ministra da Sa\u00fade,\u00a0<a href=\"https:\/\/www.metropoles.com\/brasil\/nisia-trindade-anuncia-campanha-nacional-de-vacinacao-em-fevereiro\" target=\"_blank\" rel=\"noreferrer noopener\">N\u00edsia Trindade<\/a>, por exemplo, foi ao Rio de Janeiro em avi\u00e3o da FAB nos dois primeiros fins de semana ap\u00f3s ser nomeada. Em ambos os casos, viajou na sexta-feira.<br>Na sexta (6\/1), N\u00edsia decolou \u00e0s 17h10 para o Rio. Na cidade, teve apenas uma agenda no s\u00e1bado (7\/1): um encontro com Mario Moreira, presidente em exerc\u00edcio da\u00a0<a href=\"https:\/\/portal.fiocruz.br\/\" target=\"_blank\" rel=\"noreferrer noopener\">Fiocruz<\/a>, cargo ocupado por ela antes de virar ministra.<br>Mesmo sem compromisso oficial no domingo (8\/1), N\u00edsia retornou a Bras\u00edlia na manh\u00e3 da segunda-feira (9\/1). Segundo assessores, ela n\u00e3o voltou no domingo por causa das invas\u00f5es golpistas daquele dia.<br>No fim de semana seguinte, N\u00edsia viajou ao Rio no in\u00edcio da noite da sexta (13\/1). Na cidade, teve um encontro, no s\u00e1bado (14\/1), com pesquisadores da Rede Cegonha e voltou a Bras\u00edlia no domingo (15\/1) \u00e0 noite.<br>Ap\u00f3s a publica\u00e7\u00e3o da mat\u00e9ria, a assessoria da ministra acrescentou que ela tamb\u00e9m teve uma agenda no domingo: uma reuni\u00e3o com a deputada federal Benedita da Silva (PT-RJ) na casa da parlamentar.<br>O encontro, segundo a assessoria, aconteceu \u00e0s 11h30 e durou pouco mais de uma hora. N\u00edsia e Benedita teriam conversado sobre a situa\u00e7\u00e3o dos hospitais federais do Rio e da sa\u00fade no estado.<br>\u201cNas duas ocasi\u00f5es citadas pela reportagem, a ministra da Sa\u00fade, N\u00edsia Trindade, esteve na cidade do Rio de Janeiro cumprindo agendas oficiais relacionadas ao seu trabalho frente \u00e0 pasta\u201d, diz a pasta, em nota.<br>Desde que assumiu o minist\u00e9rio, em 1\u00ba de janeiro, a ministra da Sa\u00fade n\u00e3o tem divulgado publicamente sua agenda no site da pasta, como exigido pela legisla\u00e7\u00e3o federal.<br>Ministra da Cultura<br>A titular da Cultura,\u00a0<a href=\"https:\/\/www.metropoles.com\/tag\/margareth-menezes\" target=\"_blank\" rel=\"noreferrer noopener\">Margareth Menezes<\/a>, tamb\u00e9m usou avi\u00e3o da FAB para ir e voltar de Salvador no primeiro fim de semana como ministra. Assim como N\u00edsia, viajou na sexta e s\u00f3 retornou na segunda.<br>A assessoria de Margareth informou que ela viajou para participar da posse do\u00a0<a href=\"http:\/\/www.cultura.ba.gov.br\/\" target=\"_blank\" rel=\"noreferrer noopener\">secret\u00e1rio de Cultura da Bahia<\/a>, Bruno Monteiro, na sexta (6\/1), quando discursou. A assessoria admite que ela n\u00e3o teve agendas no s\u00e1bado e no domingo.<br>Ministro da Fazenda<br>Outro ministro do governo Lula que viajou de FAB \u201ca servi\u00e7o\u201d e esticou o fim de semana na cidade onde tem resid\u00eancia fixa foi\u00a0<a href=\"https:\/\/www.metropoles.com\/tag\/fernando-haddad\" target=\"_blank\" rel=\"noreferrer noopener\">Fernando Haddad<\/a>, titular da Fazenda.<br>Haddad decolou para S\u00e3o Paulo \u00e0s 17h25 da sexta (6\/1). Segundo sua assessoria, ainda na noite de sexta o ministro despachou do gabinete do\u00a0<a href=\"https:\/\/www.gov.br\/fazenda\/pt-br\" target=\"_blank\" rel=\"noreferrer noopener\">Minist\u00e9rio da Fazenda<\/a>\u00a0em S\u00e3o Paulo.<br>Sem agendas oficiais no s\u00e1bado e no domingo na capital paulista, o chefe da equipe econ\u00f4mica s\u00f3 retornou a Bras\u00edlia em avi\u00e3o da FAB \u00e0s 6h30 da segunda-feira (9\/1).<br>Seguran\u00e7a<br>Os ministros da Justi\u00e7a,\u00a0<a href=\"https:\/\/www.metropoles.com\/tag\/flavio-dino\" target=\"_blank\" rel=\"noreferrer noopener\">Fl\u00e1vio Dino<\/a>, e do Trabalho,\u00a0<a href=\"https:\/\/www.metropoles.com\/brasil\/marinho-sobre-trabalhadores-de-aplicativo-beira-o-trabalho-escravo\" target=\"_blank\" rel=\"noreferrer noopener\">Luiz Marinho<\/a>, tamb\u00e9m viajaram de FAB para seus estados no fim de semana entre 13 e 16 de janeiro, mas alegaram quest\u00f5es de \u201cseguran\u00e7a\u201d.<br>No caso de Dino, a seguran\u00e7a decorre do ambiente conturbado ap\u00f3s as\u00a0<a href=\"https:\/\/www.metropoles.com\/colunas\/igor-gadelha\/bolsonaro-recebeu-doacoes-de-sete-investigados-por-financiar-invasoes\" target=\"_blank\" rel=\"noreferrer noopener\">invas\u00f5es golpistas em Bras\u00edlia<\/a>\u00a0de 8 de janeiro. Marinho, por sua vez, n\u00e3o esclareceu \u00e0 coluna por que alegou motivo de \u201cseguran\u00e7a\u201d.<br>O que diz a lei<br>Atualmente, a legisla\u00e7\u00e3o prev\u00ea que ministros de Estado s\u00f3 podem usar voos da FAB para se deslocar a seus domic\u00edlios quando justificarem motivos de \u201cseguran\u00e7a\u201d.<br>A legisla\u00e7\u00e3o, por\u00e9m, abre brecha para que os ministros viajem \u201ca servi\u00e7o\u201d para agendas oficiais nas cidades onde moram e estiquem a estadia por alguns dias, voltando dias depois de FAB.<br>Nem todos os ministros, por\u00e9m, fazem isso.\u00a0<a href=\"https:\/\/www.metropoles.com\/colunas\/igor-gadelha\/a-volta-do-mdb-rejuvenescido-ao-centro-do-poder\" target=\"_blank\" rel=\"noreferrer noopener\">Jader Barbalho Filho<\/a>, das Cidades, por exemplo, viajou de FAB para compromisso em Bel\u00e9m na sexta-feira (6\/1), mas n\u00e3o usou avi\u00e3o oficial para voltar.<br>O\u00a0<a href=\"https:\/\/www.gov.br\/mcom\/pt-br\" target=\"_blank\" rel=\"noreferrer noopener\">ministro das Comunica\u00e7\u00f5es<\/a>,\u00a0<a href=\"https:\/\/www.metropoles.com\/colunas\/igor-gadelha\/antes-de-virar-ministro-juscelino-filho-torcia-contra-lula\" target=\"_blank\" rel=\"noreferrer noopener\">Juscelino Filho<\/a>, por sua vez, foi na noite da quinta-feira (12\/1) para S\u00e3o Lu\u00eds (MA), onde cumpriu agenda na sexta-feira (13\/1), mas tamb\u00e9m n\u00e3o retornou a Bras\u00edlia de FAB.<br>Dilma x Bolsonaro<br>Em 2015, a ent\u00e3o presidente\u00a0<a href=\"https:\/\/www.metropoles.com\/tag\/dilma-rousseff\" target=\"_blank\" rel=\"noreferrer noopener\">Dilma Rousseff<\/a>chegou a\u00a0<a href=\"http:\/\/www.planalto.gov.br\/ccivil_03\/_Ato2015-2018\/2015\/Decreto\/D8432.htm#art1\" target=\"_blank\" rel=\"noreferrer noopener\">editar um decreto<\/a>\u00a0proibindo explicitamente o uso de aeronaves da FAB por ministros para voltar a seus locais de domic\u00edlio.<br>A norma, no entanto, foi revogada em 2020 por um\u00a0<a href=\"http:\/\/www.planalto.gov.br\/ccivil_03\/_Ato2019-2022\/2020\/Decreto\/D10267.htm#art8\" target=\"_blank\" rel=\"noreferrer noopener\">novo decreto Jair Bolsonaro<\/a>, que passou a permitir ministros voltarem para casa em avi\u00f5es da Aeron\u00e1utica por \u201craz\u00f5es de seguran\u00e7a\u201d.<\/figcaption><\/figure>\n","protected":false},"excerpt":{"rendered":"","protected":false},"author":1,"featured_media":0,"comment_status":"open","ping_status":"open","sticky":false,"template":"","format":"standard","meta":{"site-sidebar-layout":"default","site-content-layout":"","ast-site-content-layout":"default","site-content-style":"default","site-sidebar-style":"default","ast-global-header-display":"","ast-banner-title-visibility":"","ast-main-header-display":"","ast-hfb-above-header-display":"","ast-hfb-below-header-display":"","ast-hfb-mobile-header-display":"","site-post-title":"","ast-breadcrumbs-content":"","ast-featured-img":"","footer-sml-layout":"","ast-disable-related-posts":"","theme-transparent-header-meta":"","adv-header-id-meta":"","stick-header-meta":"","header-above-stick-meta":"","header-main-stick-meta":"","header-below-stick-meta":"","astra-migrate-meta-layouts":"default","ast-page-background-enabled":"default","ast-page-background-meta":{"desktop":{"background-color":"var(--ast-global-color-4)","background-image":"","background-repeat":"repeat","background-position":"center center","background-size":"auto","background-attachment":"scroll","background-type":"","background-media":"","overlay-type":"","overlay-color":"","overlay-opacity":"","overlay-gradient":""},"tablet":{"background-color":"","background-image":"","background-repeat":"repeat","background-position":"center center","background-size":"auto","background-attachment":"scroll","background-type":"","background-media":"","overlay-type":"","overlay-color":"","overlay-opacity":"","overlay-gradient":""},"mobile":{"background-color":"","background-image":"","background-repeat":"repeat","background-position":"center center","background-size":"auto","background-attachment":"scroll","background-type":"","background-media":"","overlay-type":"","overlay-color":"","overlay-opacity":"","overlay-gradient":""}},"ast-content-background-meta":{"desktop":{"background-color":"var(--ast-global-color-5)","background-image":"","background-repeat":"repeat","background-position":"center center","background-size":"auto","background-attachment":"scroll","background-type":"","background-media":"","overlay-type":"","overlay-color":"","overlay-opacity":"","overlay-gradient":""},"tablet":{"background-color":"var(--ast-global-color-5)","background-image":"","background-repeat":"repeat","background-position":"center center","background-size":"auto","background-attachment":"scroll","background-type":"","background-media":"","overlay-type":"","overlay-color":"","overlay-opacity":"","overlay-gradient":""},"mobile":{"background-color":"var(--ast-global-color-5)","background-image":"","background-repeat":"repeat","background-position":"center center","background-size":"auto","background-attachment":"scroll","background-type":"","background-media":"","overlay-type":"","overlay-color":"","overlay-opacity":"","overlay-gradient":""}},"footnotes":""},"categories":[517],"tags":[2440,2442,2441,50,22,199],"class_list":["post-14201","post","type-post","status-publish","format-standard","hentry","category-aconteceu","tag-farra","tag-lula-presidente","tag-ministros-de-lula","tag-noticias-do-face","tag-noticias-no-face","tag-noticiasnoface"],"_links":{"self":[{"href":"https:\/\/noticiasnoface.com.br\/index.php\/wp-json\/wp\/v2\/posts\/14201","targetHints":{"allow":["GET"]}}],"collection":[{"href":"https:\/\/noticiasnoface.com.br\/index.php\/wp-json\/wp\/v2\/posts"}],"about":[{"href":"https:\/\/noticiasnoface.com.br\/index.php\/wp-json\/wp\/v2\/types\/post"}],"author":[{"embeddable":true,"href":"https:\/\/noticiasnoface.com.br\/index.php\/wp-json\/wp\/v2\/users\/1"}],"replies":[{"embeddable":true,"href":"https:\/\/noticiasnoface.com.br\/index.php\/wp-json\/wp\/v2\/comments?post=14201"}],"version-history":[{"count":1,"href":"https:\/\/noticiasnoface.com.br\/index.php\/wp-json\/wp\/v2\/posts\/14201\/revisions"}],"predecessor-version":[{"id":14203,"href":"https:\/\/noticiasnoface.com.br\/index.php\/wp-json\/wp\/v2\/posts\/14201\/revisions\/14203"}],"wp:attachment":[{"href":"https:\/\/noticiasnoface.com.br\/index.php\/wp-json\/wp\/v2\/media?parent=14201"}],"wp:term":[{"taxonomy":"category","embeddable":true,"href":"https:\/\/noticiasnoface.com.br\/index.php\/wp-json\/wp\/v2\/categories?post=14201"},{"taxonomy":"post_tag","embeddable":true,"href":"https:\/\/noticiasnoface.com.br\/index.php\/wp-json\/wp\/v2\/tags?post=14201"}],"curies":[{"name":"wp","href":"https:\/\/api.w.org\/{rel}","templated":true}]}}