{"id":14210,"date":"2023-01-20T09:34:31","date_gmt":"2023-01-20T12:34:31","guid":{"rendered":"https:\/\/noticiasnoface.com.br\/?p=14210"},"modified":"2023-01-20T09:35:20","modified_gmt":"2023-01-20T12:35:20","slug":"daniel-alves-e-preso-na-espanha","status":"publish","type":"post","link":"https:\/\/noticiasnoface.com.br\/index.php\/2023\/01\/20\/daniel-alves-e-preso-na-espanha\/","title":{"rendered":"Daniel Alves \u00e9 preso na Espanha"},"content":{"rendered":"\n<figure class=\"wp-block-image size-full\"><img data-opt-id=909006026  fetchpriority=\"high\" decoding=\"async\" width=\"739\" height=\"415\" src=\"https:\/\/mlbfrsat7ahr.i.optimole.com\/w:auto\/h:auto\/q:mauto\/ig:avif\/https:\/\/noticiasnoface.com.br\/wp-content\/uploads\/2023\/01\/97159134-5BF5-4257-9F4D-84EF2D3A5949.jpeg\" alt=\"\" class=\"wp-image-14211\" srcset=\"https:\/\/mlbfrsat7ahr.i.optimole.com\/w:739\/h:415\/q:mauto\/ig:avif\/https:\/\/noticiasnoface.com.br\/wp-content\/uploads\/2023\/01\/97159134-5BF5-4257-9F4D-84EF2D3A5949.jpeg 739w, https:\/\/mlbfrsat7ahr.i.optimole.com\/w:300\/h:168\/q:mauto\/ig:avif\/https:\/\/noticiasnoface.com.br\/wp-content\/uploads\/2023\/01\/97159134-5BF5-4257-9F4D-84EF2D3A5949.jpeg 300w\" sizes=\"(max-width: 739px) 100vw, 739px\" \/><figcaption class=\"wp-element-caption\">Jogador Dani Alves \u00e9 preso na Espanha<br \/>Brasileiro responde a den\u00fancia por suposta agress\u00e3o sexual durante uma festa em Barcelona. Ele nega. Ex-lateral do Barcelona foi detido quando prestava depoimento sobre o caso.<br \/><br \/><br \/>Daniel Alves \u00e9 preso na Espanha <br \/>O jogador brasileiro Daniel Alves foi preso pela pol\u00edcia espanhola nesta sexta-feira (20) por conta de um processo que responde por suposta agress\u00e3o sexual, segundo a pol\u00edcia de <a href=\"http:\/\/g1.globo.com\/mundo\/espanha\/cidade\/barcelona.html\" target=\"_blank\" rel=\"noopener\">Barcelona<\/a>. <br \/>A den\u00fancia, que est\u00e1 na Justi\u00e7a da Catalunha, <a href=\"https:\/\/g1.globo.com\/mundo\/noticia\/2023\/01\/06\/policia-da-espanha-investiga-queixa-de-assedio-sexual-contra-daniel-alves-jogador-nega.ghtml\" target=\"_blank\" rel=\"noopener\">foi feita por uma mulher que estava na mesma festa de Alves, em uma boate da cidade, no fim de dezembro<\/a>. Ele nega.<br \/><br \/>Dani Alves, ex-lateral do Barcelona e convocado para a sele\u00e7\u00e3o na Copa do Catar de 2022, foi detido ap\u00f3s prestar depoimento na manh\u00e3 desta sexta-feira em uma delegacia de Barcelona. De acordo com a rede de TV espanhola RTVE, Alves <strong>saiu de l\u00e1 j\u00e1 detido<\/strong>em uma viatura da pol\u00edcia, que colocou o jogador \u00e0 disposi\u00e7\u00e3o judicial. <br \/>A pol\u00edcia catal\u00e3 ainda n\u00e3o informou o motivo pelo qual o jogador foi detido durante o depoimento &#8211; n\u00e3o havia um mandado de pris\u00e3o inicial contra ele. <br \/><br \/>Den\u00fancia<br \/><br \/><br \/>Justi\u00e7a espanhola investiga suposta agress\u00e3o sexual de Dani Alves <br \/>A den\u00fancia que originou o processo foi feita por uma mulher de 23 anos que estava na mesma festa que Alves. A pol\u00edcia da Catalunha afirmou que:<br \/>O suposto crime ocorreu na noite de 30 de dezembro de 2022, em uma boate em Barcelona; <br \/>A suposta v\u00edtima alegou que foi assediada por Alves no local, e se queixou com funcion\u00e1rios da boate; <br \/>Segundo a ag\u00eancia de not\u00edcias Reuters, ela disse que o jogador a tocou debaixo de sua saia; <br \/>A dire\u00e7\u00e3o da discoteca chamou a pol\u00edcia, mas quando os policiais chegaram ao local, o jogador j\u00e1 havia ido embora, de acordo com a den\u00fancia; <br \/>A pol\u00edcia da Catalunha abriu ent\u00e3o um inqu\u00e9rito para investigar o caso e, h\u00e1 dez dias<a href=\"https:\/\/g1.globo.com\/mundo\/noticia\/2023\/01\/10\/justica-espanhola-aceita-denuncia-contra-dani-alves-por-suposto-assedio-sexual.ghtml\" target=\"_blank\" rel=\"noopener\">, denunciou o jogador \u00e0 Justi\u00e7a<\/a>;<br \/>A Justi\u00e7a ent\u00e3o abriu uma investiga\u00e7\u00e3o pr\u00f3pria &#8211; na <a href=\"https:\/\/g1.globo.com\/tudo-sobre\/espanha\/\" target=\"_blank\" rel=\"noopener\">Espanha<\/a>, ju\u00edzes podem investigar um caso antes de lev\u00e1-lo a julgamento; <br \/>Alves, portanto, ainda n\u00e3o \u00e9 considerado r\u00e9u; <br \/>Em entrevista a um programa de TV na Espanha, <strong>Alves alegou que estava apenas dan\u00e7ando, sem invadir o espa\u00e7o de ningu\u00e9m<\/strong>. <br \/>&#8220;Eu estive nesse lugar, e quem me conhece sabe que eu adoro dan\u00e7ar, mas sem invadir o espa\u00e7o de ningu\u00e9m, respeitando os espa\u00e7os. E quando voc\u00ea vai ao banheiro n\u00e3o tem que perguntar quem est\u00e1 l\u00e1 para usar o banheiro. N\u00e3o sei quem \u00e9 essa senhorita, nunca a vi. Nestes anos todos nunca invadi o espa\u00e7o de ningu\u00e9m sem autoriza\u00e7\u00e3o&#8221;, declarou o jogador, que se queixou tamb\u00e9m dos danos da den\u00fancia \u00e0 sua fam\u00edlia.<br \/>Procurada pelo g1, a Justi\u00e7a de Barcelona ainda n\u00e3o havia informado at\u00e9 quando Alves ficar\u00e1 detido at\u00e9 a \u00faltima atualiza\u00e7\u00e3o desta not\u00edcia.<\/figcaption><\/figure>\n","protected":false},"excerpt":{"rendered":"","protected":false},"author":1,"featured_media":0,"comment_status":"open","ping_status":"open","sticky":false,"template":"","format":"standard","meta":{"site-sidebar-layout":"default","site-content-layout":"","ast-site-content-layout":"default","site-content-style":"default","site-sidebar-style":"default","ast-global-header-display":"","ast-banner-title-visibility":"","ast-main-header-display":"","ast-hfb-above-header-display":"","ast-hfb-below-header-display":"","ast-hfb-mobile-header-display":"","site-post-title":"","ast-breadcrumbs-content":"","ast-featured-img":"","footer-sml-layout":"","ast-disable-related-posts":"","theme-transparent-header-meta":"","adv-header-id-meta":"","stick-header-meta":"","header-above-stick-meta":"","header-main-stick-meta":"","header-below-stick-meta":"","astra-migrate-meta-layouts":"default","ast-page-background-enabled":"default","ast-page-background-meta":{"desktop":{"background-color":"var(--ast-global-color-4)","background-image":"","background-repeat":"repeat","background-position":"center center","background-size":"auto","background-attachment":"scroll","background-type":"","background-media":"","overlay-type":"","overlay-color":"","overlay-opacity":"","overlay-gradient":""},"tablet":{"background-color":"","background-image":"","background-repeat":"repeat","background-position":"center center","background-size":"auto","background-attachment":"scroll","background-type":"","background-media":"","overlay-type":"","overlay-color":"","overlay-opacity":"","overlay-gradient":""},"mobile":{"background-color":"","background-image":"","background-repeat":"repeat","background-position":"center center","background-size":"auto","background-attachment":"scroll","background-type":"","background-media":"","overlay-type":"","overlay-color":"","overlay-opacity":"","overlay-gradient":""}},"ast-content-background-meta":{"desktop":{"background-color":"var(--ast-global-color-5)","background-image":"","background-repeat":"repeat","background-position":"center center","background-size":"auto","background-attachment":"scroll","background-type":"","background-media":"","overlay-type":"","overlay-color":"","overlay-opacity":"","overlay-gradient":""},"tablet":{"background-color":"var(--ast-global-color-5)","background-image":"","background-repeat":"repeat","background-position":"center center","background-size":"auto","background-attachment":"scroll","background-type":"","background-media":"","overlay-type":"","overlay-color":"","overlay-opacity":"","overlay-gradient":""},"mobile":{"background-color":"var(--ast-global-color-5)","background-image":"","background-repeat":"repeat","background-position":"center center","background-size":"auto","background-attachment":"scroll","background-type":"","background-media":"","overlay-type":"","overlay-color":"","overlay-opacity":"","overlay-gradient":""}},"footnotes":""},"categories":[517],"tags":[2447,50,22,199,525],"class_list":["post-14210","post","type-post","status-publish","format-standard","hentry","category-aconteceu","tag-daniel-alves","tag-noticias-do-face","tag-noticias-no-face","tag-noticiasnoface","tag-preso"],"_links":{"self":[{"href":"https:\/\/noticiasnoface.com.br\/index.php\/wp-json\/wp\/v2\/posts\/14210","targetHints":{"allow":["GET"]}}],"collection":[{"href":"https:\/\/noticiasnoface.com.br\/index.php\/wp-json\/wp\/v2\/posts"}],"about":[{"href":"https:\/\/noticiasnoface.com.br\/index.php\/wp-json\/wp\/v2\/types\/post"}],"author":[{"embeddable":true,"href":"https:\/\/noticiasnoface.com.br\/index.php\/wp-json\/wp\/v2\/users\/1"}],"replies":[{"embeddable":true,"href":"https:\/\/noticiasnoface.com.br\/index.php\/wp-json\/wp\/v2\/comments?post=14210"}],"version-history":[{"count":3,"href":"https:\/\/noticiasnoface.com.br\/index.php\/wp-json\/wp\/v2\/posts\/14210\/revisions"}],"predecessor-version":[{"id":14214,"href":"https:\/\/noticiasnoface.com.br\/index.php\/wp-json\/wp\/v2\/posts\/14210\/revisions\/14214"}],"wp:attachment":[{"href":"https:\/\/noticiasnoface.com.br\/index.php\/wp-json\/wp\/v2\/media?parent=14210"}],"wp:term":[{"taxonomy":"category","embeddable":true,"href":"https:\/\/noticiasnoface.com.br\/index.php\/wp-json\/wp\/v2\/categories?post=14210"},{"taxonomy":"post_tag","embeddable":true,"href":"https:\/\/noticiasnoface.com.br\/index.php\/wp-json\/wp\/v2\/tags?post=14210"}],"curies":[{"name":"wp","href":"https:\/\/api.w.org\/{rel}","templated":true}]}}