{"id":14221,"date":"2023-01-20T16:04:50","date_gmt":"2023-01-20T19:04:50","guid":{"rendered":"https:\/\/noticiasnoface.com.br\/?p=14221"},"modified":"2023-01-20T16:04:52","modified_gmt":"2023-01-20T19:04:52","slug":"veja-os-motivos-de-deixar-sua-boca-com-cheiro-de-bosta","status":"publish","type":"post","link":"https:\/\/noticiasnoface.com.br\/index.php\/2023\/01\/20\/veja-os-motivos-de-deixar-sua-boca-com-cheiro-de-bosta\/","title":{"rendered":"Veja os motivos de deixar sua boca com cheiro de bosta"},"content":{"rendered":"\n<figure class=\"wp-block-image size-full\"><img data-opt-id=2084229074  fetchpriority=\"high\" decoding=\"async\" width=\"720\" height=\"405\" src=\"https:\/\/mlbfrsat7ahr.i.optimole.com\/w:auto\/h:auto\/q:mauto\/ig:avif\/https:\/\/noticiasnoface.com.br\/wp-content\/uploads\/2023\/01\/15DACA57-48A6-4043-88DF-B727BB67AAEF.webp\" alt=\"\" class=\"wp-image-14222\" srcset=\"https:\/\/mlbfrsat7ahr.i.optimole.com\/w:720\/h:405\/q:mauto\/ig:avif\/https:\/\/noticiasnoface.com.br\/wp-content\/uploads\/2023\/01\/15DACA57-48A6-4043-88DF-B727BB67AAEF.webp 720w, https:\/\/mlbfrsat7ahr.i.optimole.com\/w:300\/h:169\/q:mauto\/ig:avif\/https:\/\/noticiasnoface.com.br\/wp-content\/uploads\/2023\/01\/15DACA57-48A6-4043-88DF-B727BB67AAEF.webp 300w\" sizes=\"(max-width: 720px) 100vw, 720px\" \/><figcaption class=\"wp-element-caption\">H\u00e1lito de fezes na boca pode ser provocado por 3 principais problemas diferentes<br>A halitose, popularmente conhecida como mau h\u00e1lito, \u00e9 uma condi\u00e7\u00e3o anormal que torna desagrad\u00e1veis os odores exalados pela boca e pelas narinas. Dependendo das circunst\u00e2ncias, \u00e9 poss\u00edvel que o paciente ou pessoas com as quais ele tenha contato relatem o cheiro de fezes na boca.<br>Antes de seguirmos, \u00e9 importante explicar que qualquer pessoa pode desenvolver mau h\u00e1lito. Afinal, a causa nem sempre est\u00e1 relacionada com a m\u00e1 higiene bucal e com a falta de escova\u00e7\u00e3o di\u00e1ria. Outros problemas podem ser a origem, como quest\u00f5es gastrointestinais, explica a cirurgi\u00e3-dentista Bruna Conde, especialista em halitose.<br>Tipos de mau-h\u00e1lito que podemos ter<br>Na odontologia, existem dois principais tipos de mau-h\u00e1lito: a halitose cl\u00ednica e a subcl\u00ednica. Para diferenciar as duas, \u00e9 preciso considerar quem pode sentir os odores exalados pela boca e pelas narinas de um paciente.<br>A<strong>\u00a0halitose cl\u00ednica<\/strong>\u00a0pode ser identificada por pessoas que convivem com o indiv\u00edduo com mau-h\u00e1lito e pode ser facilmente confirmada em uma consulta ao dentista. Aqui, vale destacar que, raramente, o mau cheiro \u00e9 percebido pela pr\u00f3pria pessoa, devido ao processo de fadiga olfat\u00f3ria.<br>O segundo tipo \u00e9 a\u00a0<strong>halitose subcl\u00ednica<\/strong>, no qual o odor desagrad\u00e1vel \u00e9 sentido apenas pela pr\u00f3pria pessoa. Inclusive, alguns pacientes com este tipo de queixa podem sentir um h\u00e1lito de fezes ou de carni\u00e7a na boca. No entanto, a causa deve ser sempre investigada e, \u00e0s vezes, pode ser provocada por alguma altera\u00e7\u00e3o olfativa \u2014 ou seja, n\u00e3o \u00e9 real.<br>\u201cNo consult\u00f3rio, temos um aparelho tecnol\u00f3gico capaz de medir e diagnosticar a halitose e distinguir qual a origem do problema\u201d, afirma Conde sobre uma das estrat\u00e9gias para identificar a origem do problema.<br>A seguir, confira os tr\u00eas problemas que podem, eventualmente, provocar o h\u00e1lito de fezes na boca:<br>1. Doen\u00e7a periodontal pode provocar o h\u00e1lito de fezes na boca<br>Na halitose de origem bucal, quando o cheiro se assemelha a fezes, a dentista Conde explica que o mau odor pode ser liberado por compostos org\u00e2nicos ou sulforados vol\u00e1teis, decorrentes da doen\u00e7a periodontal, como casos de gengivite ou\u00a0<a href=\"https:\/\/canaltech.com.br\/saude\/periodontite-conheca-a-doenca-dental-que-pode-levar-a-diabetes-e-alzheimer-220892\/\" target=\"_blank\" rel=\"noreferrer noopener\">periodontite<\/a>.<br>Nessas condi\u00e7\u00f5es, os tecidos da boca entram em estado de putrefa\u00e7\u00e3o e as bact\u00e9rias \u2014 que produzem os cheiros ruins, atrav\u00e9s dos componentes sulfatados \u2014 se concentram no local. Aqui, raramente, o mau-h\u00e1lito tem realmente cheiro de fezes, sendo mais uma percep\u00e7\u00e3o. Algumas pacientes tamb\u00e9m t\u00eam a doen\u00e7a, mas sem a halitose.\u00a0<br>2. Problemas intestinais podem provocar cheiro de coc\u00f4 na boca<br>Como adiantamos, nem sempre a causa do mau h\u00e1lito e do cheiro de coc\u00f4 na boca pode ser provocada por problemas intestinais, como casos de pris\u00e3o de ventre. Nessas circunst\u00e2ncias, o bolo fecal n\u00e3o eliminado produz compostos que ser\u00e3o absorvidos pela corrente sangu\u00ednea. Em seguida, estes compostos s\u00e3o eliminados pelos pulm\u00f5es, provocando a halitose.<br>\u201cQuando a halitose sai pela boca e pelas narinas na mesma intensidade ou muito semelhante com odor de fezes, h\u00e1, sim, que se investigar algum transtorno gastrointestinal&#8221;, explica a dentista. Isso porque &#8220;os compostos org\u00e2nicos indol, escatol e sulforados como o dimetilsulfeto e a metilmercaptana, podem sair pela respira\u00e7\u00e3o nasal ou bucal. Nesses casos, o tratamento \u00e9 multidisciplinar [envolvendo m\u00e9dico e dentista]&#8221;, acrescenta.<br>Al\u00e9m da pris\u00e3o de ventre, a condi\u00e7\u00e3o pode ser provocada por doen\u00e7as no es\u00f4fago, casos de refluxo e doen\u00e7as no f\u00edgado \u2014 s\u00f3 que, neste \u00faltimo caso, a queixa mais comum \u00e9 do h\u00e1lito com cheiro de acetona.\u00a0<br>3. Quest\u00f5es de sa\u00fade e doen\u00e7as impactam o h\u00e1lito<br>Por fim, o mau h\u00e1lito com cheiro de fezes pode ser provocado por outras doen\u00e7as e nem sempre a percep\u00e7\u00e3o do cheiro \u00e9 fidedigna ao que realmente \u00e9. Nesse sentido, Conde destaca quatro doen\u00e7as e os tipos de halitose caracter\u00edsticos:<br><strong>Diabetes descompensado:<\/strong>\u00a0paciente apresenta h\u00e1lito cet\u00f4nico, com odor de fruta passada;<br><strong>Insufici\u00eancia renal:<\/strong>\u00a0odor de ureia ou urina;<br><strong>Insufici\u00eancia hep\u00e1tica:<\/strong>\u00a0odor de terra molhada ou de rato;<br><strong>C\u00e2ncer:<\/strong>\u00a0odor de necrose (coisa morta).<br>Para manter a sa\u00fade da boca em dia, &#8220;fique atento a esses sinais e a mudan\u00e7as na colora\u00e7\u00e3o ou aspecto da sua boca. No caso de anormalidades, procure um profissional capacitado\u201d, aconselha a dentista. Al\u00e9m disso, \u00e9 importante manter a escova\u00e7\u00e3o di\u00e1ria, usar o fio dental e programar visitas regulares ao dentista.<\/figcaption><\/figure>\n","protected":false},"excerpt":{"rendered":"","protected":false},"author":1,"featured_media":0,"comment_status":"open","ping_status":"open","sticky":false,"template":"","format":"standard","meta":{"site-sidebar-layout":"default","site-content-layout":"","ast-site-content-layout":"default","site-content-style":"default","site-sidebar-style":"default","ast-global-header-display":"","ast-banner-title-visibility":"","ast-main-header-display":"","ast-hfb-above-header-display":"","ast-hfb-below-header-display":"","ast-hfb-mobile-header-display":"","site-post-title":"","ast-breadcrumbs-content":"","ast-featured-img":"","footer-sml-layout":"","ast-disable-related-posts":"","theme-transparent-header-meta":"","adv-header-id-meta":"","stick-header-meta":"","header-above-stick-meta":"","header-main-stick-meta":"","header-below-stick-meta":"","astra-migrate-meta-layouts":"default","ast-page-background-enabled":"default","ast-page-background-meta":{"desktop":{"background-color":"var(--ast-global-color-4)","background-image":"","background-repeat":"repeat","background-position":"center center","background-size":"auto","background-attachment":"scroll","background-type":"","background-media":"","overlay-type":"","overlay-color":"","overlay-opacity":"","overlay-gradient":""},"tablet":{"background-color":"","background-image":"","background-repeat":"repeat","background-position":"center center","background-size":"auto","background-attachment":"scroll","background-type":"","background-media":"","overlay-type":"","overlay-color":"","overlay-opacity":"","overlay-gradient":""},"mobile":{"background-color":"","background-image":"","background-repeat":"repeat","background-position":"center center","background-size":"auto","background-attachment":"scroll","background-type":"","background-media":"","overlay-type":"","overlay-color":"","overlay-opacity":"","overlay-gradient":""}},"ast-content-background-meta":{"desktop":{"background-color":"var(--ast-global-color-5)","background-image":"","background-repeat":"repeat","background-position":"center center","background-size":"auto","background-attachment":"scroll","background-type":"","background-media":"","overlay-type":"","overlay-color":"","overlay-opacity":"","overlay-gradient":""},"tablet":{"background-color":"var(--ast-global-color-5)","background-image":"","background-repeat":"repeat","background-position":"center center","background-size":"auto","background-attachment":"scroll","background-type":"","background-media":"","overlay-type":"","overlay-color":"","overlay-opacity":"","overlay-gradient":""},"mobile":{"background-color":"var(--ast-global-color-5)","background-image":"","background-repeat":"repeat","background-position":"center center","background-size":"auto","background-attachment":"scroll","background-type":"","background-media":"","overlay-type":"","overlay-color":"","overlay-opacity":"","overlay-gradient":""}},"footnotes":""},"categories":[155],"tags":[1332,2449,50,22,199],"class_list":["post-14221","post","type-post","status-publish","format-standard","hentry","category-saude","tag-bosta","tag-mau-halito","tag-noticias-do-face","tag-noticias-no-face","tag-noticiasnoface"],"_links":{"self":[{"href":"https:\/\/noticiasnoface.com.br\/index.php\/wp-json\/wp\/v2\/posts\/14221","targetHints":{"allow":["GET"]}}],"collection":[{"href":"https:\/\/noticiasnoface.com.br\/index.php\/wp-json\/wp\/v2\/posts"}],"about":[{"href":"https:\/\/noticiasnoface.com.br\/index.php\/wp-json\/wp\/v2\/types\/post"}],"author":[{"embeddable":true,"href":"https:\/\/noticiasnoface.com.br\/index.php\/wp-json\/wp\/v2\/users\/1"}],"replies":[{"embeddable":true,"href":"https:\/\/noticiasnoface.com.br\/index.php\/wp-json\/wp\/v2\/comments?post=14221"}],"version-history":[{"count":1,"href":"https:\/\/noticiasnoface.com.br\/index.php\/wp-json\/wp\/v2\/posts\/14221\/revisions"}],"predecessor-version":[{"id":14223,"href":"https:\/\/noticiasnoface.com.br\/index.php\/wp-json\/wp\/v2\/posts\/14221\/revisions\/14223"}],"wp:attachment":[{"href":"https:\/\/noticiasnoface.com.br\/index.php\/wp-json\/wp\/v2\/media?parent=14221"}],"wp:term":[{"taxonomy":"category","embeddable":true,"href":"https:\/\/noticiasnoface.com.br\/index.php\/wp-json\/wp\/v2\/categories?post=14221"},{"taxonomy":"post_tag","embeddable":true,"href":"https:\/\/noticiasnoface.com.br\/index.php\/wp-json\/wp\/v2\/tags?post=14221"}],"curies":[{"name":"wp","href":"https:\/\/api.w.org\/{rel}","templated":true}]}}