{"id":14224,"date":"2023-01-20T16:48:05","date_gmt":"2023-01-20T19:48:05","guid":{"rendered":"https:\/\/noticiasnoface.com.br\/?p=14224"},"modified":"2023-01-20T16:48:07","modified_gmt":"2023-01-20T19:48:07","slug":"policia-federal-na-casa-do-governador-ibaneis","status":"publish","type":"post","link":"https:\/\/noticiasnoface.com.br\/index.php\/2023\/01\/20\/policia-federal-na-casa-do-governador-ibaneis\/","title":{"rendered":"Pol\u00edcia federal na casa do governador IBANEIS"},"content":{"rendered":"\n<figure class=\"wp-block-image size-large\"><img data-opt-id=225813629  fetchpriority=\"high\" decoding=\"async\" width=\"818\" height=\"1024\" src=\"https:\/\/mlbfrsat7ahr.i.optimole.com\/w:818\/h:1024\/q:mauto\/ig:avif\/https:\/\/noticiasnoface.com.br\/wp-content\/uploads\/2023\/01\/D3BA4F23-F252-469D-AF06-75CF141D2BF8.jpeg\" alt=\"\" class=\"wp-image-14196\" srcset=\"https:\/\/mlbfrsat7ahr.i.optimole.com\/w:818\/h:1024\/q:mauto\/ig:avif\/https:\/\/noticiasnoface.com.br\/wp-content\/uploads\/2023\/01\/D3BA4F23-F252-469D-AF06-75CF141D2BF8.jpeg 818w, https:\/\/mlbfrsat7ahr.i.optimole.com\/w:240\/h:300\/q:mauto\/ig:avif\/https:\/\/noticiasnoface.com.br\/wp-content\/uploads\/2023\/01\/D3BA4F23-F252-469D-AF06-75CF141D2BF8.jpeg 240w, https:\/\/mlbfrsat7ahr.i.optimole.com\/w:768\/h:961\/q:mauto\/ig:avif\/https:\/\/noticiasnoface.com.br\/wp-content\/uploads\/2023\/01\/D3BA4F23-F252-469D-AF06-75CF141D2BF8.jpeg 768w, https:\/\/mlbfrsat7ahr.i.optimole.com\/w:862\/h:1080\/q:mauto\/ig:avif\/https:\/\/noticiasnoface.com.br\/wp-content\/uploads\/2023\/01\/D3BA4F23-F252-469D-AF06-75CF141D2BF8.jpeg 1227w, https:\/\/mlbfrsat7ahr.i.optimole.com\/w:862\/h:1080\/q:mauto\/ig:avif\/https:\/\/noticiasnoface.com.br\/wp-content\/uploads\/2023\/01\/D3BA4F23-F252-469D-AF06-75CF141D2BF8.jpeg 1636w, https:\/\/mlbfrsat7ahr.i.optimole.com\/w:862\/h:1080\/q:mauto\/ig:avif\/https:\/\/noticiasnoface.com.br\/wp-content\/uploads\/2023\/01\/D3BA4F23-F252-469D-AF06-75CF141D2BF8.jpeg 1638w\" sizes=\"(max-width: 818px) 100vw, 818px\" \/><figcaption class=\"wp-element-caption\"> | A Pol\u00edcia Federal cumpre cinco mandados de busca e apreens\u00e3o na casa do governador afastado do Distrito Federal, Ibaneis Rocha (MDB), nesta sexta-feira, 20 de janeiro<br>A opera\u00e7\u00e3o foi autorizada pelo ministro Alexandre de Moraes, do Supremo Tribunal Federal (STF), a pedido do Grupo Estrat\u00e9gico de Combate aos Atos Antidemocr\u00e1ticos da Procuradoria-geral da Rep\u00fablica (PGR). O ex-secret\u00e1rio de Seguran\u00e7a do DF, Fernando Sousa Oliveira, tamb\u00e9m \u00e9 alvo da opera\u00e7\u00e3o<br><\/figcaption><\/figure>\n","protected":false},"excerpt":{"rendered":"","protected":false},"author":1,"featured_media":0,"comment_status":"open","ping_status":"open","sticky":false,"template":"","format":"standard","meta":{"site-sidebar-layout":"default","site-content-layout":"","ast-site-content-layout":"default","site-content-style":"default","site-sidebar-style":"default","ast-global-header-display":"","ast-banner-title-visibility":"","ast-main-header-display":"","ast-hfb-above-header-display":"","ast-hfb-below-header-display":"","ast-hfb-mobile-header-display":"","site-post-title":"","ast-breadcrumbs-content":"","ast-featured-img":"","footer-sml-layout":"","ast-disable-related-posts":"","theme-transparent-header-meta":"","adv-header-id-meta":"","stick-header-meta":"","header-above-stick-meta":"","header-main-stick-meta":"","header-below-stick-meta":"","astra-migrate-meta-layouts":"default","ast-page-background-enabled":"default","ast-page-background-meta":{"desktop":{"background-color":"var(--ast-global-color-4)","background-image":"","background-repeat":"repeat","background-position":"center center","background-size":"auto","background-attachment":"scroll","background-type":"","background-media":"","overlay-type":"","overlay-color":"","overlay-opacity":"","overlay-gradient":""},"tablet":{"background-color":"","background-image":"","background-repeat":"repeat","background-position":"center center","background-size":"auto","background-attachment":"scroll","background-type":"","background-media":"","overlay-type":"","overlay-color":"","overlay-opacity":"","overlay-gradient":""},"mobile":{"background-color":"","background-image":"","background-repeat":"repeat","background-position":"center center","background-size":"auto","background-attachment":"scroll","background-type":"","background-media":"","overlay-type":"","overlay-color":"","overlay-opacity":"","overlay-gradient":""}},"ast-content-background-meta":{"desktop":{"background-color":"var(--ast-global-color-5)","background-image":"","background-repeat":"repeat","background-position":"center center","background-size":"auto","background-attachment":"scroll","background-type":"","background-media":"","overlay-type":"","overlay-color":"","overlay-opacity":"","overlay-gradient":""},"tablet":{"background-color":"var(--ast-global-color-5)","background-image":"","background-repeat":"repeat","background-position":"center center","background-size":"auto","background-attachment":"scroll","background-type":"","background-media":"","overlay-type":"","overlay-color":"","overlay-opacity":"","overlay-gradient":""},"mobile":{"background-color":"var(--ast-global-color-5)","background-image":"","background-repeat":"repeat","background-position":"center center","background-size":"auto","background-attachment":"scroll","background-type":"","background-media":"","overlay-type":"","overlay-color":"","overlay-opacity":"","overlay-gradient":""}},"footnotes":""},"categories":[517],"tags":[2450,50,22,199,409],"class_list":["post-14224","post","type-post","status-publish","format-standard","hentry","category-aconteceu","tag-governador-ibaneis","tag-noticias-do-face","tag-noticias-no-face","tag-noticiasnoface","tag-policia-federal"],"_links":{"self":[{"href":"https:\/\/noticiasnoface.com.br\/index.php\/wp-json\/wp\/v2\/posts\/14224","targetHints":{"allow":["GET"]}}],"collection":[{"href":"https:\/\/noticiasnoface.com.br\/index.php\/wp-json\/wp\/v2\/posts"}],"about":[{"href":"https:\/\/noticiasnoface.com.br\/index.php\/wp-json\/wp\/v2\/types\/post"}],"author":[{"embeddable":true,"href":"https:\/\/noticiasnoface.com.br\/index.php\/wp-json\/wp\/v2\/users\/1"}],"replies":[{"embeddable":true,"href":"https:\/\/noticiasnoface.com.br\/index.php\/wp-json\/wp\/v2\/comments?post=14224"}],"version-history":[{"count":1,"href":"https:\/\/noticiasnoface.com.br\/index.php\/wp-json\/wp\/v2\/posts\/14224\/revisions"}],"predecessor-version":[{"id":14225,"href":"https:\/\/noticiasnoface.com.br\/index.php\/wp-json\/wp\/v2\/posts\/14224\/revisions\/14225"}],"wp:attachment":[{"href":"https:\/\/noticiasnoface.com.br\/index.php\/wp-json\/wp\/v2\/media?parent=14224"}],"wp:term":[{"taxonomy":"category","embeddable":true,"href":"https:\/\/noticiasnoface.com.br\/index.php\/wp-json\/wp\/v2\/categories?post=14224"},{"taxonomy":"post_tag","embeddable":true,"href":"https:\/\/noticiasnoface.com.br\/index.php\/wp-json\/wp\/v2\/tags?post=14224"}],"curies":[{"name":"wp","href":"https:\/\/api.w.org\/{rel}","templated":true}]}}