{"id":14226,"date":"2023-01-21T09:01:18","date_gmt":"2023-01-21T12:01:18","guid":{"rendered":"https:\/\/noticiasnoface.com.br\/?p=14226"},"modified":"2023-01-21T09:01:20","modified_gmt":"2023-01-21T12:01:20","slug":"conselheiros-cobram-da-sttu-planilha-tarifaria","status":"publish","type":"post","link":"https:\/\/noticiasnoface.com.br\/index.php\/2023\/01\/21\/conselheiros-cobram-da-sttu-planilha-tarifaria\/","title":{"rendered":"Conselheiros cobram da STTU planilha tarif\u00e1ria"},"content":{"rendered":"\n<figure class=\"wp-block-image size-full\"><img data-opt-id=129924759  fetchpriority=\"high\" decoding=\"async\" width=\"629\" height=\"409\" src=\"https:\/\/mlbfrsat7ahr.i.optimole.com\/w:auto\/h:auto\/q:mauto\/ig:avif\/https:\/\/noticiasnoface.com.br\/wp-content\/uploads\/2023\/01\/83BECF4F-9CB4-4014-A6E3-E5034FC99256.jpeg\" alt=\"\" class=\"wp-image-14227\" srcset=\"https:\/\/mlbfrsat7ahr.i.optimole.com\/w:629\/h:409\/q:mauto\/ig:avif\/https:\/\/noticiasnoface.com.br\/wp-content\/uploads\/2023\/01\/83BECF4F-9CB4-4014-A6E3-E5034FC99256.jpeg 629w, https:\/\/mlbfrsat7ahr.i.optimole.com\/w:300\/h:195\/q:mauto\/ig:avif\/https:\/\/noticiasnoface.com.br\/wp-content\/uploads\/2023\/01\/83BECF4F-9CB4-4014-A6E3-E5034FC99256.jpeg 300w\" sizes=\"(max-width: 629px) 100vw, 629px\" \/><figcaption class=\"wp-element-caption\"><em>Conselheiros cobram das STTU planilha tarif\u00e1ria atualizada do transporte coletivo de Natal<\/em><br>Integrantes do Conselho Municipal de Transporte e Mobilidade Urbana (CMTMU) solicitaram que a secret\u00e1ria municipal de Mobilidade Urbana, Daliana Bandeira, apresente a planilha tarif\u00e1ria atualizada do servi\u00e7o de transporte coletivo urbano e para o servi\u00e7o opcional, na pr\u00f3xima reuni\u00e3o ordin\u00e1ria da entidade, agendada para quinta-feira (26), \u00e0s 10h, na sala de reuni\u00f5es da STTU, no bairro da Ribeira. O documento \u00e9 assinado por 14 participantes do conselho e justificam o pleito refor\u00e7ando que a atual tarifa vigora desde 19 de maio de 2019, portanto h\u00e1 44 meses estando completamente desatualizada. E, justificam ainda que nesse per\u00edodo v\u00e1rios fatores que comp\u00f5em a planilha tarif\u00e1ria foram modificados, ocorrendo significativa eleva\u00e7\u00e3o destes itens.<br>Os representantes das entidades que comp\u00f5em o CMTMU ainda refor\u00e7am que transcorridos quarenta e quatro meses que vigora a atual tarifa, esse tema n\u00e3o foi mais pautado nas reuni\u00f5es ordin\u00e1rias ocorridas nesse per\u00edodo, o que faz justificar o car\u00e1ter de urg\u00eancia para o atendimento do pleito. \u00a0O \u00faltimo reajuste tarif\u00e1rio apreciado no conselho, passando a passagem para R$ 4,25, foi em 28\/02\/2020, e, foi imediatamente revogado pelo prefeito de Natal, \u00c1lvaro Dias. \u00a0Originalmente a pauta da reuni\u00e3o da pr\u00f3xima quinta-feira (26) est\u00e1 somente o tema da metodologia adotada para o pagamento do subs\u00eddio das gratuidades das pessoas idosas.<br>\u201cDa\u00ed os representantes das entidades junto ao conselho solicitam a urgente apresenta\u00e7\u00e3o da planilha tarif\u00e1ria atualizada para que a entidade se posicione sobre a real situa\u00e7\u00e3o tarif\u00e1ria da presta\u00e7\u00e3o do servi\u00e7o de transporte coletivo urbano na capital, antes que o sistema entre em colapso\u201d, salientou Edileuza de Queiroz, da Transcoop Natal, que lidera a solicita\u00e7\u00e3o. Em ata do CMTMU de 24\/11\/22 a secret\u00e1ria Daliana Bandeira j\u00e1 havia concordado com a inclus\u00e3o em pauta do assunto planilha tarif\u00e1ria. \u201cPor isto sugerimos uma reuni\u00e3o urgente em raz\u00e3o da imensa import\u00e2ncia do tema\u201d, refor\u00e7a Edileuza de Queiroz, que em abril\/22 formalizou uma planilha na reuni\u00e3o ordin\u00e1ria do conselho com o valor da tarifa para o opcional no valor de R$ 6,25, at\u00e9 o momento sem resposta para STTU.<br>Assinam o of\u00edcio encaminhado \u00e0 STTU, al\u00e9m das Transcoop, os representes das seguintes entidades: Seturn, CBTU\/STU-NAT, Sindicato dos Taxistas, Sindmoto\/RN, Sintro\/RN, C\u00e2mara Municipal de Natal, DNIT, \u00a0Sindicato dos Trabalhadores Aut\u00f4nomos, Conselho Municipal dos Direitos da Pessoa Idosa, Coopten, Detran, ACIRN, Fecom\u00e9rcio e DER.<br>Para Nilson Queiroga, consultor t\u00e9cnico do Seturn, a secret\u00e1ria Daliana Bandeira tem agora uma \u00f3tima oportunidade para envolver a sociedade neste debate que \u00e9 de suma import\u00e2ncia. \u201cO caminho para a melhoria do sistema de transporte p\u00fablico est\u00e1 num debate estendido \u00e0 popula\u00e7\u00e3o. Passou da hora de termos um excelente debate com todos os elos do transporte p\u00fablico, governo federal, estaduais e municipais, iniciativa privada e a sociedade. A popula\u00e7\u00e3o precisa entender como o sistema funciona para aceitar e internalizar todas as medidas necess\u00e1rias para as melhorias. Todos precisam caminhar na mesma dire\u00e7\u00e3o com foco no bem comum\u201d, disse Nilson Queiroga.<\/figcaption><\/figure>\n","protected":false},"excerpt":{"rendered":"","protected":false},"author":1,"featured_media":0,"comment_status":"open","ping_status":"open","sticky":false,"template":"","format":"standard","meta":{"site-sidebar-layout":"default","site-content-layout":"","ast-site-content-layout":"default","site-content-style":"default","site-sidebar-style":"default","ast-global-header-display":"","ast-banner-title-visibility":"","ast-main-header-display":"","ast-hfb-above-header-display":"","ast-hfb-below-header-display":"","ast-hfb-mobile-header-display":"","site-post-title":"","ast-breadcrumbs-content":"","ast-featured-img":"","footer-sml-layout":"","ast-disable-related-posts":"","theme-transparent-header-meta":"","adv-header-id-meta":"","stick-header-meta":"","header-above-stick-meta":"","header-main-stick-meta":"","header-below-stick-meta":"","astra-migrate-meta-layouts":"default","ast-page-background-enabled":"default","ast-page-background-meta":{"desktop":{"background-color":"var(--ast-global-color-4)","background-image":"","background-repeat":"repeat","background-position":"center center","background-size":"auto","background-attachment":"scroll","background-type":"","background-media":"","overlay-type":"","overlay-color":"","overlay-opacity":"","overlay-gradient":""},"tablet":{"background-color":"","background-image":"","background-repeat":"repeat","background-position":"center center","background-size":"auto","background-attachment":"scroll","background-type":"","background-media":"","overlay-type":"","overlay-color":"","overlay-opacity":"","overlay-gradient":""},"mobile":{"background-color":"","background-image":"","background-repeat":"repeat","background-position":"center center","background-size":"auto","background-attachment":"scroll","background-type":"","background-media":"","overlay-type":"","overlay-color":"","overlay-opacity":"","overlay-gradient":""}},"ast-content-background-meta":{"desktop":{"background-color":"var(--ast-global-color-5)","background-image":"","background-repeat":"repeat","background-position":"center center","background-size":"auto","background-attachment":"scroll","background-type":"","background-media":"","overlay-type":"","overlay-color":"","overlay-opacity":"","overlay-gradient":""},"tablet":{"background-color":"var(--ast-global-color-5)","background-image":"","background-repeat":"repeat","background-position":"center center","background-size":"auto","background-attachment":"scroll","background-type":"","background-media":"","overlay-type":"","overlay-color":"","overlay-opacity":"","overlay-gradient":""},"mobile":{"background-color":"var(--ast-global-color-5)","background-image":"","background-repeat":"repeat","background-position":"center center","background-size":"auto","background-attachment":"scroll","background-type":"","background-media":"","overlay-type":"","overlay-color":"","overlay-opacity":"","overlay-gradient":""}},"footnotes":""},"categories":[517],"tags":[2451,22,199,2452],"class_list":["post-14226","post","type-post","status-publish","format-standard","hentry","category-aconteceu","tag-conselheiros","tag-noticias-no-face","tag-noticiasnoface","tag-sttu"],"_links":{"self":[{"href":"https:\/\/noticiasnoface.com.br\/index.php\/wp-json\/wp\/v2\/posts\/14226","targetHints":{"allow":["GET"]}}],"collection":[{"href":"https:\/\/noticiasnoface.com.br\/index.php\/wp-json\/wp\/v2\/posts"}],"about":[{"href":"https:\/\/noticiasnoface.com.br\/index.php\/wp-json\/wp\/v2\/types\/post"}],"author":[{"embeddable":true,"href":"https:\/\/noticiasnoface.com.br\/index.php\/wp-json\/wp\/v2\/users\/1"}],"replies":[{"embeddable":true,"href":"https:\/\/noticiasnoface.com.br\/index.php\/wp-json\/wp\/v2\/comments?post=14226"}],"version-history":[{"count":1,"href":"https:\/\/noticiasnoface.com.br\/index.php\/wp-json\/wp\/v2\/posts\/14226\/revisions"}],"predecessor-version":[{"id":14228,"href":"https:\/\/noticiasnoface.com.br\/index.php\/wp-json\/wp\/v2\/posts\/14226\/revisions\/14228"}],"wp:attachment":[{"href":"https:\/\/noticiasnoface.com.br\/index.php\/wp-json\/wp\/v2\/media?parent=14226"}],"wp:term":[{"taxonomy":"category","embeddable":true,"href":"https:\/\/noticiasnoface.com.br\/index.php\/wp-json\/wp\/v2\/categories?post=14226"},{"taxonomy":"post_tag","embeddable":true,"href":"https:\/\/noticiasnoface.com.br\/index.php\/wp-json\/wp\/v2\/tags?post=14226"}],"curies":[{"name":"wp","href":"https:\/\/api.w.org\/{rel}","templated":true}]}}