{"id":14229,"date":"2023-01-21T09:55:22","date_gmt":"2023-01-21T12:55:22","guid":{"rendered":"https:\/\/noticiasnoface.com.br\/?p=14229"},"modified":"2023-01-21T10:03:29","modified_gmt":"2023-01-21T13:03:29","slug":"passado-sujo-de-lula-faz-real-ser-a-moeda-que-mais-desvalorizou-no-mundo-essa-semana","status":"publish","type":"post","link":"https:\/\/noticiasnoface.com.br\/index.php\/2023\/01\/21\/passado-sujo-de-lula-faz-real-ser-a-moeda-que-mais-desvalorizou-no-mundo-essa-semana\/","title":{"rendered":"Passado sujo de Lula faz Real ser a moeda que mais desvalorizou no mundo essa semana"},"content":{"rendered":"\n<figure class=\"wp-block-image size-full\"><img data-opt-id=1090781441  fetchpriority=\"high\" decoding=\"async\" width=\"678\" height=\"452\" src=\"https:\/\/mlbfrsat7ahr.i.optimole.com\/w:auto\/h:auto\/q:mauto\/ig:avif\/https:\/\/noticiasnoface.com.br\/wp-content\/uploads\/2023\/01\/8090A668-25DE-4E61-9EAC-E95F51A2CD26.jpeg\" alt=\"\" class=\"wp-image-14230\" srcset=\"https:\/\/mlbfrsat7ahr.i.optimole.com\/w:678\/h:452\/q:mauto\/ig:avif\/https:\/\/noticiasnoface.com.br\/wp-content\/uploads\/2023\/01\/8090A668-25DE-4E61-9EAC-E95F51A2CD26.jpeg 678w, https:\/\/mlbfrsat7ahr.i.optimole.com\/w:300\/h:200\/q:mauto\/ig:avif\/https:\/\/noticiasnoface.com.br\/wp-content\/uploads\/2023\/01\/8090A668-25DE-4E61-9EAC-E95F51A2CD26.jpeg 300w\" sizes=\"(max-width: 678px) 100vw, 678px\" \/><figcaption class=\"wp-element-caption\"> Durante a \u00faltima semana, o real foi a moeda global que mais se desvalorizou em rela\u00e7\u00e3o ao d\u00f3lar. Em compara\u00e7\u00e3o a principal moeda dos Estados Unidos, o tombo foi de 2,13% \u2013 queda maior que a registrada na Argentina, com 1,19% de recuo do peso, e na R\u00fassia, atualmente em guerra, com 0,9% de decr\u00e9scimo. A performance \u00e9 uma resposta \u00e0s declara\u00e7\u00f5es do presidente Luiz In\u00e1cio Lula da Silva (PT) por um poss\u00edvel aumento das metas inflacion\u00e1rias em seu governo \u2013 em entrevista recente, o petista questionou a necessidade da independ\u00eancia do Banco Central (BC) e sugeriu um aumento de 3,5% para 4,5% como meta da infla\u00e7\u00e3o.<\/figcaption><\/figure>\n","protected":false},"excerpt":{"rendered":"","protected":false},"author":1,"featured_media":0,"comment_status":"open","ping_status":"open","sticky":false,"template":"","format":"standard","meta":{"site-sidebar-layout":"default","site-content-layout":"","ast-site-content-layout":"default","site-content-style":"default","site-sidebar-style":"default","ast-global-header-display":"","ast-banner-title-visibility":"","ast-main-header-display":"","ast-hfb-above-header-display":"","ast-hfb-below-header-display":"","ast-hfb-mobile-header-display":"","site-post-title":"","ast-breadcrumbs-content":"","ast-featured-img":"","footer-sml-layout":"","ast-disable-related-posts":"","theme-transparent-header-meta":"","adv-header-id-meta":"","stick-header-meta":"","header-above-stick-meta":"","header-main-stick-meta":"","header-below-stick-meta":"","astra-migrate-meta-layouts":"default","ast-page-background-enabled":"default","ast-page-background-meta":{"desktop":{"background-color":"var(--ast-global-color-4)","background-image":"","background-repeat":"repeat","background-position":"center center","background-size":"auto","background-attachment":"scroll","background-type":"","background-media":"","overlay-type":"","overlay-color":"","overlay-opacity":"","overlay-gradient":""},"tablet":{"background-color":"","background-image":"","background-repeat":"repeat","background-position":"center center","background-size":"auto","background-attachment":"scroll","background-type":"","background-media":"","overlay-type":"","overlay-color":"","overlay-opacity":"","overlay-gradient":""},"mobile":{"background-color":"","background-image":"","background-repeat":"repeat","background-position":"center center","background-size":"auto","background-attachment":"scroll","background-type":"","background-media":"","overlay-type":"","overlay-color":"","overlay-opacity":"","overlay-gradient":""}},"ast-content-background-meta":{"desktop":{"background-color":"var(--ast-global-color-5)","background-image":"","background-repeat":"repeat","background-position":"center center","background-size":"auto","background-attachment":"scroll","background-type":"","background-media":"","overlay-type":"","overlay-color":"","overlay-opacity":"","overlay-gradient":""},"tablet":{"background-color":"var(--ast-global-color-5)","background-image":"","background-repeat":"repeat","background-position":"center center","background-size":"auto","background-attachment":"scroll","background-type":"","background-media":"","overlay-type":"","overlay-color":"","overlay-opacity":"","overlay-gradient":""},"mobile":{"background-color":"var(--ast-global-color-5)","background-image":"","background-repeat":"repeat","background-position":"center center","background-size":"auto","background-attachment":"scroll","background-type":"","background-media":"","overlay-type":"","overlay-color":"","overlay-opacity":"","overlay-gradient":""}},"footnotes":""},"categories":[165],"tags":[215,711,50,22,199,2058],"class_list":["post-14229","post","type-post","status-publish","format-standard","hentry","category-economia","tag-lula","tag-lula-ladrao","tag-noticias-do-face","tag-noticias-no-face","tag-noticiasnoface","tag-presidente-lula"],"_links":{"self":[{"href":"https:\/\/noticiasnoface.com.br\/index.php\/wp-json\/wp\/v2\/posts\/14229","targetHints":{"allow":["GET"]}}],"collection":[{"href":"https:\/\/noticiasnoface.com.br\/index.php\/wp-json\/wp\/v2\/posts"}],"about":[{"href":"https:\/\/noticiasnoface.com.br\/index.php\/wp-json\/wp\/v2\/types\/post"}],"author":[{"embeddable":true,"href":"https:\/\/noticiasnoface.com.br\/index.php\/wp-json\/wp\/v2\/users\/1"}],"replies":[{"embeddable":true,"href":"https:\/\/noticiasnoface.com.br\/index.php\/wp-json\/wp\/v2\/comments?post=14229"}],"version-history":[{"count":2,"href":"https:\/\/noticiasnoface.com.br\/index.php\/wp-json\/wp\/v2\/posts\/14229\/revisions"}],"predecessor-version":[{"id":14232,"href":"https:\/\/noticiasnoface.com.br\/index.php\/wp-json\/wp\/v2\/posts\/14229\/revisions\/14232"}],"wp:attachment":[{"href":"https:\/\/noticiasnoface.com.br\/index.php\/wp-json\/wp\/v2\/media?parent=14229"}],"wp:term":[{"taxonomy":"category","embeddable":true,"href":"https:\/\/noticiasnoface.com.br\/index.php\/wp-json\/wp\/v2\/categories?post=14229"},{"taxonomy":"post_tag","embeddable":true,"href":"https:\/\/noticiasnoface.com.br\/index.php\/wp-json\/wp\/v2\/tags?post=14229"}],"curies":[{"name":"wp","href":"https:\/\/api.w.org\/{rel}","templated":true}]}}