{"id":14233,"date":"2023-01-21T15:14:57","date_gmt":"2023-01-21T18:14:57","guid":{"rendered":"https:\/\/noticiasnoface.com.br\/?p=14233"},"modified":"2023-01-21T15:14:59","modified_gmt":"2023-01-21T18:14:59","slug":"lula-demite-comandante-do-exercito","status":"publish","type":"post","link":"https:\/\/noticiasnoface.com.br\/index.php\/2023\/01\/21\/lula-demite-comandante-do-exercito\/","title":{"rendered":"Lula demite comandante do ex\u00e9rcito"},"content":{"rendered":"\n<figure class=\"wp-block-image size-large\"><img data-opt-id=225813629  fetchpriority=\"high\" decoding=\"async\" width=\"818\" height=\"1024\" src=\"https:\/\/mlbfrsat7ahr.i.optimole.com\/w:818\/h:1024\/q:mauto\/ig:avif\/https:\/\/noticiasnoface.com.br\/wp-content\/uploads\/2023\/01\/D3BA4F23-F252-469D-AF06-75CF141D2BF8.jpeg\" alt=\"\" class=\"wp-image-14196\" srcset=\"https:\/\/mlbfrsat7ahr.i.optimole.com\/w:818\/h:1024\/q:mauto\/ig:avif\/https:\/\/noticiasnoface.com.br\/wp-content\/uploads\/2023\/01\/D3BA4F23-F252-469D-AF06-75CF141D2BF8.jpeg 818w, https:\/\/mlbfrsat7ahr.i.optimole.com\/w:240\/h:300\/q:mauto\/ig:avif\/https:\/\/noticiasnoface.com.br\/wp-content\/uploads\/2023\/01\/D3BA4F23-F252-469D-AF06-75CF141D2BF8.jpeg 240w, https:\/\/mlbfrsat7ahr.i.optimole.com\/w:768\/h:961\/q:mauto\/ig:avif\/https:\/\/noticiasnoface.com.br\/wp-content\/uploads\/2023\/01\/D3BA4F23-F252-469D-AF06-75CF141D2BF8.jpeg 768w, https:\/\/mlbfrsat7ahr.i.optimole.com\/w:862\/h:1080\/q:mauto\/ig:avif\/https:\/\/noticiasnoface.com.br\/wp-content\/uploads\/2023\/01\/D3BA4F23-F252-469D-AF06-75CF141D2BF8.jpeg 1227w, https:\/\/mlbfrsat7ahr.i.optimole.com\/w:862\/h:1080\/q:mauto\/ig:avif\/https:\/\/noticiasnoface.com.br\/wp-content\/uploads\/2023\/01\/D3BA4F23-F252-469D-AF06-75CF141D2BF8.jpeg 1636w, https:\/\/mlbfrsat7ahr.i.optimole.com\/w:862\/h:1080\/q:mauto\/ig:avif\/https:\/\/noticiasnoface.com.br\/wp-content\/uploads\/2023\/01\/D3BA4F23-F252-469D-AF06-75CF141D2BF8.jpeg 1638w\" sizes=\"(max-width: 818px) 100vw, 818px\" \/><figcaption class=\"wp-element-caption\">Lula demite comandante do Ex\u00e9rcito &#8211; Portal 98 FM Natal<br><img data-opt-id=1388904793  fetchpriority=\"high\" decoding=\"async\" src=\"https:\/\/98fmnatal.com.br\/wp-content\/uploads\/2023\/01\/WhatsApp-Image-2023-01-21-at-15.00.43-930x629.jpeg\" alt=\"\"><br>O presidente Luiz In\u00e1cio Lula da Silva (PT) demitiu neste s\u00e1bado (21) o general J\u00falio C\u00e9sar de Arruda do cargo de comandante do Ex\u00e9rcito.<br>O substituto ser\u00e1 o atual comandante militar do Sudeste, general Tom\u00e1s Miguel Ribeiro Paiva.<br>Antes de ser demitido, J\u00falio C\u00e9sar Arruda participou nesta sexta-feira (20) de uma reuni\u00e3o, no Pal\u00e1cio do Planalto, com Lula, o ministro da Defesa, Jos\u00e9 M\u00facio Monteiro, e os comandantes da Marinha, almirante Marcos Sampaio Olsen, e da Aeron\u00e1utica, brigadeiro Marcelo Kanitz Damasceno.<br>Foi a primeira reuni\u00e3o do presidente com os comandantes das For\u00e7as Armadas depois de Lula defender puni\u00e7\u00e3o para militares envolvidos nos atos golpistas de 8 de janeiro.<br>Ap\u00f3s o encontro, Jos\u00e9 M\u00facio Monteiro falou em \u201cvirar a p\u00e1gina\u201d dos atos golpistas. O ministro da Defesa disse tamb\u00e9m n\u00e3o ver envolvimento \u201cdireto\u201d das For\u00e7as Armadas nos ataques em Bras\u00edlia.<br>J\u00falio C\u00e9sar de Arruda assumiu interinamente o comando do Ex\u00e9rcito em 30 de dezembro do ano passado, ainda no governo Jair Bolsonaro.<br>Foi um acerto com a equipe de transi\u00e7\u00e3o de Lula para que a troca do comando ocorresse antes da posse do novo governo.<br>Ele foi confirmado no cargo pelo ministro da Defesa, Jos\u00e9 M\u00facio Monteiro, no dia 6 de janeiro deste ano.<\/figcaption><\/figure>\n","protected":false},"excerpt":{"rendered":"","protected":false},"author":1,"featured_media":0,"comment_status":"open","ping_status":"open","sticky":false,"template":"","format":"standard","meta":{"site-sidebar-layout":"default","site-content-layout":"","ast-site-content-layout":"default","site-content-style":"default","site-sidebar-style":"default","ast-global-header-display":"","ast-banner-title-visibility":"","ast-main-header-display":"","ast-hfb-above-header-display":"","ast-hfb-below-header-display":"","ast-hfb-mobile-header-display":"","site-post-title":"","ast-breadcrumbs-content":"","ast-featured-img":"","footer-sml-layout":"","ast-disable-related-posts":"","theme-transparent-header-meta":"","adv-header-id-meta":"","stick-header-meta":"","header-above-stick-meta":"","header-main-stick-meta":"","header-below-stick-meta":"","astra-migrate-meta-layouts":"default","ast-page-background-enabled":"default","ast-page-background-meta":{"desktop":{"background-color":"var(--ast-global-color-4)","background-image":"","background-repeat":"repeat","background-position":"center center","background-size":"auto","background-attachment":"scroll","background-type":"","background-media":"","overlay-type":"","overlay-color":"","overlay-opacity":"","overlay-gradient":""},"tablet":{"background-color":"","background-image":"","background-repeat":"repeat","background-position":"center center","background-size":"auto","background-attachment":"scroll","background-type":"","background-media":"","overlay-type":"","overlay-color":"","overlay-opacity":"","overlay-gradient":""},"mobile":{"background-color":"","background-image":"","background-repeat":"repeat","background-position":"center center","background-size":"auto","background-attachment":"scroll","background-type":"","background-media":"","overlay-type":"","overlay-color":"","overlay-opacity":"","overlay-gradient":""}},"ast-content-background-meta":{"desktop":{"background-color":"var(--ast-global-color-5)","background-image":"","background-repeat":"repeat","background-position":"center center","background-size":"auto","background-attachment":"scroll","background-type":"","background-media":"","overlay-type":"","overlay-color":"","overlay-opacity":"","overlay-gradient":""},"tablet":{"background-color":"var(--ast-global-color-5)","background-image":"","background-repeat":"repeat","background-position":"center center","background-size":"auto","background-attachment":"scroll","background-type":"","background-media":"","overlay-type":"","overlay-color":"","overlay-opacity":"","overlay-gradient":""},"mobile":{"background-color":"var(--ast-global-color-5)","background-image":"","background-repeat":"repeat","background-position":"center center","background-size":"auto","background-attachment":"scroll","background-type":"","background-media":"","overlay-type":"","overlay-color":"","overlay-opacity":"","overlay-gradient":""}},"footnotes":""},"categories":[517],"tags":[2453,215,50,22,199,2058],"class_list":["post-14233","post","type-post","status-publish","format-standard","hentry","category-aconteceu","tag-comandante-do-exercito","tag-lula","tag-noticias-do-face","tag-noticias-no-face","tag-noticiasnoface","tag-presidente-lula"],"_links":{"self":[{"href":"https:\/\/noticiasnoface.com.br\/index.php\/wp-json\/wp\/v2\/posts\/14233","targetHints":{"allow":["GET"]}}],"collection":[{"href":"https:\/\/noticiasnoface.com.br\/index.php\/wp-json\/wp\/v2\/posts"}],"about":[{"href":"https:\/\/noticiasnoface.com.br\/index.php\/wp-json\/wp\/v2\/types\/post"}],"author":[{"embeddable":true,"href":"https:\/\/noticiasnoface.com.br\/index.php\/wp-json\/wp\/v2\/users\/1"}],"replies":[{"embeddable":true,"href":"https:\/\/noticiasnoface.com.br\/index.php\/wp-json\/wp\/v2\/comments?post=14233"}],"version-history":[{"count":1,"href":"https:\/\/noticiasnoface.com.br\/index.php\/wp-json\/wp\/v2\/posts\/14233\/revisions"}],"predecessor-version":[{"id":14234,"href":"https:\/\/noticiasnoface.com.br\/index.php\/wp-json\/wp\/v2\/posts\/14233\/revisions\/14234"}],"wp:attachment":[{"href":"https:\/\/noticiasnoface.com.br\/index.php\/wp-json\/wp\/v2\/media?parent=14233"}],"wp:term":[{"taxonomy":"category","embeddable":true,"href":"https:\/\/noticiasnoface.com.br\/index.php\/wp-json\/wp\/v2\/categories?post=14233"},{"taxonomy":"post_tag","embeddable":true,"href":"https:\/\/noticiasnoface.com.br\/index.php\/wp-json\/wp\/v2\/tags?post=14233"}],"curies":[{"name":"wp","href":"https:\/\/api.w.org\/{rel}","templated":true}]}}