{"id":14246,"date":"2023-01-22T17:54:23","date_gmt":"2023-01-22T20:54:23","guid":{"rendered":"https:\/\/noticiasnoface.com.br\/?p=14246"},"modified":"2023-01-22T17:54:25","modified_gmt":"2023-01-22T20:54:25","slug":"bolsa-familia-sera-suspensa-por-60-dias-diz-simone-tebet","status":"publish","type":"post","link":"https:\/\/noticiasnoface.com.br\/index.php\/2023\/01\/22\/bolsa-familia-sera-suspensa-por-60-dias-diz-simone-tebet\/","title":{"rendered":"Bolsa familia ser\u00e1 suspensa por 60 dias, diz Simone Tebet"},"content":{"rendered":"\n<figure class=\"wp-block-image size-large\"><img data-opt-id=1993503914  fetchpriority=\"high\" decoding=\"async\" width=\"1024\" height=\"1024\" src=\"https:\/\/mlbfrsat7ahr.i.optimole.com\/w:1024\/h:1024\/q:mauto\/ig:avif\/https:\/\/noticiasnoface.com.br\/wp-content\/uploads\/2023\/01\/5AE9F509-B13A-45AD-BA0E-BC94261F3921.webp\" alt=\"\" class=\"wp-image-14247\" srcset=\"https:\/\/mlbfrsat7ahr.i.optimole.com\/w:1024\/h:1024\/q:mauto\/ig:avif\/https:\/\/noticiasnoface.com.br\/wp-content\/uploads\/2023\/01\/5AE9F509-B13A-45AD-BA0E-BC94261F3921.webp 1024w, https:\/\/mlbfrsat7ahr.i.optimole.com\/w:300\/h:300\/q:mauto\/ig:avif\/https:\/\/noticiasnoface.com.br\/wp-content\/uploads\/2023\/01\/5AE9F509-B13A-45AD-BA0E-BC94261F3921.webp 300w, https:\/\/mlbfrsat7ahr.i.optimole.com\/w:150\/h:150\/q:mauto\/ig:avif\/https:\/\/noticiasnoface.com.br\/wp-content\/uploads\/2023\/01\/5AE9F509-B13A-45AD-BA0E-BC94261F3921.webp 150w, https:\/\/mlbfrsat7ahr.i.optimole.com\/w:768\/h:768\/q:mauto\/ig:avif\/https:\/\/noticiasnoface.com.br\/wp-content\/uploads\/2023\/01\/5AE9F509-B13A-45AD-BA0E-BC94261F3921.webp 768w, https:\/\/mlbfrsat7ahr.i.optimole.com\/w:600\/h:600\/q:mauto\/ig:avif\/https:\/\/noticiasnoface.com.br\/wp-content\/uploads\/2023\/01\/5AE9F509-B13A-45AD-BA0E-BC94261F3921.webp 600w, https:\/\/mlbfrsat7ahr.i.optimole.com\/w:1080\/h:1080\/q:mauto\/ig:avif\/https:\/\/noticiasnoface.com.br\/wp-content\/uploads\/2023\/01\/5AE9F509-B13A-45AD-BA0E-BC94261F3921.webp 1392w\" sizes=\"(max-width: 1000px) 100vw, 1000px\" \/><figcaption class=\"wp-element-caption\">Simone Tebet diz que a partir de fevereiro vai cortar o Bolsa Fam\u00edlia por 60 dias<br>InvestorBrazil 20\/01\/2023<br>Ao menos esta \u00e9 a previs\u00e3o da Ministra do Planejamento do governo Lula, Simone Tebet. Em entrevista concedida ao jornal O Estado de S\u00e3o Paulo, ela disse que precisa fazer um \u2018pente-fino\u2019 no programa e milhares fam\u00edlias ter\u00e3o o benef\u00edcio do Bolsa Fam\u00edlia cortado por 60 dias.<br>\u201cVamos ter provavelmente, n\u00e3o digo economia, n\u00e3o se pode falar em economia<br>quando se fala em fome. Mas teremos cancelamentos significativos no n\u00famero de fam\u00edlias unipessoais ganhando o Bolsa Fam\u00edlia\u201d, disse Tebet quando foi perguntada sobre a efici\u00eancia do pente-fino no projeto social.<br>A Ministra disse ainda que colocou o seu Minist\u00e9rio do Planejamento \u00e0 disposi\u00e7\u00e3o do Ministro do Desenvolvimento Social, Fam\u00edlia e Combate \u00e0 Fome, Wellington Dias. Ela afirmou que pessoas da sua equipe provavelmente ajudar\u00e3o neste per\u00edodo de realiza\u00e7\u00e3o de pente-fino nas contas do Cad\u00danico.<br>\u201cO Planejamento \u00e9 um minist\u00e9rio meio. N\u00f3s vamos procurar dar o suporte na horizontalidade, a vis\u00e3o geral que n\u00f3s temos. A decis\u00e3o de m\u00e9rito, espec\u00edfica, \u00e9 dos minist\u00e9rios fins. Por exemplo: eu fui do grupo de transi\u00e7\u00e3o e conhe\u00e7o bem o Cadastro \u00danico do Bolsa Fam\u00edlia. O Cad\u00danico \u00e9 a alma de todos os programas sociais. Ele tem de ser remodelado\u201d, disse ela.<br>Ainda na entrevista ao jornal O Estado de S\u00e3o Paulo, Tebet disse que o governo precisa se preparar para realizar o pente-fino aos poucos. Na sua avalia\u00e7\u00e3o, se o Minist\u00e9rio excluir todas as supostas irregularidades de uma s\u00f3 vez, haver\u00e1 forma\u00e7\u00e3o de grandes filas.<br>\u201cEu estava no grupo de transi\u00e7\u00e3o. N\u00e3o tinha jeito. N\u00e3o adianta, eu j\u00e1 fui prefeita. Vai formar fila e n\u00e3o vai resolver. N\u00f3s adiamos por 60 dias o bloqueio porque ao bloquear todo mundo corre para fila da assist\u00eancia social para pedir o desbloqueio.\u201d<br>\u201cVai ter de ser um bloqueio em 60 dias e n\u00e3o pode come\u00e7ar em janeiro. Ao inv\u00e9s de janeiro, vai come\u00e7ar em fevereiro ou mar\u00e7o e n\u00e3o vai ser por 30 dias. Ser\u00e3o 60 dias. Bloqueia-se. Quem se sente prejudicado, vai um cart\u00e3ozinho, e far\u00e3o a averigua\u00e7\u00e3o se se enquadra ou n\u00e3o. O mais importante \u00e9 repensar o modelo, porque a fam\u00edlia unipessoal cresceu de tal forma que gerou uma s\u00e9rie de irregularidades\u201d, completou ela.<\/figcaption><\/figure>\n","protected":false},"excerpt":{"rendered":"","protected":false},"author":1,"featured_media":0,"comment_status":"open","ping_status":"open","sticky":false,"template":"","format":"standard","meta":{"site-sidebar-layout":"default","site-content-layout":"","ast-site-content-layout":"default","site-content-style":"default","site-sidebar-style":"default","ast-global-header-display":"","ast-banner-title-visibility":"","ast-main-header-display":"","ast-hfb-above-header-display":"","ast-hfb-below-header-display":"","ast-hfb-mobile-header-display":"","site-post-title":"","ast-breadcrumbs-content":"","ast-featured-img":"","footer-sml-layout":"","ast-disable-related-posts":"","theme-transparent-header-meta":"","adv-header-id-meta":"","stick-header-meta":"","header-above-stick-meta":"","header-main-stick-meta":"","header-below-stick-meta":"","astra-migrate-meta-layouts":"default","ast-page-background-enabled":"default","ast-page-background-meta":{"desktop":{"background-color":"var(--ast-global-color-4)","background-image":"","background-repeat":"repeat","background-position":"center center","background-size":"auto","background-attachment":"scroll","background-type":"","background-media":"","overlay-type":"","overlay-color":"","overlay-opacity":"","overlay-gradient":""},"tablet":{"background-color":"","background-image":"","background-repeat":"repeat","background-position":"center center","background-size":"auto","background-attachment":"scroll","background-type":"","background-media":"","overlay-type":"","overlay-color":"","overlay-opacity":"","overlay-gradient":""},"mobile":{"background-color":"","background-image":"","background-repeat":"repeat","background-position":"center center","background-size":"auto","background-attachment":"scroll","background-type":"","background-media":"","overlay-type":"","overlay-color":"","overlay-opacity":"","overlay-gradient":""}},"ast-content-background-meta":{"desktop":{"background-color":"var(--ast-global-color-5)","background-image":"","background-repeat":"repeat","background-position":"center center","background-size":"auto","background-attachment":"scroll","background-type":"","background-media":"","overlay-type":"","overlay-color":"","overlay-opacity":"","overlay-gradient":""},"tablet":{"background-color":"var(--ast-global-color-5)","background-image":"","background-repeat":"repeat","background-position":"center center","background-size":"auto","background-attachment":"scroll","background-type":"","background-media":"","overlay-type":"","overlay-color":"","overlay-opacity":"","overlay-gradient":""},"mobile":{"background-color":"var(--ast-global-color-5)","background-image":"","background-repeat":"repeat","background-position":"center center","background-size":"auto","background-attachment":"scroll","background-type":"","background-media":"","overlay-type":"","overlay-color":"","overlay-opacity":"","overlay-gradient":""}},"footnotes":""},"categories":[517],"tags":[2429,50,22,199,2238],"class_list":["post-14246","post","type-post","status-publish","format-standard","hentry","category-aconteceu","tag-bolsa-familia","tag-noticias-do-face","tag-noticias-no-face","tag-noticiasnoface","tag-simone-tebet"],"_links":{"self":[{"href":"https:\/\/noticiasnoface.com.br\/index.php\/wp-json\/wp\/v2\/posts\/14246","targetHints":{"allow":["GET"]}}],"collection":[{"href":"https:\/\/noticiasnoface.com.br\/index.php\/wp-json\/wp\/v2\/posts"}],"about":[{"href":"https:\/\/noticiasnoface.com.br\/index.php\/wp-json\/wp\/v2\/types\/post"}],"author":[{"embeddable":true,"href":"https:\/\/noticiasnoface.com.br\/index.php\/wp-json\/wp\/v2\/users\/1"}],"replies":[{"embeddable":true,"href":"https:\/\/noticiasnoface.com.br\/index.php\/wp-json\/wp\/v2\/comments?post=14246"}],"version-history":[{"count":1,"href":"https:\/\/noticiasnoface.com.br\/index.php\/wp-json\/wp\/v2\/posts\/14246\/revisions"}],"predecessor-version":[{"id":14248,"href":"https:\/\/noticiasnoface.com.br\/index.php\/wp-json\/wp\/v2\/posts\/14246\/revisions\/14248"}],"wp:attachment":[{"href":"https:\/\/noticiasnoface.com.br\/index.php\/wp-json\/wp\/v2\/media?parent=14246"}],"wp:term":[{"taxonomy":"category","embeddable":true,"href":"https:\/\/noticiasnoface.com.br\/index.php\/wp-json\/wp\/v2\/categories?post=14246"},{"taxonomy":"post_tag","embeddable":true,"href":"https:\/\/noticiasnoface.com.br\/index.php\/wp-json\/wp\/v2\/tags?post=14246"}],"curies":[{"name":"wp","href":"https:\/\/api.w.org\/{rel}","templated":true}]}}