{"id":14250,"date":"2023-01-22T19:21:23","date_gmt":"2023-01-22T22:21:23","guid":{"rendered":"https:\/\/noticiasnoface.com.br\/?p=14250"},"modified":"2023-01-22T19:21:25","modified_gmt":"2023-01-22T22:21:25","slug":"governo-lula-nao-inclui-duplicacao-da-reta-tabajara-em-reformas","status":"publish","type":"post","link":"https:\/\/noticiasnoface.com.br\/index.php\/2023\/01\/22\/governo-lula-nao-inclui-duplicacao-da-reta-tabajara-em-reformas\/","title":{"rendered":"Governo Lula N\u00c3O inclui duplica\u00e7\u00e3o da reta Tabajara em reformas"},"content":{"rendered":"\n<figure class=\"wp-block-image size-large\"><img data-opt-id=1674141491  fetchpriority=\"high\" decoding=\"async\" width=\"1024\" height=\"574\" src=\"https:\/\/mlbfrsat7ahr.i.optimole.com\/w:1024\/h:574\/q:mauto\/ig:avif\/https:\/\/noticiasnoface.com.br\/wp-content\/uploads\/2023\/01\/138A3372-4F2E-4FF6-829F-229A8235F3DC.jpeg\" alt=\"\" class=\"wp-image-14251\" srcset=\"https:\/\/mlbfrsat7ahr.i.optimole.com\/w:1024\/h:574\/q:mauto\/ig:avif\/https:\/\/noticiasnoface.com.br\/wp-content\/uploads\/2023\/01\/138A3372-4F2E-4FF6-829F-229A8235F3DC.jpeg 1024w, https:\/\/mlbfrsat7ahr.i.optimole.com\/w:300\/h:168\/q:mauto\/ig:avif\/https:\/\/noticiasnoface.com.br\/wp-content\/uploads\/2023\/01\/138A3372-4F2E-4FF6-829F-229A8235F3DC.jpeg 300w, https:\/\/mlbfrsat7ahr.i.optimole.com\/w:768\/h:431\/q:mauto\/ig:avif\/https:\/\/noticiasnoface.com.br\/wp-content\/uploads\/2023\/01\/138A3372-4F2E-4FF6-829F-229A8235F3DC.jpeg 768w, https:\/\/mlbfrsat7ahr.i.optimole.com\/w:1536\/h:861\/q:mauto\/ig:avif\/https:\/\/noticiasnoface.com.br\/wp-content\/uploads\/2023\/01\/138A3372-4F2E-4FF6-829F-229A8235F3DC.jpeg 1536w, https:\/\/mlbfrsat7ahr.i.optimole.com\/w:1920\/h:1076\/q:mauto\/ig:avif\/https:\/\/noticiasnoface.com.br\/wp-content\/uploads\/2023\/01\/138A3372-4F2E-4FF6-829F-229A8235F3DC.jpeg 2048w\" sizes=\"(max-width: 1000px) 100vw, 1000px\" \/><figcaption class=\"wp-element-caption\">As obras de adequa\u00e7\u00e3o da BR-304, no trecho conhecido como Reta Tabajara, est\u00e3o fora do plano do Minist\u00e9rio dos Transportes para a revitaliza\u00e7\u00e3o das rodovias e ferrovias do pa\u00eds.\u00a0<a href=\"https:\/\/www.gov.br\/infraestrutura\/pt-br\/assuntos\/noticias\/2023\/01\/Plano_100_DiasMinisterio_Transportes.pdf\" target=\"_blank\" rel=\"noopener\">O programa de obras, que ter\u00e1 or\u00e7amento de cerca de R$ 1,7 bilh\u00e3o, vai beneficiar estradas de doze estados brasileiros<\/a>.<br>Elaborado para melhorar a qualidade das rodovias brasileiras, o Plano de 100 Dias com as a\u00e7\u00f5es priorit\u00e1rias do Governo Federal, por meio do Minist\u00e9rio dos Transportes, para retomar e intensificar obras, preparar rodovias para o per\u00edodo de chuvas, garantir o escoamento da safra agr\u00edcola e diminuir o n\u00famero de acidentes graves.<br>O valor possibilitar\u00e1 a entrega de 861 quil\u00f4metros pavimentados, revitalizados e sinalizados at\u00e9 abril de 2023. Ainda haver\u00e1 a constru\u00e7\u00e3o e revitaliza\u00e7\u00e3o de 72 pontes e viadutos no mesmo per\u00edodo. As principais entregas est\u00e3o inclu\u00eddas em 12 rodovias que cortam o pa\u00eds. S\u00e3o elas: a BR-432\/RR, BR-364\/AC, BR-116\/CE, BR-101\/SE, BR-116\/BA, BR-080\/GO, BR-101\/AL, BR-381\/MG, BR-, 447\/ES, BR-163\/PR, BR-470\/SC e BR-116\/RS.<br>A duplica\u00e7\u00e3o da reta Tabajara, no entanto, conta na<a href=\"https:\/\/www.gov.br\/economia\/pt-br\/assuntos\/planejamento-e-orcamento\/orcamento\/orcamentos-anuais\/2023\" target=\"_blank\" rel=\"noopener\">Lei Or\u00e7ament\u00e1ria Anual (LOA-2023)<\/a>\u00a0sancionada pelo presidente Lu\u00eds In\u00e1cio Lula da Silva. A bancada federal do Rio Grande Norte havia garantido emendas, no valor de R$ 29 milh\u00f5es, para a continuidade das obras de adequa\u00e7\u00e3o da pista.<br>As prioridades nos setores ferrovi\u00e1rio e rodovi\u00e1rio foram detalhadas nesta quarta-feira (18) pelo ministro dos Transportes, Renan Filho, durante coletiva de imprensa. Segundo ele, o governo vai priorizar e fortalecer o uso dos recursos j\u00e1 existentes para obras estruturantes. \u201cVamos investir nos grandes corredores de transporte, nas duplica\u00e7\u00f5es de rodovias e nas integra\u00e7\u00f5es ferrovi\u00e1rias para a ampliar competitividade da nossa economia. Estamos fazendo o reordenamento do ciclo de planejamento para os pr\u00f3ximos quatro anos\u201d, afirmou.<br>Conforme explicou o ministro, tamb\u00e9m haver\u00e1 a retomada de mais 670 quil\u00f4metros de obras hoje paradas por falta de verbas, onde est\u00e3o previstas revitaliza\u00e7\u00e3o, constru\u00e7\u00e3o e segmentos cr\u00edticos. At\u00e9 o fim de 2022, havia mais de 100 empreendimentos em rodovias com ritmo lento ou completamente sem segmento.<br>De acordo com o ministro, a ideia do governo \u00e9 ampliar investimentos para fortalecer a competitividade internacional, preservando as condi\u00e7\u00f5es ambientais do pa\u00eds. \u201cNossa meta \u00e9 interromper a involu\u00e7\u00e3o do setor dos \u00faltimos quatro anos. Estamos abertos a aprimorar nossos procedimentos para atrair mais investimentos privados, somando esfor\u00e7os com os recursos p\u00fablicos\u201d, concluiu.<br>O Minist\u00e9rio dos Transportes tamb\u00e9m recebeu sugest\u00f5es de a\u00e7\u00f5es priorit\u00e1rias por meio de uma consulta p\u00fablica. Foram mais de 6 mil contribui\u00e7\u00f5es, a maioria no sentido de ampliar a competitividade da infraestrutura e da log\u00edstica de transportes de cargas e pessoas; promover a seguran\u00e7a do tr\u00e2nsito; melhorar a qualidade da infraestrutura e servi\u00e7os de transportes; e outros pontos relacionados \u00e0 redu\u00e7\u00e3o da burocracia, sustentabilidade, governan\u00e7a e acesso \u00e0 informa\u00e7\u00e3o. VIA NOVO NOT\u00cdCIAS <\/figcaption><\/figure>\n","protected":false},"excerpt":{"rendered":"","protected":false},"author":1,"featured_media":0,"comment_status":"open","ping_status":"open","sticky":false,"template":"","format":"standard","meta":{"site-sidebar-layout":"default","site-content-layout":"","ast-site-content-layout":"default","site-content-style":"default","site-sidebar-style":"default","ast-global-header-display":"","ast-banner-title-visibility":"","ast-main-header-display":"","ast-hfb-above-header-display":"","ast-hfb-below-header-display":"","ast-hfb-mobile-header-display":"","site-post-title":"","ast-breadcrumbs-content":"","ast-featured-img":"","footer-sml-layout":"","ast-disable-related-posts":"","theme-transparent-header-meta":"","adv-header-id-meta":"","stick-header-meta":"","header-above-stick-meta":"","header-main-stick-meta":"","header-below-stick-meta":"","astra-migrate-meta-layouts":"default","ast-page-background-enabled":"default","ast-page-background-meta":{"desktop":{"background-color":"var(--ast-global-color-4)","background-image":"","background-repeat":"repeat","background-position":"center center","background-size":"auto","background-attachment":"scroll","background-type":"","background-media":"","overlay-type":"","overlay-color":"","overlay-opacity":"","overlay-gradient":""},"tablet":{"background-color":"","background-image":"","background-repeat":"repeat","background-position":"center center","background-size":"auto","background-attachment":"scroll","background-type":"","background-media":"","overlay-type":"","overlay-color":"","overlay-opacity":"","overlay-gradient":""},"mobile":{"background-color":"","background-image":"","background-repeat":"repeat","background-position":"center center","background-size":"auto","background-attachment":"scroll","background-type":"","background-media":"","overlay-type":"","overlay-color":"","overlay-opacity":"","overlay-gradient":""}},"ast-content-background-meta":{"desktop":{"background-color":"var(--ast-global-color-5)","background-image":"","background-repeat":"repeat","background-position":"center center","background-size":"auto","background-attachment":"scroll","background-type":"","background-media":"","overlay-type":"","overlay-color":"","overlay-opacity":"","overlay-gradient":""},"tablet":{"background-color":"var(--ast-global-color-5)","background-image":"","background-repeat":"repeat","background-position":"center center","background-size":"auto","background-attachment":"scroll","background-type":"","background-media":"","overlay-type":"","overlay-color":"","overlay-opacity":"","overlay-gradient":""},"mobile":{"background-color":"var(--ast-global-color-5)","background-image":"","background-repeat":"repeat","background-position":"center center","background-size":"auto","background-attachment":"scroll","background-type":"","background-media":"","overlay-type":"","overlay-color":"","overlay-opacity":"","overlay-gradient":""}},"footnotes":""},"categories":[517],"tags":[238,50,22,199,2456],"class_list":["post-14250","post","type-post","status-publish","format-standard","hentry","category-aconteceu","tag-governo-federal","tag-noticias-do-face","tag-noticias-no-face","tag-noticiasnoface","tag-reta-tabajara"],"_links":{"self":[{"href":"https:\/\/noticiasnoface.com.br\/index.php\/wp-json\/wp\/v2\/posts\/14250","targetHints":{"allow":["GET"]}}],"collection":[{"href":"https:\/\/noticiasnoface.com.br\/index.php\/wp-json\/wp\/v2\/posts"}],"about":[{"href":"https:\/\/noticiasnoface.com.br\/index.php\/wp-json\/wp\/v2\/types\/post"}],"author":[{"embeddable":true,"href":"https:\/\/noticiasnoface.com.br\/index.php\/wp-json\/wp\/v2\/users\/1"}],"replies":[{"embeddable":true,"href":"https:\/\/noticiasnoface.com.br\/index.php\/wp-json\/wp\/v2\/comments?post=14250"}],"version-history":[{"count":1,"href":"https:\/\/noticiasnoface.com.br\/index.php\/wp-json\/wp\/v2\/posts\/14250\/revisions"}],"predecessor-version":[{"id":14252,"href":"https:\/\/noticiasnoface.com.br\/index.php\/wp-json\/wp\/v2\/posts\/14250\/revisions\/14252"}],"wp:attachment":[{"href":"https:\/\/noticiasnoface.com.br\/index.php\/wp-json\/wp\/v2\/media?parent=14250"}],"wp:term":[{"taxonomy":"category","embeddable":true,"href":"https:\/\/noticiasnoface.com.br\/index.php\/wp-json\/wp\/v2\/categories?post=14250"},{"taxonomy":"post_tag","embeddable":true,"href":"https:\/\/noticiasnoface.com.br\/index.php\/wp-json\/wp\/v2\/tags?post=14250"}],"curies":[{"name":"wp","href":"https:\/\/api.w.org\/{rel}","templated":true}]}}