{"id":14253,"date":"2023-01-23T08:35:42","date_gmt":"2023-01-23T11:35:42","guid":{"rendered":"https:\/\/noticiasnoface.com.br\/?p=14253"},"modified":"2023-01-23T08:35:45","modified_gmt":"2023-01-23T11:35:45","slug":"hotel-de-luxo-que-lula-e-janja-estao-morando-custa-12-mil-por-dia","status":"publish","type":"post","link":"https:\/\/noticiasnoface.com.br\/index.php\/2023\/01\/23\/hotel-de-luxo-que-lula-e-janja-estao-morando-custa-12-mil-por-dia\/","title":{"rendered":"Hotel de luxo que Lula e JANJA est\u00e3o morando custa 12 mil por Dia"},"content":{"rendered":"\n<figure class=\"wp-block-image size-full\"><img data-opt-id=1037217905  fetchpriority=\"high\" decoding=\"async\" width=\"688\" height=\"720\" src=\"https:\/\/mlbfrsat7ahr.i.optimole.com\/w:auto\/h:auto\/q:mauto\/ig:avif\/https:\/\/noticiasnoface.com.br\/wp-content\/uploads\/2023\/01\/EE30326E-072D-4548-B9B6-2B05388B92B0.webp\" alt=\"\" class=\"wp-image-14254\" srcset=\"https:\/\/mlbfrsat7ahr.i.optimole.com\/w:688\/h:720\/q:mauto\/ig:avif\/https:\/\/noticiasnoface.com.br\/wp-content\/uploads\/2023\/01\/EE30326E-072D-4548-B9B6-2B05388B92B0.webp 688w, https:\/\/mlbfrsat7ahr.i.optimole.com\/w:287\/h:300\/q:mauto\/ig:avif\/https:\/\/noticiasnoface.com.br\/wp-content\/uploads\/2023\/01\/EE30326E-072D-4548-B9B6-2B05388B92B0.webp 287w\" sizes=\"(max-width: 688px) 100vw, 688px\" \/><figcaption class=\"wp-element-caption\">O\u00a0Pal\u00e1cio do Planalto desembolsar\u00e1\u00a0<strong>R$ 216,8 mil<\/strong>\u00a0para custear o\u00a0<strong>hotel de alto luxo onde o presidente Lula\u00a0e a primeira-dama\u00a0Janja\u00a0est\u00e3o hospedados<\/strong>\u00a0em Bras\u00edlia at\u00e9 se mudarem para o Pal\u00e1cio da Alvorada, resid\u00eancia oficial da Presid\u00eancia da Rep\u00fablica.<br>O valor consta em ato publicado, nesta quarta-feira (18), no Di\u00e1rio Oficial da Uni\u00e3o (DOU). O servi\u00e7o foi contratado\u00a0<a href=\"https:\/\/www.in.gov.br\/web\/dou\/-\/extrato-de-inexigibilidade-de-licitacao-n-1\/2023-uasg-110001-458468946\" target=\"_blank\" rel=\"noreferrer noopener\">por meio de inexigibilidade de licita\u00e7\u00e3o<\/a>. O\u00a0<strong>hotel \u00e9 o Meli\u00e1,\u00a0<\/strong>hotel\u00a05\u00a0estrelas, na Asa Sul, no Plano Piloto, o mesmo em que Lula e Janja est\u00e3o desde a transi\u00e7\u00e3o.<br>Para a dispensa de licita\u00e7\u00e3o, a Presid\u00eancia argumentou que a contrata\u00e7\u00e3o da hospedagem foi em raz\u00e3o da \u201cnecessidade de implanta\u00e7\u00e3o de medidas de prote\u00e7\u00e3o da autoridade e de familiares nas resid\u00eancias oficiais\u201d.<\/figcaption><\/figure>\n","protected":false},"excerpt":{"rendered":"","protected":false},"author":1,"featured_media":0,"comment_status":"open","ping_status":"open","sticky":false,"template":"","format":"standard","meta":{"site-sidebar-layout":"default","site-content-layout":"","ast-site-content-layout":"default","site-content-style":"default","site-sidebar-style":"default","ast-global-header-display":"","ast-banner-title-visibility":"","ast-main-header-display":"","ast-hfb-above-header-display":"","ast-hfb-below-header-display":"","ast-hfb-mobile-header-display":"","site-post-title":"","ast-breadcrumbs-content":"","ast-featured-img":"","footer-sml-layout":"","ast-disable-related-posts":"","theme-transparent-header-meta":"","adv-header-id-meta":"","stick-header-meta":"","header-above-stick-meta":"","header-main-stick-meta":"","header-below-stick-meta":"","astra-migrate-meta-layouts":"default","ast-page-background-enabled":"default","ast-page-background-meta":{"desktop":{"background-color":"var(--ast-global-color-4)","background-image":"","background-repeat":"repeat","background-position":"center center","background-size":"auto","background-attachment":"scroll","background-type":"","background-media":"","overlay-type":"","overlay-color":"","overlay-opacity":"","overlay-gradient":""},"tablet":{"background-color":"","background-image":"","background-repeat":"repeat","background-position":"center center","background-size":"auto","background-attachment":"scroll","background-type":"","background-media":"","overlay-type":"","overlay-color":"","overlay-opacity":"","overlay-gradient":""},"mobile":{"background-color":"","background-image":"","background-repeat":"repeat","background-position":"center center","background-size":"auto","background-attachment":"scroll","background-type":"","background-media":"","overlay-type":"","overlay-color":"","overlay-opacity":"","overlay-gradient":""}},"ast-content-background-meta":{"desktop":{"background-color":"var(--ast-global-color-5)","background-image":"","background-repeat":"repeat","background-position":"center center","background-size":"auto","background-attachment":"scroll","background-type":"","background-media":"","overlay-type":"","overlay-color":"","overlay-opacity":"","overlay-gradient":""},"tablet":{"background-color":"var(--ast-global-color-5)","background-image":"","background-repeat":"repeat","background-position":"center center","background-size":"auto","background-attachment":"scroll","background-type":"","background-media":"","overlay-type":"","overlay-color":"","overlay-opacity":"","overlay-gradient":""},"mobile":{"background-color":"var(--ast-global-color-5)","background-image":"","background-repeat":"repeat","background-position":"center center","background-size":"auto","background-attachment":"scroll","background-type":"","background-media":"","overlay-type":"","overlay-color":"","overlay-opacity":"","overlay-gradient":""}},"footnotes":""},"categories":[517],"tags":[903,215,50,22,199,2058],"class_list":["post-14253","post","type-post","status-publish","format-standard","hentry","category-aconteceu","tag-janja","tag-lula","tag-noticias-do-face","tag-noticias-no-face","tag-noticiasnoface","tag-presidente-lula"],"_links":{"self":[{"href":"https:\/\/noticiasnoface.com.br\/index.php\/wp-json\/wp\/v2\/posts\/14253","targetHints":{"allow":["GET"]}}],"collection":[{"href":"https:\/\/noticiasnoface.com.br\/index.php\/wp-json\/wp\/v2\/posts"}],"about":[{"href":"https:\/\/noticiasnoface.com.br\/index.php\/wp-json\/wp\/v2\/types\/post"}],"author":[{"embeddable":true,"href":"https:\/\/noticiasnoface.com.br\/index.php\/wp-json\/wp\/v2\/users\/1"}],"replies":[{"embeddable":true,"href":"https:\/\/noticiasnoface.com.br\/index.php\/wp-json\/wp\/v2\/comments?post=14253"}],"version-history":[{"count":1,"href":"https:\/\/noticiasnoface.com.br\/index.php\/wp-json\/wp\/v2\/posts\/14253\/revisions"}],"predecessor-version":[{"id":14255,"href":"https:\/\/noticiasnoface.com.br\/index.php\/wp-json\/wp\/v2\/posts\/14253\/revisions\/14255"}],"wp:attachment":[{"href":"https:\/\/noticiasnoface.com.br\/index.php\/wp-json\/wp\/v2\/media?parent=14253"}],"wp:term":[{"taxonomy":"category","embeddable":true,"href":"https:\/\/noticiasnoface.com.br\/index.php\/wp-json\/wp\/v2\/categories?post=14253"},{"taxonomy":"post_tag","embeddable":true,"href":"https:\/\/noticiasnoface.com.br\/index.php\/wp-json\/wp\/v2\/tags?post=14253"}],"curies":[{"name":"wp","href":"https:\/\/api.w.org\/{rel}","templated":true}]}}