{"id":14277,"date":"2023-01-23T23:16:41","date_gmt":"2023-01-24T02:16:41","guid":{"rendered":"https:\/\/noticiasnoface.com.br\/?p=14277"},"modified":"2023-01-23T23:21:27","modified_gmt":"2023-01-24T02:21:27","slug":"governo-lula-estuda-o-fim-do-real","status":"publish","type":"post","link":"https:\/\/noticiasnoface.com.br\/index.php\/2023\/01\/23\/governo-lula-estuda-o-fim-do-real\/","title":{"rendered":"Governo Lula estuda o fim do REAL"},"content":{"rendered":"\n<figure class=\"wp-block-image size-large\"><img data-opt-id=2073711264  fetchpriority=\"high\" decoding=\"async\" width=\"1024\" height=\"1024\" src=\"https:\/\/mlbfrsat7ahr.i.optimole.com\/w:1024\/h:1024\/q:mauto\/ig:avif\/https:\/\/noticiasnoface.com.br\/wp-content\/uploads\/2023\/01\/photo-output-5.jpg\" alt=\"\" class=\"wp-image-14280\" srcset=\"https:\/\/mlbfrsat7ahr.i.optimole.com\/w:1024\/h:1024\/q:mauto\/ig:avif\/https:\/\/noticiasnoface.com.br\/wp-content\/uploads\/2023\/01\/photo-output-5.jpg 1024w, https:\/\/mlbfrsat7ahr.i.optimole.com\/w:300\/h:300\/q:mauto\/ig:avif\/https:\/\/noticiasnoface.com.br\/wp-content\/uploads\/2023\/01\/photo-output-5.jpg 300w, https:\/\/mlbfrsat7ahr.i.optimole.com\/w:150\/h:150\/q:mauto\/ig:avif\/https:\/\/noticiasnoface.com.br\/wp-content\/uploads\/2023\/01\/photo-output-5.jpg 150w, https:\/\/mlbfrsat7ahr.i.optimole.com\/w:768\/h:768\/q:mauto\/ig:avif\/https:\/\/noticiasnoface.com.br\/wp-content\/uploads\/2023\/01\/photo-output-5.jpg 768w, https:\/\/mlbfrsat7ahr.i.optimole.com\/w:1080\/h:1080\/q:mauto\/ig:avif\/https:\/\/noticiasnoface.com.br\/wp-content\/uploads\/2023\/01\/photo-output-5.jpg 1536w, https:\/\/mlbfrsat7ahr.i.optimole.com\/w:1080\/h:1080\/q:mauto\/ig:avif\/https:\/\/noticiasnoface.com.br\/wp-content\/uploads\/2023\/01\/photo-output-5.jpg 2048w, https:\/\/mlbfrsat7ahr.i.optimole.com\/w:600\/h:600\/q:mauto\/ig:avif\/https:\/\/noticiasnoface.com.br\/wp-content\/uploads\/2023\/01\/photo-output-5.jpg 600w\" sizes=\"(max-width: 1000px) 100vw, 1000px\" \/><figcaption class=\"wp-element-caption\">Real pode acabar se a moeda comum com a Argentina for criada? Entenda<br \/><br \/>Lula anunciou, com o presidente da Argentina, estudos para a cria\u00e7\u00e3o de uma moeda comum para transa\u00e7\u00f5es financeiras e comerciais na regi\u00e3o; tire d\u00favidas sobre o tema<br \/><img data-opt-id=1512558077  fetchpriority=\"high\" decoding=\"async\" src=\"https:\/\/sp-ao.shortpixel.ai\/client\/to_auto,q_glossy,ret_img,w_868,h_508\/https:\/\/phbwebcidade.com.br\/wp-content\/uploads\/2023\/01\/CYMERA_20230123_222853.jpg\" alt=\"\" width=\"868\" height=\"508\" srcset=\"https:\/\/sp-ao.shortpixel.ai\/client\/to_auto,q_glossy,ret_img,w_868\/https:\/\/phbwebcidade.com.br\/wp-content\/uploads\/2023\/01\/CYMERA_20230123_222853.jpg 868w, https:\/\/sp-ao.shortpixel.ai\/client\/to_auto,q_glossy,ret_img,w_300\/https:\/\/phbwebcidade.com.br\/wp-content\/uploads\/2023\/01\/CYMERA_20230123_222853-300x176.jpg 300w, https:\/\/sp-ao.shortpixel.ai\/client\/to_auto,q_glossy,ret_img,w_768\/https:\/\/phbwebcidade.com.br\/wp-content\/uploads\/2023\/01\/CYMERA_20230123_222853-768x449.jpg 768w, https:\/\/sp-ao.shortpixel.ai\/client\/to_auto,q_glossy,ret_img,w_18\/https:\/\/phbwebcidade.com.br\/wp-content\/uploads\/2023\/01\/CYMERA_20230123_222853-18x12.jpg 18w\" class=\"extendsBeyondTextColumn\" \/>Real n\u00e3o ser\u00e1 substitu\u00eddo por eventual nova moeda.  Foto: Marcello Casal Jr\/Ag\u00eancia Brasil<br \/><strong>Estad\u00e3o<\/strong><br \/>Os presidentes do Brasil, Luiz In\u00e1cio Lula da Silva, e da Argentina, Alberto Fern\u00e1ndez, discutem a cria\u00e7\u00e3o de uma moeda comum sul-americana para transa\u00e7\u00f5es comerciais e financeiras. A medida foi formalizada nesta segunda-feira, 23, pelo presidente Lula, em memorando de entendimento com o governo da Argentina. A a\u00e7\u00e3o \u00e9 parte de uma estrat\u00e9gia de fortalecimento da integra\u00e7\u00e3o regional com os pa\u00edses da Am\u00e9rica do Sul, prioridade do presidente Lula anunciada ainda na campanha eleitoral.<br \/>O an\u00fancio de uma nova moeda \u2013 o Brasil sugeriu o nome \u201csur\u201d \u2013 levantou d\u00favidas. O Estad\u00e3o reuniu as principais perguntas e respostas em rela\u00e7\u00e3o \u00e0 moeda comum sul-americana.<br \/><strong>Como deve funcionar a moeda comum?<\/strong><br \/>Lula e Fern\u00e1ndez assinaram um artigo publicado no \u00faltimo domingo, 22, no jornal argentino \u201cPerfil\u201d, declarando que ir\u00e3o avan\u00e7ar nos estudos para a cria\u00e7\u00e3o de uma moeda sul-americana comum para transa\u00e7\u00f5es comerciais e financeiras, \u201creduzindo custos operacionais e nossa vulnerabilidade externa\u201d, escreveram.<br \/>A medida foi formalizada nesta segunda-feira, 23, pelo presidente Lula, em memorando de entendimento com o governo argentino. O documento traz a cria\u00e7\u00e3o de um grupo de trabalho para viabilizar nos pr\u00f3ximos anos a implementa\u00e7\u00e3o da moeda comum, visando fortalecer as exporta\u00e7\u00f5es brasileiras ao pa\u00eds vizinho. Este grupo de trabalho deve direcionar quest\u00f5es sobre o eventual funcionamento da moeda comum.<br \/>No mesmo projeto, haver\u00e1 estudos para o lan\u00e7amento de linhas de cr\u00e9dito de bancos privados e p\u00fablicos para que importadores argentinos comprem produtos brasileiros.<br \/>Segundo apurou o Estad\u00e3o\/Broadcast, o an\u00fancio deve abandonar o nome \u201cmoeda comum\u201d e se referir ao projeto como unidade de conta sul-americana, para diminuir ru\u00eddos.<br \/><strong>O real ir\u00e1 acabar se a moeda comum sul-americana for criada? E o peso argentino?<\/strong><br \/>Uma eventual moeda comum, nos moldes em que tem sido discutida, n\u00e3o acabaria com o real nem com o peso. Diferentemente do euro, que \u00e9 a moeda em circula\u00e7\u00e3o em v\u00e1rios pa\u00edses da Uni\u00e3o Europeia, esta moeda comum seria formatada para o prop\u00f3sito espec\u00edfico de ser usada em transa\u00e7\u00f5es comerciais e financeiras entre os pa\u00edses, para que haja uma menor depend\u00eancia do d\u00f3lar.<br \/>As moedas nacionais seguiriam as mesmas: o Brasil com o real e a Argentina com o peso.<br \/><strong>Qual o objetivo da cria\u00e7\u00e3o de uma moeda comum sul-americana?<\/strong><br \/>A Argentina \u00e9 um importante parceiro comercial do Brasil, mas as trocas comerciais entre os pa\u00edses regrediram, sobretudo diante da crise econ\u00f4mica no pa\u00eds vizinho.<br \/>O diagn\u00f3stico do governo Lula \u00e9 que o com\u00e9rcio entre o Brasil e a Argentina teve uma \u201cderrocada monstruosa\u201d e essa perda de participa\u00e7\u00e3o do Brasil foi ocupada pela China. Na avalia\u00e7\u00e3o do governo, a China conseguiu aumentar as vendas para os argentinos e ocupar espa\u00e7o dos exportadores brasileiros. (Leia mais nesta reportagem)<br \/>\u201c[A importa\u00e7\u00e3o da Argentina] est\u00e1 muito ruim e o problema \u00e9 exatamente a divisa, n\u00e9? Isso que a gente t\u00e1 quebrando a cabe\u00e7a para encontrar uma solu\u00e7\u00e3o\u201d, afirmou o ministro da Fazenda, Fernando Haddad, ao chegar ao hotel em que ele e Lula ficar\u00e3o hospedados at\u00e9 a manh\u00e3 de quarta-feira em Buenos Aires.<br \/>A cria\u00e7\u00e3o da moeda comum, portanto, seria uma medida visando elevar as exporta\u00e7\u00f5es brasileiras para a Argentina.<br \/><strong>A ideia de uma moeda comum na Am\u00e9rica do Sul \u00e9 nova?<\/strong><br \/>A ideia da ado\u00e7\u00e3o de uma moeda comum ou at\u00e9 uma moeda \u00fanica (s\u00e3o conceitos diferentes) para os pa\u00edses da regi\u00e3o j\u00e1 surgiu algumas vezes antes.<br \/>No ano passado, o ministro da Fazenda, Fernando Haddad, e seu secret\u00e1rio-executivo, Gabriel Gal\u00edpolo, escreveram um artigo propondo o uso de uma moeda comum no com\u00e9rcio sul-americano para impulsionar a integra\u00e7\u00e3o na regi\u00e3o e fortalecer a soberania monet\u00e1ria dos pa\u00edses do continente.<br \/>J\u00e1 o ex-ministro da Economia, Paulo Guedes, defendeu a cria\u00e7\u00e3o de uma moeda \u00fanica para toda a Am\u00e9rica Latina.<br \/><strong>A moeda comum seria implantada imediatamente?<\/strong><br \/>A implanta\u00e7\u00e3o da moeda comum sul-americana n\u00e3o seria para agora, mas sim para daqui a alguns anos. O plano seria come\u00e7ar com Brasil e Argentina e eventualmente estender o mecanismo para os pa\u00edses da regi\u00e3o.<br \/>Neste domingo, o brit\u00e2nico Financial Times publicou reportagem na qual o ministro da Economia da Argentina, S\u00e9rgio Massa, fala em estudos sobre uma moeda comum com defini\u00e7\u00e3o de pap\u00e9is dos bancos centrais. Massa afirmou ao ve\u00edculo que ser\u00e3o estudados os par\u00e2metros necess\u00e1rios para uma moeda comum, mas que \u00e9 o primeiro passo de um longo caminho a trilhar. Segundo o jornal, o movimento pode eventualmente criar a segunda maior moeda de um bloco econ\u00f4mico do mundo.<br \/><strong>Qual a diferen\u00e7a entre uma moeda \u00fanica e a moeda comum proposta por Lula e Fern\u00e1ndez?<\/strong><br \/>A princ\u00edpio, a moeda proposta por Brasil e Argentina n\u00e3o seria utilizada como uma moeda \u00fanica para transa\u00e7\u00e3o entre os pa\u00edses da Am\u00e9rica do Sul, como ocorre, por exemplo, na Zona do Euro. A ideia principal seria a cria\u00e7\u00e3o de uma refer\u00eancia de pre\u00e7o regional, evitando a convers\u00e3o das transa\u00e7\u00f5es para o d\u00f3lar, como ocorre atualmente.<br \/>\u201cSeria uma moeda para efeitos de com\u00e9rcio bilateral, para evitar ter que fazer a rela\u00e7\u00e3o real para d\u00f3lar, d\u00f3lar para peso argentino, ou moedas de eventuais outros pa\u00edses. A ideia seria fazer um com\u00e9rcio inter-regional baseado nessa moeda\u201d, explica Francisco Levy, estrategista-chefe da Empiricus Investimentos.<br \/><strong>H\u00e1 pa\u00edses que possuem moedas nesses mesmos moldes?<\/strong><br \/>Atualmente, existem exemplos de moedas \u00fanicas que circulam em toda uma regi\u00e3o, como o Euro, que \u00e9 usado em diferentes pa\u00edses e substitui as moedas nacionais. Segundo Francisco Levy, n\u00e3o existem moedas que tenham a mesma proposta do \u201csur\u201d.<br \/>\u201cTentaram no passado avan\u00e7ar com uma moeda no mesmo estilo para os BRICS, mas n\u00e3o avan\u00e7ou\u201d, pontua Levy, em refer\u00eancia ao \u201cbric\u201d, moeda defendida pelo ex-ministro das Rela\u00e7\u00f5es Exteriores, Celso Amorim, que seria usada nas trocas comerciais entre Brasil, R\u00fassia, China e \u00cdndia.<br \/>Compartilhe esta not\u00edcia!<\/figcaption><\/figure>\n","protected":false},"excerpt":{"rendered":"","protected":false},"author":1,"featured_media":0,"comment_status":"open","ping_status":"open","sticky":false,"template":"","format":"standard","meta":{"site-sidebar-layout":"default","site-content-layout":"","ast-site-content-layout":"default","site-content-style":"default","site-sidebar-style":"default","ast-global-header-display":"","ast-banner-title-visibility":"","ast-main-header-display":"","ast-hfb-above-header-display":"","ast-hfb-below-header-display":"","ast-hfb-mobile-header-display":"","site-post-title":"","ast-breadcrumbs-content":"","ast-featured-img":"","footer-sml-layout":"","ast-disable-related-posts":"","theme-transparent-header-meta":"","adv-header-id-meta":"","stick-header-meta":"","header-above-stick-meta":"","header-main-stick-meta":"","header-below-stick-meta":"","astra-migrate-meta-layouts":"default","ast-page-background-enabled":"default","ast-page-background-meta":{"desktop":{"background-color":"var(--ast-global-color-4)","background-image":"","background-repeat":"repeat","background-position":"center center","background-size":"auto","background-attachment":"scroll","background-type":"","background-media":"","overlay-type":"","overlay-color":"","overlay-opacity":"","overlay-gradient":""},"tablet":{"background-color":"","background-image":"","background-repeat":"repeat","background-position":"center center","background-size":"auto","background-attachment":"scroll","background-type":"","background-media":"","overlay-type":"","overlay-color":"","overlay-opacity":"","overlay-gradient":""},"mobile":{"background-color":"","background-image":"","background-repeat":"repeat","background-position":"center center","background-size":"auto","background-attachment":"scroll","background-type":"","background-media":"","overlay-type":"","overlay-color":"","overlay-opacity":"","overlay-gradient":""}},"ast-content-background-meta":{"desktop":{"background-color":"var(--ast-global-color-5)","background-image":"","background-repeat":"repeat","background-position":"center center","background-size":"auto","background-attachment":"scroll","background-type":"","background-media":"","overlay-type":"","overlay-color":"","overlay-opacity":"","overlay-gradient":""},"tablet":{"background-color":"var(--ast-global-color-5)","background-image":"","background-repeat":"repeat","background-position":"center center","background-size":"auto","background-attachment":"scroll","background-type":"","background-media":"","overlay-type":"","overlay-color":"","overlay-opacity":"","overlay-gradient":""},"mobile":{"background-color":"var(--ast-global-color-5)","background-image":"","background-repeat":"repeat","background-position":"center center","background-size":"auto","background-attachment":"scroll","background-type":"","background-media":"","overlay-type":"","overlay-color":"","overlay-opacity":"","overlay-gradient":""}},"footnotes":""},"categories":[517],"tags":[215,50,22,199,2058,255],"class_list":["post-14277","post","type-post","status-publish","format-standard","hentry","category-aconteceu","tag-lula","tag-noticias-do-face","tag-noticias-no-face","tag-noticiasnoface","tag-presidente-lula","tag-real"],"_links":{"self":[{"href":"https:\/\/noticiasnoface.com.br\/index.php\/wp-json\/wp\/v2\/posts\/14277","targetHints":{"allow":["GET"]}}],"collection":[{"href":"https:\/\/noticiasnoface.com.br\/index.php\/wp-json\/wp\/v2\/posts"}],"about":[{"href":"https:\/\/noticiasnoface.com.br\/index.php\/wp-json\/wp\/v2\/types\/post"}],"author":[{"embeddable":true,"href":"https:\/\/noticiasnoface.com.br\/index.php\/wp-json\/wp\/v2\/users\/1"}],"replies":[{"embeddable":true,"href":"https:\/\/noticiasnoface.com.br\/index.php\/wp-json\/wp\/v2\/comments?post=14277"}],"version-history":[{"count":3,"href":"https:\/\/noticiasnoface.com.br\/index.php\/wp-json\/wp\/v2\/posts\/14277\/revisions"}],"predecessor-version":[{"id":14282,"href":"https:\/\/noticiasnoface.com.br\/index.php\/wp-json\/wp\/v2\/posts\/14277\/revisions\/14282"}],"wp:attachment":[{"href":"https:\/\/noticiasnoface.com.br\/index.php\/wp-json\/wp\/v2\/media?parent=14277"}],"wp:term":[{"taxonomy":"category","embeddable":true,"href":"https:\/\/noticiasnoface.com.br\/index.php\/wp-json\/wp\/v2\/categories?post=14277"},{"taxonomy":"post_tag","embeddable":true,"href":"https:\/\/noticiasnoface.com.br\/index.php\/wp-json\/wp\/v2\/tags?post=14277"}],"curies":[{"name":"wp","href":"https:\/\/api.w.org\/{rel}","templated":true}]}}