{"id":14283,"date":"2023-01-24T09:21:18","date_gmt":"2023-01-24T12:21:18","guid":{"rendered":"https:\/\/noticiasnoface.com.br\/?p=14283"},"modified":"2023-01-24T09:21:20","modified_gmt":"2023-01-24T12:21:20","slug":"tatuagem-no-cacete-foi-decisiva-para-prisao-de-daniel-alves","status":"publish","type":"post","link":"https:\/\/noticiasnoface.com.br\/index.php\/2023\/01\/24\/tatuagem-no-cacete-foi-decisiva-para-prisao-de-daniel-alves\/","title":{"rendered":"Tatuagem no cacete foi decisiva para pris\u00e3o de Daniel Alves"},"content":{"rendered":"\n<figure class=\"wp-block-image size-full\"><img data-opt-id=2019477674  fetchpriority=\"high\" decoding=\"async\" width=\"960\" height=\"640\" src=\"https:\/\/mlbfrsat7ahr.i.optimole.com\/w:auto\/h:auto\/q:mauto\/ig:avif\/https:\/\/noticiasnoface.com.br\/wp-content\/uploads\/2023\/01\/A132B1A7-A711-4FE0-9979-3DED0B62B783.webp\" alt=\"\" class=\"wp-image-14284\" srcset=\"https:\/\/mlbfrsat7ahr.i.optimole.com\/w:960\/h:640\/q:mauto\/ig:avif\/https:\/\/noticiasnoface.com.br\/wp-content\/uploads\/2023\/01\/A132B1A7-A711-4FE0-9979-3DED0B62B783.webp 960w, https:\/\/mlbfrsat7ahr.i.optimole.com\/w:300\/h:200\/q:mauto\/ig:avif\/https:\/\/noticiasnoface.com.br\/wp-content\/uploads\/2023\/01\/A132B1A7-A711-4FE0-9979-3DED0B62B783.webp 300w, https:\/\/mlbfrsat7ahr.i.optimole.com\/w:768\/h:512\/q:mauto\/ig:avif\/https:\/\/noticiasnoface.com.br\/wp-content\/uploads\/2023\/01\/A132B1A7-A711-4FE0-9979-3DED0B62B783.webp 768w\" sizes=\"(max-width: 960px) 100vw, 960px\" \/><figcaption class=\"wp-element-caption\">Qual \u00e9 a tatuagem \u00edntima que foi decisiva para prender Daniel Alves<br>Daniel Alves foi transferido na manh\u00e3 desta segunda-feira (23\/1) para a pris\u00e3o de Brians 2<br><img data-opt-id=1802865955  fetchpriority=\"high\" decoding=\"async\" src=\"https:\/\/uploads.metropoles.com\/wp-content\/uploads\/2023\/01\/23203854\/DANIEL-aVES.jpg\" alt=\"Daniel Alves (Reprodu\u00e7\u00e3o: Instagram)\"><br>A Justi\u00e7a Espanhola considerou nesta segunda-feira (23\/1), que Daniel Alves ficou sem roupa no banheiro da boate de Barcelona com a v\u00edtima que o acusa de ass\u00e9dio sexual. Isso aconteceu a partir da descri\u00e7\u00e3o que ela fez de uma tatuagem \u00edntima que o jogador da Sele\u00e7\u00e3o Brasileira tem na parte inferior do abd\u00f4men. Saiba qual \u00e9 essa tatuagem.<br>Detalhes do depoimento da v\u00edtima foram publicados pelo jornal El Mundo. A reportagem informa que a v\u00edtima disse em depoimento que a tatuagem teria ficado bem vis\u00edvel durante o ato, quando Daniel Alves, que na manh\u00e3 desta segunda-feira (23) foi transferido para a pris\u00e3o de Brians 2, tentou for\u00e7\u00e1-la a fazer glub glub .<\/figcaption><\/figure>\n","protected":false},"excerpt":{"rendered":"","protected":false},"author":1,"featured_media":0,"comment_status":"open","ping_status":"open","sticky":false,"template":"","format":"standard","meta":{"site-sidebar-layout":"default","site-content-layout":"","ast-site-content-layout":"default","site-content-style":"default","site-sidebar-style":"default","ast-global-header-display":"","ast-banner-title-visibility":"","ast-main-header-display":"","ast-hfb-above-header-display":"","ast-hfb-below-header-display":"","ast-hfb-mobile-header-display":"","site-post-title":"","ast-breadcrumbs-content":"","ast-featured-img":"","footer-sml-layout":"","ast-disable-related-posts":"","theme-transparent-header-meta":"","adv-header-id-meta":"","stick-header-meta":"","header-above-stick-meta":"","header-main-stick-meta":"","header-below-stick-meta":"","astra-migrate-meta-layouts":"default","ast-page-background-enabled":"default","ast-page-background-meta":{"desktop":{"background-color":"var(--ast-global-color-4)","background-image":"","background-repeat":"repeat","background-position":"center center","background-size":"auto","background-attachment":"scroll","background-type":"","background-media":"","overlay-type":"","overlay-color":"","overlay-opacity":"","overlay-gradient":""},"tablet":{"background-color":"","background-image":"","background-repeat":"repeat","background-position":"center center","background-size":"auto","background-attachment":"scroll","background-type":"","background-media":"","overlay-type":"","overlay-color":"","overlay-opacity":"","overlay-gradient":""},"mobile":{"background-color":"","background-image":"","background-repeat":"repeat","background-position":"center center","background-size":"auto","background-attachment":"scroll","background-type":"","background-media":"","overlay-type":"","overlay-color":"","overlay-opacity":"","overlay-gradient":""}},"ast-content-background-meta":{"desktop":{"background-color":"var(--ast-global-color-5)","background-image":"","background-repeat":"repeat","background-position":"center center","background-size":"auto","background-attachment":"scroll","background-type":"","background-media":"","overlay-type":"","overlay-color":"","overlay-opacity":"","overlay-gradient":""},"tablet":{"background-color":"var(--ast-global-color-5)","background-image":"","background-repeat":"repeat","background-position":"center center","background-size":"auto","background-attachment":"scroll","background-type":"","background-media":"","overlay-type":"","overlay-color":"","overlay-opacity":"","overlay-gradient":""},"mobile":{"background-color":"var(--ast-global-color-5)","background-image":"","background-repeat":"repeat","background-position":"center center","background-size":"auto","background-attachment":"scroll","background-type":"","background-media":"","overlay-type":"","overlay-color":"","overlay-opacity":"","overlay-gradient":""}},"footnotes":""},"categories":[517],"tags":[2447,2462,22,199,1213],"class_list":["post-14283","post","type-post","status-publish","format-standard","hentry","category-aconteceu","tag-daniel-alves","tag-daniel-alves-preso","tag-noticias-no-face","tag-noticiasnoface","tag-tatuagem"],"_links":{"self":[{"href":"https:\/\/noticiasnoface.com.br\/index.php\/wp-json\/wp\/v2\/posts\/14283","targetHints":{"allow":["GET"]}}],"collection":[{"href":"https:\/\/noticiasnoface.com.br\/index.php\/wp-json\/wp\/v2\/posts"}],"about":[{"href":"https:\/\/noticiasnoface.com.br\/index.php\/wp-json\/wp\/v2\/types\/post"}],"author":[{"embeddable":true,"href":"https:\/\/noticiasnoface.com.br\/index.php\/wp-json\/wp\/v2\/users\/1"}],"replies":[{"embeddable":true,"href":"https:\/\/noticiasnoface.com.br\/index.php\/wp-json\/wp\/v2\/comments?post=14283"}],"version-history":[{"count":1,"href":"https:\/\/noticiasnoface.com.br\/index.php\/wp-json\/wp\/v2\/posts\/14283\/revisions"}],"predecessor-version":[{"id":14285,"href":"https:\/\/noticiasnoface.com.br\/index.php\/wp-json\/wp\/v2\/posts\/14283\/revisions\/14285"}],"wp:attachment":[{"href":"https:\/\/noticiasnoface.com.br\/index.php\/wp-json\/wp\/v2\/media?parent=14283"}],"wp:term":[{"taxonomy":"category","embeddable":true,"href":"https:\/\/noticiasnoface.com.br\/index.php\/wp-json\/wp\/v2\/categories?post=14283"},{"taxonomy":"post_tag","embeddable":true,"href":"https:\/\/noticiasnoface.com.br\/index.php\/wp-json\/wp\/v2\/tags?post=14283"}],"curies":[{"name":"wp","href":"https:\/\/api.w.org\/{rel}","templated":true}]}}