{"id":14286,"date":"2023-01-24T10:17:58","date_gmt":"2023-01-24T13:17:58","guid":{"rendered":"https:\/\/noticiasnoface.com.br\/?p=14286"},"modified":"2023-01-24T10:18:00","modified_gmt":"2023-01-24T13:18:00","slug":"lula-descumpre-promessa-e-aumenta-gasolina-em-7-de-uma-vez-so","status":"publish","type":"post","link":"https:\/\/noticiasnoface.com.br\/index.php\/2023\/01\/24\/lula-descumpre-promessa-e-aumenta-gasolina-em-7-de-uma-vez-so\/","title":{"rendered":"Lula descumpre promessa e aumenta gasolina em 7% de uma vez s\u00f3"},"content":{"rendered":"\n<figure class=\"wp-block-image size-large\"><img data-opt-id=225813629  fetchpriority=\"high\" decoding=\"async\" width=\"818\" height=\"1024\" src=\"https:\/\/mlbfrsat7ahr.i.optimole.com\/w:818\/h:1024\/q:mauto\/ig:avif\/https:\/\/noticiasnoface.com.br\/wp-content\/uploads\/2023\/01\/D3BA4F23-F252-469D-AF06-75CF141D2BF8.jpeg\" alt=\"\" class=\"wp-image-14196\" srcset=\"https:\/\/mlbfrsat7ahr.i.optimole.com\/w:818\/h:1024\/q:mauto\/ig:avif\/https:\/\/noticiasnoface.com.br\/wp-content\/uploads\/2023\/01\/D3BA4F23-F252-469D-AF06-75CF141D2BF8.jpeg 818w, https:\/\/mlbfrsat7ahr.i.optimole.com\/w:240\/h:300\/q:mauto\/ig:avif\/https:\/\/noticiasnoface.com.br\/wp-content\/uploads\/2023\/01\/D3BA4F23-F252-469D-AF06-75CF141D2BF8.jpeg 240w, https:\/\/mlbfrsat7ahr.i.optimole.com\/w:768\/h:961\/q:mauto\/ig:avif\/https:\/\/noticiasnoface.com.br\/wp-content\/uploads\/2023\/01\/D3BA4F23-F252-469D-AF06-75CF141D2BF8.jpeg 768w, https:\/\/mlbfrsat7ahr.i.optimole.com\/w:862\/h:1080\/q:mauto\/ig:avif\/https:\/\/noticiasnoface.com.br\/wp-content\/uploads\/2023\/01\/D3BA4F23-F252-469D-AF06-75CF141D2BF8.jpeg 1227w, https:\/\/mlbfrsat7ahr.i.optimole.com\/w:862\/h:1080\/q:mauto\/ig:avif\/https:\/\/noticiasnoface.com.br\/wp-content\/uploads\/2023\/01\/D3BA4F23-F252-469D-AF06-75CF141D2BF8.jpeg 1636w, https:\/\/mlbfrsat7ahr.i.optimole.com\/w:862\/h:1080\/q:mauto\/ig:avif\/https:\/\/noticiasnoface.com.br\/wp-content\/uploads\/2023\/01\/D3BA4F23-F252-469D-AF06-75CF141D2BF8.jpeg 1638w\" sizes=\"(max-width: 818px) 100vw, 818px\" \/><figcaption class=\"wp-element-caption\">Petrobras (PETR4) anuncia primeiro aumento na gasolina do governo Lula; litro passa para R$ 3,31<br><img data-opt-id=57441110  fetchpriority=\"high\" decoding=\"async\" width=\"1280\" height=\"680\" srcset=\"https:\/\/media.moneytimes.com.br\/uploads\/2022\/06\/petrobras.jpg 1280w, https:\/\/media.moneytimes.com.br\/uploads\/2022\/06\/petrobras-300x159.jpg 300w, https:\/\/media.moneytimes.com.br\/uploads\/2022\/06\/petrobras-1024x544.jpg 1024w, https:\/\/media.moneytimes.com.br\/uploads\/2022\/06\/petrobras-768x408.jpg 768w, https:\/\/media.moneytimes.com.br\/uploads\/2022\/06\/petrobras-640x340.jpg 640w, https:\/\/media.moneytimes.com.br\/uploads\/2022\/06\/petrobras-220x118.jpg 220w\" src=\"https:\/\/media.moneytimes.com.br\/uploads\/2022\/06\/petrobras.jpg\" alt=\"Petrobras\">Petrobras aumenta pre\u00e7o da gasolina pela primeira vez no ano; alta \u00e9 de R$ 0,23 por litro. (Imagem: Bloomberg)<br>A\u00a0<strong><a href=\"https:\/\/www.moneytimes.com.br\/tag\/petrobras\/\" target=\"_blank\" rel=\"noopener\">Petrobras<\/a>\u00a0<\/strong>(<strong><a href=\"https:\/\/www.moneytimes.com.br\/cotacao\/petr3\/\" target=\"_blank\" rel=\"noopener\">PETR3<\/a><\/strong>;\u00a0<strong><a href=\"https:\/\/www.moneytimes.com.br\/cotacao\/petr4\/\" target=\"_blank\" rel=\"noopener\">PETR4<\/a><\/strong>) anunciou que, a partir de amanh\u00e3 (25), o pre\u00e7o m\u00e9dio de venda de\u00a0<strong><a href=\"https:\/\/www.moneytimes.com.br\/tag\/gasolina\/\" target=\"_blank\" rel=\"noopener\">gasolina<\/a>\u00a0<\/strong>para as distribuidoras passar\u00e1 de R$ 3,08 para R$ 3,31 por litro. Isso representa um aumento de R$ 0,23 por litro, ou 7,46%.<br>Segundo a estatal, considerando a mistura obrigat\u00f3ria de 73% de gasolina A e 27% de etanol anidro para a composi\u00e7\u00e3o da gasolina comercializada nos postos, a parcela no pre\u00e7o ao consumidor ser\u00e1, em m\u00e9dia, R$ 2,42 a cada litro vendido na bomba.<br>Em comunicado, a\u00a0<strong>Petrobras<\/strong>\u00a0afirma que o aumento acompanha a evolu\u00e7\u00e3o dos pre\u00e7os de refer\u00eancia e \u00e9 coerente com a sua pr\u00e1tica de pre\u00e7os, que busca o equil\u00edbrio dos seus pre\u00e7os com o mercado.<br>Esse \u00e9 o primeiro reajuste que a empresa realiza no ano e tamb\u00e9m o primeiro do mandato de Luiz In\u00e1cio Lula da Silva. O conselho da companhia votar\u00e1 a aprova\u00e7\u00e3o do novo presidente, o senador Jean Paul Prates, na quinta-feira (26).<br>A Petrobras n\u00e3o sobe os valores da gasolina desde julho do ano passado.<\/figcaption><\/figure>\n","protected":false},"excerpt":{"rendered":"","protected":false},"author":1,"featured_media":0,"comment_status":"open","ping_status":"open","sticky":false,"template":"","format":"standard","meta":{"site-sidebar-layout":"default","site-content-layout":"","ast-site-content-layout":"default","site-content-style":"default","site-sidebar-style":"default","ast-global-header-display":"","ast-banner-title-visibility":"","ast-main-header-display":"","ast-hfb-above-header-display":"","ast-hfb-below-header-display":"","ast-hfb-mobile-header-display":"","site-post-title":"","ast-breadcrumbs-content":"","ast-featured-img":"","footer-sml-layout":"","ast-disable-related-posts":"","theme-transparent-header-meta":"","adv-header-id-meta":"","stick-header-meta":"","header-above-stick-meta":"","header-main-stick-meta":"","header-below-stick-meta":"","astra-migrate-meta-layouts":"default","ast-page-background-enabled":"default","ast-page-background-meta":{"desktop":{"background-color":"var(--ast-global-color-4)","background-image":"","background-repeat":"repeat","background-position":"center center","background-size":"auto","background-attachment":"scroll","background-type":"","background-media":"","overlay-type":"","overlay-color":"","overlay-opacity":"","overlay-gradient":""},"tablet":{"background-color":"","background-image":"","background-repeat":"repeat","background-position":"center center","background-size":"auto","background-attachment":"scroll","background-type":"","background-media":"","overlay-type":"","overlay-color":"","overlay-opacity":"","overlay-gradient":""},"mobile":{"background-color":"","background-image":"","background-repeat":"repeat","background-position":"center center","background-size":"auto","background-attachment":"scroll","background-type":"","background-media":"","overlay-type":"","overlay-color":"","overlay-opacity":"","overlay-gradient":""}},"ast-content-background-meta":{"desktop":{"background-color":"var(--ast-global-color-5)","background-image":"","background-repeat":"repeat","background-position":"center center","background-size":"auto","background-attachment":"scroll","background-type":"","background-media":"","overlay-type":"","overlay-color":"","overlay-opacity":"","overlay-gradient":""},"tablet":{"background-color":"var(--ast-global-color-5)","background-image":"","background-repeat":"repeat","background-position":"center center","background-size":"auto","background-attachment":"scroll","background-type":"","background-media":"","overlay-type":"","overlay-color":"","overlay-opacity":"","overlay-gradient":""},"mobile":{"background-color":"var(--ast-global-color-5)","background-image":"","background-repeat":"repeat","background-position":"center center","background-size":"auto","background-attachment":"scroll","background-type":"","background-media":"","overlay-type":"","overlay-color":"","overlay-opacity":"","overlay-gradient":""}},"footnotes":""},"categories":[165],"tags":[2281,215,50,22,199,2058],"class_list":["post-14286","post","type-post","status-publish","format-standard","hentry","category-economia","tag-governo-lula","tag-lula","tag-noticias-do-face","tag-noticias-no-face","tag-noticiasnoface","tag-presidente-lula"],"_links":{"self":[{"href":"https:\/\/noticiasnoface.com.br\/index.php\/wp-json\/wp\/v2\/posts\/14286","targetHints":{"allow":["GET"]}}],"collection":[{"href":"https:\/\/noticiasnoface.com.br\/index.php\/wp-json\/wp\/v2\/posts"}],"about":[{"href":"https:\/\/noticiasnoface.com.br\/index.php\/wp-json\/wp\/v2\/types\/post"}],"author":[{"embeddable":true,"href":"https:\/\/noticiasnoface.com.br\/index.php\/wp-json\/wp\/v2\/users\/1"}],"replies":[{"embeddable":true,"href":"https:\/\/noticiasnoface.com.br\/index.php\/wp-json\/wp\/v2\/comments?post=14286"}],"version-history":[{"count":1,"href":"https:\/\/noticiasnoface.com.br\/index.php\/wp-json\/wp\/v2\/posts\/14286\/revisions"}],"predecessor-version":[{"id":14287,"href":"https:\/\/noticiasnoface.com.br\/index.php\/wp-json\/wp\/v2\/posts\/14286\/revisions\/14287"}],"wp:attachment":[{"href":"https:\/\/noticiasnoface.com.br\/index.php\/wp-json\/wp\/v2\/media?parent=14286"}],"wp:term":[{"taxonomy":"category","embeddable":true,"href":"https:\/\/noticiasnoface.com.br\/index.php\/wp-json\/wp\/v2\/categories?post=14286"},{"taxonomy":"post_tag","embeddable":true,"href":"https:\/\/noticiasnoface.com.br\/index.php\/wp-json\/wp\/v2\/tags?post=14286"}],"curies":[{"name":"wp","href":"https:\/\/api.w.org\/{rel}","templated":true}]}}