{"id":14292,"date":"2023-01-24T14:30:01","date_gmt":"2023-01-24T17:30:01","guid":{"rendered":"https:\/\/noticiasnoface.com.br\/?p=14292"},"modified":"2023-01-24T14:30:04","modified_gmt":"2023-01-24T17:30:04","slug":"lula-proibe-distribuicao-de-agua-a-prf-em-escolta-presidencial","status":"publish","type":"post","link":"https:\/\/noticiasnoface.com.br\/index.php\/2023\/01\/24\/lula-proibe-distribuicao-de-agua-a-prf-em-escolta-presidencial\/","title":{"rendered":"Lula pro\u00edbe distribui\u00e7\u00e3o de \u00e1gua a PRF em escolta presidencial"},"content":{"rendered":"\n<figure class=\"wp-block-image size-full\"><img data-opt-id=591798492  fetchpriority=\"high\" decoding=\"async\" width=\"640\" height=\"480\" src=\"https:\/\/mlbfrsat7ahr.i.optimole.com\/w:auto\/h:auto\/q:mauto\/ig:avif\/https:\/\/noticiasnoface.com.br\/wp-content\/uploads\/2023\/01\/ED824DDF-1B8E-4E4C-B70C-7F4B44F1228E.jpeg\" alt=\"\" class=\"wp-image-14293\" srcset=\"https:\/\/mlbfrsat7ahr.i.optimole.com\/w:640\/h:480\/q:mauto\/ig:avif\/https:\/\/noticiasnoface.com.br\/wp-content\/uploads\/2023\/01\/ED824DDF-1B8E-4E4C-B70C-7F4B44F1228E.jpeg 640w, https:\/\/mlbfrsat7ahr.i.optimole.com\/w:300\/h:225\/q:mauto\/ig:avif\/https:\/\/noticiasnoface.com.br\/wp-content\/uploads\/2023\/01\/ED824DDF-1B8E-4E4C-B70C-7F4B44F1228E.jpeg 300w\" sizes=\"(max-width: 640px) 100vw, 640px\" \/><figcaption class=\"wp-element-caption\">PRFs se queixam de n\u00e3o poder tomar \u00e1gua em escolta de Lula<br>Agentes escoltaram a comitiva presidencial em Roraima<br><br><img data-opt-id=1011457742  fetchpriority=\"high\" decoding=\"async\" width=\"602\" height=\"406\" srcset=\"https:\/\/medias.revistaoeste.com\/media-prod\/wp-content\/uploads\/2023\/01\/indigena.png 602w, https:\/\/medias.revistaoeste.com\/media-prod\/wp-content\/uploads\/2023\/01\/indigena-300x202.png 300w, https:\/\/medias.revistaoeste.com\/media-prod\/wp-content\/uploads\/2023\/01\/indigena-60x40.png 60w, https:\/\/medias.revistaoeste.com\/media-prod\/wp-content\/uploads\/2023\/01\/indigena-240x162.png 240w, https:\/\/medias.revistaoeste.com\/media-prod\/wp-content\/uploads\/2023\/01\/indigena-600x405.png 600w\" src=\"https:\/\/medias.revistaoeste.com\/media-prod\/wp-content\/uploads\/2023\/01\/indigena.png\" alt=\"Lula visita ind\u00edgenas ianom\u00e2mis em Roraima | Foto: Divulga\u00e7\u00e3o\">Lula visita ind\u00edgenas ianom\u00e2mis em Roraima | Foto: Di<br>Os agentes da\u00a0<a href=\"https:\/\/twitter.com\/PRFBrasil\" target=\"_blank\" rel=\"noreferrer noopener\"><strong>Pol\u00edcia Rodovi\u00e1ria Federal (PRF)<\/strong><\/a>\u00a0que escoltaram o presidente Lula em Roraima, no s\u00e1bado 21, reclamaram da suposta \u201cordem\u201d da Presid\u00eancia da Rep\u00fablica que proibia servir \u00e1gua aos policiais.<br>Segundo os agentes ouvidos pelo portal\u00a0<em>Metr\u00f3poles<\/em>, em reportagem publicada no domingo 22, a justificativa da Presid\u00eancia era que a categoria j\u00e1 recebe aux\u00edlio-alimenta\u00e7\u00e3o para isso. Interlocutores dos assessores da Presid\u00eancia negam essa proibi\u00e7\u00e3o.<br>A rela\u00e7\u00e3o entre Lula e a PRF parece longe de uma \u201ctr\u00e9gua\u201d. O dia a dia com o novo governo segue tenso, e a reclama\u00e7\u00e3o endossa as desconfian\u00e7as de ambos os lados. As queixas come\u00e7aram desde as exonera\u00e7\u00f5es de todos os superintendentes e a extin\u00e7\u00e3o das coordenadorias regionais.<br>Lula viajou para Roraima para visitar ind\u00edgenas ianom\u00e2mis. Ele estava acompanhado de sete ministros, entre eles, a da Sa\u00fade, N\u00edsia Trindade, e Sonia Guajajara, dos Povos Ind\u00edgenas.<br>Em visita \u00e0 Casa de Sa\u00fade, Lula classificou como desumana a situa\u00e7\u00e3o vivida pelos ind\u00edgenas em Roraima. \u201cSe algu\u00e9m me contasse que em Roraima tinham pessoas sendo tratadas dessa forma desumana, como vi o povo ianom\u00e2mi aqui, eu n\u00e3o acreditaria\u201d, disse ele. \u201cO que vi me abalou. Vim aqui para dizer que vamos tratar nossos ind\u00edgenas como seres humanos.\u201d<br>Problema antigo<br>A desnutri\u00e7\u00e3o de ind\u00edgenas n\u00e3o \u00e9 novidade. Nos governos petistas, 419 crian\u00e7as morreram no Brasil pela doen\u00e7a, entre 2008 e 2014. O n\u00famero representa 55% de todas as mortes por desnutri\u00e7\u00e3o infantil registradas no pa\u00eds, no per\u00edodo. As informa\u00e7\u00f5es s\u00e3o do levantamento da Secretaria Especial de Sa\u00fade Ind\u00edgena, \u00f3rg\u00e3o do Minist\u00e9rio da Sa\u00fade.<br>Em 2008, Lula estava no segundo mandato, e, em 2014, Dilma Rousseff terminava o primeiro.<br>Em reportagem publicada pelo site Terras Ind\u00edgenas, em 2014, o professor Douglas Rodrigues, da Universidade Federal de S\u00e3o Paulo, disse que esses \u00f3bitos poderiam ser evitados com a\u00e7\u00f5es b\u00e1sicas de sa\u00fade nas aldeias, para que casos de crian\u00e7as com baixo peso sejam detectados e tratados rapidamente.<br><br><\/figcaption><\/figure>\n","protected":false},"excerpt":{"rendered":"","protected":false},"author":1,"featured_media":0,"comment_status":"open","ping_status":"open","sticky":false,"template":"","format":"standard","meta":{"site-sidebar-layout":"default","site-content-layout":"","ast-site-content-layout":"default","site-content-style":"default","site-sidebar-style":"default","ast-global-header-display":"","ast-banner-title-visibility":"","ast-main-header-display":"","ast-hfb-above-header-display":"","ast-hfb-below-header-display":"","ast-hfb-mobile-header-display":"","site-post-title":"","ast-breadcrumbs-content":"","ast-featured-img":"","footer-sml-layout":"","ast-disable-related-posts":"","theme-transparent-header-meta":"","adv-header-id-meta":"","stick-header-meta":"","header-above-stick-meta":"","header-main-stick-meta":"","header-below-stick-meta":"","astra-migrate-meta-layouts":"default","ast-page-background-enabled":"default","ast-page-background-meta":{"desktop":{"background-color":"var(--ast-global-color-4)","background-image":"","background-repeat":"repeat","background-position":"center center","background-size":"auto","background-attachment":"scroll","background-type":"","background-media":"","overlay-type":"","overlay-color":"","overlay-opacity":"","overlay-gradient":""},"tablet":{"background-color":"","background-image":"","background-repeat":"repeat","background-position":"center center","background-size":"auto","background-attachment":"scroll","background-type":"","background-media":"","overlay-type":"","overlay-color":"","overlay-opacity":"","overlay-gradient":""},"mobile":{"background-color":"","background-image":"","background-repeat":"repeat","background-position":"center center","background-size":"auto","background-attachment":"scroll","background-type":"","background-media":"","overlay-type":"","overlay-color":"","overlay-opacity":"","overlay-gradient":""}},"ast-content-background-meta":{"desktop":{"background-color":"var(--ast-global-color-5)","background-image":"","background-repeat":"repeat","background-position":"center center","background-size":"auto","background-attachment":"scroll","background-type":"","background-media":"","overlay-type":"","overlay-color":"","overlay-opacity":"","overlay-gradient":""},"tablet":{"background-color":"var(--ast-global-color-5)","background-image":"","background-repeat":"repeat","background-position":"center center","background-size":"auto","background-attachment":"scroll","background-type":"","background-media":"","overlay-type":"","overlay-color":"","overlay-opacity":"","overlay-gradient":""},"mobile":{"background-color":"var(--ast-global-color-5)","background-image":"","background-repeat":"repeat","background-position":"center center","background-size":"auto","background-attachment":"scroll","background-type":"","background-media":"","overlay-type":"","overlay-color":"","overlay-opacity":"","overlay-gradient":""}},"footnotes":""},"categories":[517],"tags":[215,50,22,199,2058,136],"class_list":["post-14292","post","type-post","status-publish","format-standard","hentry","category-aconteceu","tag-lula","tag-noticias-do-face","tag-noticias-no-face","tag-noticiasnoface","tag-presidente-lula","tag-prf"],"_links":{"self":[{"href":"https:\/\/noticiasnoface.com.br\/index.php\/wp-json\/wp\/v2\/posts\/14292","targetHints":{"allow":["GET"]}}],"collection":[{"href":"https:\/\/noticiasnoface.com.br\/index.php\/wp-json\/wp\/v2\/posts"}],"about":[{"href":"https:\/\/noticiasnoface.com.br\/index.php\/wp-json\/wp\/v2\/types\/post"}],"author":[{"embeddable":true,"href":"https:\/\/noticiasnoface.com.br\/index.php\/wp-json\/wp\/v2\/users\/1"}],"replies":[{"embeddable":true,"href":"https:\/\/noticiasnoface.com.br\/index.php\/wp-json\/wp\/v2\/comments?post=14292"}],"version-history":[{"count":1,"href":"https:\/\/noticiasnoface.com.br\/index.php\/wp-json\/wp\/v2\/posts\/14292\/revisions"}],"predecessor-version":[{"id":14294,"href":"https:\/\/noticiasnoface.com.br\/index.php\/wp-json\/wp\/v2\/posts\/14292\/revisions\/14294"}],"wp:attachment":[{"href":"https:\/\/noticiasnoface.com.br\/index.php\/wp-json\/wp\/v2\/media?parent=14292"}],"wp:term":[{"taxonomy":"category","embeddable":true,"href":"https:\/\/noticiasnoface.com.br\/index.php\/wp-json\/wp\/v2\/categories?post=14292"},{"taxonomy":"post_tag","embeddable":true,"href":"https:\/\/noticiasnoface.com.br\/index.php\/wp-json\/wp\/v2\/tags?post=14292"}],"curies":[{"name":"wp","href":"https:\/\/api.w.org\/{rel}","templated":true}]}}