{"id":14314,"date":"2023-01-25T09:49:45","date_gmt":"2023-01-25T12:49:45","guid":{"rendered":"https:\/\/noticiasnoface.com.br\/?p=14314"},"modified":"2023-01-25T10:04:02","modified_gmt":"2023-01-25T13:04:02","slug":"styvenson-constroi-usina-de-residuos","status":"publish","type":"post","link":"https:\/\/noticiasnoface.com.br\/index.php\/2023\/01\/25\/styvenson-constroi-usina-de-residuos\/","title":{"rendered":"STYVENSON constr\u00f3i usina de res\u00edduos s\u00f3lidos no Serid\u00f3"},"content":{"rendered":"\n<figure class=\"wp-block-image size-large\"><img data-opt-id=836184423  fetchpriority=\"high\" decoding=\"async\" width=\"1009\" height=\"1024\" src=\"https:\/\/mlbfrsat7ahr.i.optimole.com\/w:1009\/h:1024\/q:mauto\/ig:avif\/https:\/\/noticiasnoface.com.br\/wp-content\/uploads\/2023\/01\/img_0590.jpg\" alt=\"\" class=\"wp-image-14317\" srcset=\"https:\/\/mlbfrsat7ahr.i.optimole.com\/w:1009\/h:1024\/q:mauto\/ig:avif\/https:\/\/noticiasnoface.com.br\/wp-content\/uploads\/2023\/01\/img_0590.jpg 1009w, https:\/\/mlbfrsat7ahr.i.optimole.com\/w:296\/h:300\/q:mauto\/ig:avif\/https:\/\/noticiasnoface.com.br\/wp-content\/uploads\/2023\/01\/img_0590.jpg 296w, https:\/\/mlbfrsat7ahr.i.optimole.com\/w:768\/h:779\/q:mauto\/ig:avif\/https:\/\/noticiasnoface.com.br\/wp-content\/uploads\/2023\/01\/img_0590.jpg 768w, https:\/\/mlbfrsat7ahr.i.optimole.com\/w:1064\/h:1080\/q:mauto\/ig:avif\/https:\/\/noticiasnoface.com.br\/wp-content\/uploads\/2023\/01\/img_0590.jpg 1242w\" sizes=\"(max-width: 1000px) 100vw, 1000px\" \/><figcaption class=\"wp-element-caption\">Senador Styvenson Valentim deve disponibilizar emenda para constru\u00e7\u00e3o de uma Usina de Res\u00edduos S\u00f3lidos na regi\u00e3o do Serid\u00f3<br \/>Na \u00faltima visita que fez ao Serid\u00f3 o senador Styvenson Valentim se reuniu com 16 prefeitos do Serid\u00f3 para encontrar uma solu\u00e7\u00e3o dos problemas dos lix\u00f5es dos munic\u00edpios, em sua grande maioria, descartados de forma irregular. H\u00e1 mais de um ano que o senador e as associa\u00e7\u00f5es de municipios da regi\u00e3o discutem alternativas.<br \/>Em conversa com o Blog do Marcos Dantas na noite desta ter\u00e7a (24) Styvenson adiantou que dever\u00e1, atrav\u00e9s de seu mandato, destinar uma emenda para garantir a constru\u00e7\u00e3o de uma Usina de Res\u00edduos S\u00f3lidos.<br \/>\u201cO prefeito de Acari, Fernandinho foi para o Rio Grande do Sul conhecer um modelo de usina de Res\u00edduos S\u00f3lidos, pois estou tentando levar junto com os prefeitos do Cons\u00f3rcio do Serid\u00f3 para darmos uma solu\u00e7\u00e3o a essa quest\u00e3o do aterro. N\u00e3o vai ser barato, mas uma vez era pra ser uma emenda de bancada, mas praticamente nosso mandato vai custear sozinho essa emenda\u201d, explicou o senador.<\/figcaption><\/figure>\n","protected":false},"excerpt":{"rendered":"","protected":false},"author":1,"featured_media":0,"comment_status":"open","ping_status":"open","sticky":false,"template":"","format":"standard","meta":{"site-sidebar-layout":"default","site-content-layout":"","ast-site-content-layout":"default","site-content-style":"default","site-sidebar-style":"default","ast-global-header-display":"","ast-banner-title-visibility":"","ast-main-header-display":"","ast-hfb-above-header-display":"","ast-hfb-below-header-display":"","ast-hfb-mobile-header-display":"","site-post-title":"","ast-breadcrumbs-content":"","ast-featured-img":"","footer-sml-layout":"","ast-disable-related-posts":"","theme-transparent-header-meta":"","adv-header-id-meta":"","stick-header-meta":"","header-above-stick-meta":"","header-main-stick-meta":"","header-below-stick-meta":"","astra-migrate-meta-layouts":"default","ast-page-background-enabled":"default","ast-page-background-meta":{"desktop":{"background-color":"var(--ast-global-color-4)","background-image":"","background-repeat":"repeat","background-position":"center center","background-size":"auto","background-attachment":"scroll","background-type":"","background-media":"","overlay-type":"","overlay-color":"","overlay-opacity":"","overlay-gradient":""},"tablet":{"background-color":"","background-image":"","background-repeat":"repeat","background-position":"center center","background-size":"auto","background-attachment":"scroll","background-type":"","background-media":"","overlay-type":"","overlay-color":"","overlay-opacity":"","overlay-gradient":""},"mobile":{"background-color":"","background-image":"","background-repeat":"repeat","background-position":"center center","background-size":"auto","background-attachment":"scroll","background-type":"","background-media":"","overlay-type":"","overlay-color":"","overlay-opacity":"","overlay-gradient":""}},"ast-content-background-meta":{"desktop":{"background-color":"var(--ast-global-color-5)","background-image":"","background-repeat":"repeat","background-position":"center center","background-size":"auto","background-attachment":"scroll","background-type":"","background-media":"","overlay-type":"","overlay-color":"","overlay-opacity":"","overlay-gradient":""},"tablet":{"background-color":"var(--ast-global-color-5)","background-image":"","background-repeat":"repeat","background-position":"center center","background-size":"auto","background-attachment":"scroll","background-type":"","background-media":"","overlay-type":"","overlay-color":"","overlay-opacity":"","overlay-gradient":""},"mobile":{"background-color":"var(--ast-global-color-5)","background-image":"","background-repeat":"repeat","background-position":"center center","background-size":"auto","background-attachment":"scroll","background-type":"","background-media":"","overlay-type":"","overlay-color":"","overlay-opacity":"","overlay-gradient":""}},"footnotes":""},"categories":[517],"tags":[50,22,199,2467,653,507],"class_list":["post-14314","post","type-post","status-publish","format-standard","hentry","category-aconteceu","tag-noticias-do-face","tag-noticias-no-face","tag-noticiasnoface","tag-residous-solidos","tag-senador-styvenson","tag-styvenson"],"_links":{"self":[{"href":"https:\/\/noticiasnoface.com.br\/index.php\/wp-json\/wp\/v2\/posts\/14314","targetHints":{"allow":["GET"]}}],"collection":[{"href":"https:\/\/noticiasnoface.com.br\/index.php\/wp-json\/wp\/v2\/posts"}],"about":[{"href":"https:\/\/noticiasnoface.com.br\/index.php\/wp-json\/wp\/v2\/types\/post"}],"author":[{"embeddable":true,"href":"https:\/\/noticiasnoface.com.br\/index.php\/wp-json\/wp\/v2\/users\/1"}],"replies":[{"embeddable":true,"href":"https:\/\/noticiasnoface.com.br\/index.php\/wp-json\/wp\/v2\/comments?post=14314"}],"version-history":[{"count":4,"href":"https:\/\/noticiasnoface.com.br\/index.php\/wp-json\/wp\/v2\/posts\/14314\/revisions"}],"predecessor-version":[{"id":14320,"href":"https:\/\/noticiasnoface.com.br\/index.php\/wp-json\/wp\/v2\/posts\/14314\/revisions\/14320"}],"wp:attachment":[{"href":"https:\/\/noticiasnoface.com.br\/index.php\/wp-json\/wp\/v2\/media?parent=14314"}],"wp:term":[{"taxonomy":"category","embeddable":true,"href":"https:\/\/noticiasnoface.com.br\/index.php\/wp-json\/wp\/v2\/categories?post=14314"},{"taxonomy":"post_tag","embeddable":true,"href":"https:\/\/noticiasnoface.com.br\/index.php\/wp-json\/wp\/v2\/tags?post=14314"}],"curies":[{"name":"wp","href":"https:\/\/api.w.org\/{rel}","templated":true}]}}