{"id":14321,"date":"2023-01-25T10:45:07","date_gmt":"2023-01-25T13:45:07","guid":{"rendered":"https:\/\/noticiasnoface.com.br\/?p=14321"},"modified":"2023-01-25T10:50:26","modified_gmt":"2023-01-25T13:50:26","slug":"governo-lula-acaba-o-saque-aniversario-do-fgts-em-marco","status":"publish","type":"post","link":"https:\/\/noticiasnoface.com.br\/index.php\/2023\/01\/25\/governo-lula-acaba-o-saque-aniversario-do-fgts-em-marco\/","title":{"rendered":"Governo Lula acaba o saque-anivers\u00e1rio do FGTS em mar\u00e7o"},"content":{"rendered":"\n<figure class=\"wp-block-image size-large\"><img data-opt-id=955082062  fetchpriority=\"high\" decoding=\"async\" width=\"1024\" height=\"984\" src=\"https:\/\/mlbfrsat7ahr.i.optimole.com\/w:1024\/h:984\/q:mauto\/ig:avif\/https:\/\/noticiasnoface.com.br\/wp-content\/uploads\/2023\/01\/img_0595.jpg\" alt=\"\" class=\"wp-image-14323\" srcset=\"https:\/\/mlbfrsat7ahr.i.optimole.com\/w:1024\/h:984\/q:mauto\/ig:avif\/https:\/\/noticiasnoface.com.br\/wp-content\/uploads\/2023\/01\/img_0595.jpg 1024w, https:\/\/mlbfrsat7ahr.i.optimole.com\/w:300\/h:288\/q:mauto\/ig:avif\/https:\/\/noticiasnoface.com.br\/wp-content\/uploads\/2023\/01\/img_0595.jpg 300w, https:\/\/mlbfrsat7ahr.i.optimole.com\/w:768\/h:738\/q:mauto\/ig:avif\/https:\/\/noticiasnoface.com.br\/wp-content\/uploads\/2023\/01\/img_0595.jpg 768w, https:\/\/mlbfrsat7ahr.i.optimole.com\/w:1123\/h:1080\/q:mauto\/ig:avif\/https:\/\/noticiasnoface.com.br\/wp-content\/uploads\/2023\/01\/img_0595.jpg 1242w\" sizes=\"(max-width: 1000px) 100vw, 1000px\" \/><figcaption class=\"wp-element-caption\">Ministra: Novos pedidos de saque-anivers\u00e1rio do FGTS v\u00e3o acabar<br \/><img data-opt-id=1545466550  fetchpriority=\"high\" decoding=\"async\" src=\"https:\/\/conteudo.imguol.com.br\/c\/noticias\/66\/2021\/08\/17\/fundo-de-garantia-do-tempo-de-servico-fgts-1629228382403_v2_450x337.jpg.webp\" alt=\"Fundo de Garantia do Tempo de Servi\u00e7o (FGTS) - Marcelo Camargo\/Ag\u00eancia Brasil\" \/><br \/>Fundo de Garantia do Tempo de Servi\u00e7o (FGTS) Imagem: M<br \/>O ministro do Trabalho, Luiz Marinho, afirmou hoje que novos pedidos de saque-anivers\u00e1rio do Fundo de Garantia do Tempo de Servi\u00e7o (FGTS) n\u00e3o ser\u00e3o mais permitidos a partir de mar\u00e7o.<br \/>Segundo ele, h\u00e1 reclama\u00e7\u00e3o de trabalhadores por conta da reten\u00e7\u00e3o do valor por dois anos em caso de demiss\u00e3o, al\u00e9m do enfraquecimento de fundos para investimento do governo, nos quais o FGTS \u00e9 utilizado.<br \/>Relacionadas<br \/>&#8220;Devemos acabar com esse formato de saque-anivers\u00e1rio. Para os contratos que existem, n\u00e3o vamos criar distor\u00e7\u00e3o&#8221;, afirmou em entrevista \u00e0 GloboNews.<br \/>No in\u00edcio Como funciona<br \/>O saque-anivers\u00e1rio permite que o trabalhador saque parte da parcela da conta do FGTS, anualmente, por um per\u00edodo de tr\u00eas meses, contando a partir do m\u00eas de seu anivers\u00e1rio.<br \/>Quem opta pela modalidade n\u00e3o pode sacar os valores do FGTS em caso de demiss\u00e3o por um per\u00edodo de dois anos.<br \/>O saque-anivers\u00e1rio surgiu com a justificativa de ganho de emprego e renda para a economia e o aumento do acesso aos recursos dos fundos aos trabalhadores, em especial daqueles em situa\u00e7\u00e3o de maior vulnerabilidade financeira, j\u00e1 que a propor\u00e7\u00e3o do saque \u00e9 maior quanto menor for o saldo.<br \/>A ideia era que a modalidade tamb\u00e9m aumentasse a produtividade e a expans\u00e3o do financiamento para habita\u00e7\u00e3o.<br \/>Mais de 28,6 milh\u00f5es de trabalhadores aderiram \u00e0 modalidade desde que ela surgiu, no final de 2019. Quem n\u00e3o optar pela modalidade permanece no esquema padr\u00e3o de saque-rescis\u00e3o.<\/figcaption><\/figure>\n","protected":false},"excerpt":{"rendered":"","protected":false},"author":1,"featured_media":0,"comment_status":"open","ping_status":"open","sticky":false,"template":"","format":"standard","meta":{"site-sidebar-layout":"default","site-content-layout":"","ast-site-content-layout":"default","site-content-style":"default","site-sidebar-style":"default","ast-global-header-display":"","ast-banner-title-visibility":"","ast-main-header-display":"","ast-hfb-above-header-display":"","ast-hfb-below-header-display":"","ast-hfb-mobile-header-display":"","site-post-title":"","ast-breadcrumbs-content":"","ast-featured-img":"","footer-sml-layout":"","ast-disable-related-posts":"","theme-transparent-header-meta":"","adv-header-id-meta":"","stick-header-meta":"","header-above-stick-meta":"","header-main-stick-meta":"","header-below-stick-meta":"","astra-migrate-meta-layouts":"default","ast-page-background-enabled":"default","ast-page-background-meta":{"desktop":{"background-color":"var(--ast-global-color-4)","background-image":"","background-repeat":"repeat","background-position":"center center","background-size":"auto","background-attachment":"scroll","background-type":"","background-media":"","overlay-type":"","overlay-color":"","overlay-opacity":"","overlay-gradient":""},"tablet":{"background-color":"","background-image":"","background-repeat":"repeat","background-position":"center center","background-size":"auto","background-attachment":"scroll","background-type":"","background-media":"","overlay-type":"","overlay-color":"","overlay-opacity":"","overlay-gradient":""},"mobile":{"background-color":"","background-image":"","background-repeat":"repeat","background-position":"center center","background-size":"auto","background-attachment":"scroll","background-type":"","background-media":"","overlay-type":"","overlay-color":"","overlay-opacity":"","overlay-gradient":""}},"ast-content-background-meta":{"desktop":{"background-color":"var(--ast-global-color-5)","background-image":"","background-repeat":"repeat","background-position":"center center","background-size":"auto","background-attachment":"scroll","background-type":"","background-media":"","overlay-type":"","overlay-color":"","overlay-opacity":"","overlay-gradient":""},"tablet":{"background-color":"var(--ast-global-color-5)","background-image":"","background-repeat":"repeat","background-position":"center center","background-size":"auto","background-attachment":"scroll","background-type":"","background-media":"","overlay-type":"","overlay-color":"","overlay-opacity":"","overlay-gradient":""},"mobile":{"background-color":"var(--ast-global-color-5)","background-image":"","background-repeat":"repeat","background-position":"center center","background-size":"auto","background-attachment":"scroll","background-type":"","background-media":"","overlay-type":"","overlay-color":"","overlay-opacity":"","overlay-gradient":""}},"footnotes":""},"categories":[517],"tags":[2416,2468,215,50,22,199,2058],"class_list":["post-14321","post","type-post","status-publish","format-standard","hentry","category-aconteceu","tag-fgts","tag-fim-do-fgts","tag-lula","tag-noticias-do-face","tag-noticias-no-face","tag-noticiasnoface","tag-presidente-lula"],"_links":{"self":[{"href":"https:\/\/noticiasnoface.com.br\/index.php\/wp-json\/wp\/v2\/posts\/14321","targetHints":{"allow":["GET"]}}],"collection":[{"href":"https:\/\/noticiasnoface.com.br\/index.php\/wp-json\/wp\/v2\/posts"}],"about":[{"href":"https:\/\/noticiasnoface.com.br\/index.php\/wp-json\/wp\/v2\/types\/post"}],"author":[{"embeddable":true,"href":"https:\/\/noticiasnoface.com.br\/index.php\/wp-json\/wp\/v2\/users\/1"}],"replies":[{"embeddable":true,"href":"https:\/\/noticiasnoface.com.br\/index.php\/wp-json\/wp\/v2\/comments?post=14321"}],"version-history":[{"count":3,"href":"https:\/\/noticiasnoface.com.br\/index.php\/wp-json\/wp\/v2\/posts\/14321\/revisions"}],"predecessor-version":[{"id":14325,"href":"https:\/\/noticiasnoface.com.br\/index.php\/wp-json\/wp\/v2\/posts\/14321\/revisions\/14325"}],"wp:attachment":[{"href":"https:\/\/noticiasnoface.com.br\/index.php\/wp-json\/wp\/v2\/media?parent=14321"}],"wp:term":[{"taxonomy":"category","embeddable":true,"href":"https:\/\/noticiasnoface.com.br\/index.php\/wp-json\/wp\/v2\/categories?post=14321"},{"taxonomy":"post_tag","embeddable":true,"href":"https:\/\/noticiasnoface.com.br\/index.php\/wp-json\/wp\/v2\/tags?post=14321"}],"curies":[{"name":"wp","href":"https:\/\/api.w.org\/{rel}","templated":true}]}}