{"id":14333,"date":"2023-01-25T22:00:42","date_gmt":"2023-01-26T01:00:42","guid":{"rendered":"https:\/\/noticiasnoface.com.br\/?p=14333"},"modified":"2023-01-26T06:00:17","modified_gmt":"2023-01-26T09:00:17","slug":"paulinho-freire-sai-da-presidencia-da-cmn-e-eriko-jacome-assume","status":"publish","type":"post","link":"https:\/\/noticiasnoface.com.br\/index.php\/2023\/01\/25\/paulinho-freire-sai-da-presidencia-da-cmn-e-eriko-jacome-assume\/","title":{"rendered":"Paulinho Freire sai da presid\u00eancia da CMN e Eriko Jacome assume"},"content":{"rendered":"\n<figure class=\"wp-block-image size-large\"><img data-opt-id=1772121924  fetchpriority=\"high\" decoding=\"async\" width=\"1024\" height=\"791\" src=\"https:\/\/mlbfrsat7ahr.i.optimole.com\/w:1024\/h:791\/q:mauto\/ig:avif\/https:\/\/noticiasnoface.com.br\/wp-content\/uploads\/2023\/01\/img_0621.jpg\" alt=\"\" class=\"wp-image-14332\" srcset=\"https:\/\/mlbfrsat7ahr.i.optimole.com\/w:1024\/h:791\/q:mauto\/ig:avif\/https:\/\/noticiasnoface.com.br\/wp-content\/uploads\/2023\/01\/img_0621.jpg 1024w, https:\/\/mlbfrsat7ahr.i.optimole.com\/w:300\/h:232\/q:mauto\/ig:avif\/https:\/\/noticiasnoface.com.br\/wp-content\/uploads\/2023\/01\/img_0621.jpg 300w, https:\/\/mlbfrsat7ahr.i.optimole.com\/w:768\/h:594\/q:mauto\/ig:avif\/https:\/\/noticiasnoface.com.br\/wp-content\/uploads\/2023\/01\/img_0621.jpg 768w, https:\/\/mlbfrsat7ahr.i.optimole.com\/w:1242\/h:960\/q:mauto\/ig:avif\/https:\/\/noticiasnoface.com.br\/wp-content\/uploads\/2023\/01\/img_0621.jpg 1242w\" sizes=\"(max-width: 1000px) 100vw, 1000px\" \/><figcaption class=\"wp-element-caption\">PAULINHO DEIXA COMANDO DA C\u00c2MARA E \u00c9RIKO JACOME ASSUME <br \/><br \/><br \/>O Di\u00e1rio Oficial do Munic\u00edpio de Natal trouxe nesta quarta-feira (25) a ren\u00fancia dos vereadores Paulinho Freire e Divaneide Bas\u00edlio, eleitos deputados federal e estadual respectivamente. <br \/>A ren\u00fancia se dar\u00e1 no pr\u00f3ximo dia 30.<br \/>Na vaga de Paulinho enquanto vereador, assume o suplente Dicksom J\u00fanior, figura querida e leal ao deputado federal eleito.<br \/>Na vaga de Divaneide, chega ao Legislativo Municipal Daniel Valen\u00e7a, primeiro suplente do PT.<br \/>Com a sa\u00edda de Paulinho do mandato parlamentar e da presid\u00eancia da C\u00e2mara, assume o cargo o 1\u00b0Vice-presidente Eriko  J\u00e1come. Por Igor Costa <\/figcaption><\/figure>\n","protected":false},"excerpt":{"rendered":"","protected":false},"author":1,"featured_media":0,"comment_status":"open","ping_status":"open","sticky":false,"template":"","format":"standard","meta":{"site-sidebar-layout":"default","site-content-layout":"","ast-site-content-layout":"default","site-content-style":"default","site-sidebar-style":"default","ast-global-header-display":"","ast-banner-title-visibility":"","ast-main-header-display":"","ast-hfb-above-header-display":"","ast-hfb-below-header-display":"","ast-hfb-mobile-header-display":"","site-post-title":"","ast-breadcrumbs-content":"","ast-featured-img":"","footer-sml-layout":"","ast-disable-related-posts":"","theme-transparent-header-meta":"","adv-header-id-meta":"","stick-header-meta":"","header-above-stick-meta":"","header-main-stick-meta":"","header-below-stick-meta":"","astra-migrate-meta-layouts":"default","ast-page-background-enabled":"default","ast-page-background-meta":{"desktop":{"background-color":"var(--ast-global-color-4)","background-image":"","background-repeat":"repeat","background-position":"center center","background-size":"auto","background-attachment":"scroll","background-type":"","background-media":"","overlay-type":"","overlay-color":"","overlay-opacity":"","overlay-gradient":""},"tablet":{"background-color":"","background-image":"","background-repeat":"repeat","background-position":"center center","background-size":"auto","background-attachment":"scroll","background-type":"","background-media":"","overlay-type":"","overlay-color":"","overlay-opacity":"","overlay-gradient":""},"mobile":{"background-color":"","background-image":"","background-repeat":"repeat","background-position":"center center","background-size":"auto","background-attachment":"scroll","background-type":"","background-media":"","overlay-type":"","overlay-color":"","overlay-opacity":"","overlay-gradient":""}},"ast-content-background-meta":{"desktop":{"background-color":"var(--ast-global-color-5)","background-image":"","background-repeat":"repeat","background-position":"center center","background-size":"auto","background-attachment":"scroll","background-type":"","background-media":"","overlay-type":"","overlay-color":"","overlay-opacity":"","overlay-gradient":""},"tablet":{"background-color":"var(--ast-global-color-5)","background-image":"","background-repeat":"repeat","background-position":"center center","background-size":"auto","background-attachment":"scroll","background-type":"","background-media":"","overlay-type":"","overlay-color":"","overlay-opacity":"","overlay-gradient":""},"mobile":{"background-color":"var(--ast-global-color-5)","background-image":"","background-repeat":"repeat","background-position":"center center","background-size":"auto","background-attachment":"scroll","background-type":"","background-media":"","overlay-type":"","overlay-color":"","overlay-opacity":"","overlay-gradient":""}},"footnotes":""},"categories":[517],"tags":[2469,2470,2471,2229,2236,199,1287],"class_list":["post-14333","post","type-post","status-publish","format-standard","hentry","category-aconteceu","tag-camara-municipal-de-natal","tag-cmn","tag-eriko-jacome","tag-noticas-do-face","tag-noticas-no-face","tag-noticiasnoface","tag-paulinho-freire"],"_links":{"self":[{"href":"https:\/\/noticiasnoface.com.br\/index.php\/wp-json\/wp\/v2\/posts\/14333","targetHints":{"allow":["GET"]}}],"collection":[{"href":"https:\/\/noticiasnoface.com.br\/index.php\/wp-json\/wp\/v2\/posts"}],"about":[{"href":"https:\/\/noticiasnoface.com.br\/index.php\/wp-json\/wp\/v2\/types\/post"}],"author":[{"embeddable":true,"href":"https:\/\/noticiasnoface.com.br\/index.php\/wp-json\/wp\/v2\/users\/1"}],"replies":[{"embeddable":true,"href":"https:\/\/noticiasnoface.com.br\/index.php\/wp-json\/wp\/v2\/comments?post=14333"}],"version-history":[{"count":3,"href":"https:\/\/noticiasnoface.com.br\/index.php\/wp-json\/wp\/v2\/posts\/14333\/revisions"}],"predecessor-version":[{"id":14336,"href":"https:\/\/noticiasnoface.com.br\/index.php\/wp-json\/wp\/v2\/posts\/14333\/revisions\/14336"}],"wp:attachment":[{"href":"https:\/\/noticiasnoface.com.br\/index.php\/wp-json\/wp\/v2\/media?parent=14333"}],"wp:term":[{"taxonomy":"category","embeddable":true,"href":"https:\/\/noticiasnoface.com.br\/index.php\/wp-json\/wp\/v2\/categories?post=14333"},{"taxonomy":"post_tag","embeddable":true,"href":"https:\/\/noticiasnoface.com.br\/index.php\/wp-json\/wp\/v2\/tags?post=14333"}],"curies":[{"name":"wp","href":"https:\/\/api.w.org\/{rel}","templated":true}]}}