{"id":14339,"date":"2023-01-26T06:04:13","date_gmt":"2023-01-26T09:04:13","guid":{"rendered":"https:\/\/noticiasnoface.com.br\/?p=14339"},"modified":"2023-01-26T06:04:13","modified_gmt":"2023-01-26T09:04:13","slug":"cef-abre-vaga-para-estagios-veja-como-participar","status":"publish","type":"post","link":"https:\/\/noticiasnoface.com.br\/index.php\/2023\/01\/26\/cef-abre-vaga-para-estagios-veja-como-participar\/","title":{"rendered":"CEF abre vaga para est\u00e1gios veja como participar"},"content":{"rendered":"\n<figure class=\"wp-block-image size-large\"><img data-opt-id=149130280  fetchpriority=\"high\" decoding=\"async\" width=\"1024\" height=\"871\" src=\"https:\/\/mlbfrsat7ahr.i.optimole.com\/w:1024\/h:871\/q:mauto\/ig:avif\/https:\/\/noticiasnoface.com.br\/wp-content\/uploads\/2023\/01\/img_0634.jpg\" class=\"wp-image-14338\" srcset=\"https:\/\/mlbfrsat7ahr.i.optimole.com\/w:1024\/h:871\/q:mauto\/ig:avif\/https:\/\/noticiasnoface.com.br\/wp-content\/uploads\/2023\/01\/img_0634.jpg 1024w, https:\/\/mlbfrsat7ahr.i.optimole.com\/w:300\/h:255\/q:mauto\/ig:avif\/https:\/\/noticiasnoface.com.br\/wp-content\/uploads\/2023\/01\/img_0634.jpg 300w, https:\/\/mlbfrsat7ahr.i.optimole.com\/w:768\/h:654\/q:mauto\/ig:avif\/https:\/\/noticiasnoface.com.br\/wp-content\/uploads\/2023\/01\/img_0634.jpg 768w, https:\/\/mlbfrsat7ahr.i.optimole.com\/w:1242\/h:1057\/q:mauto\/ig:avif\/https:\/\/noticiasnoface.com.br\/wp-content\/uploads\/2023\/01\/img_0634.jpg 1242w\" sizes=\"(max-width: 1000px) 100vw, 1000px\" \/><figcaption class=\"wp-element-caption\">Caixa Econ\u00f4mica Federal abre inscri\u00e7\u00f5es para est\u00e1gio<br>7 de janeiro de 2023 com sal\u00e1rios de 1000 reais <br><img data-opt-id=936270843  fetchpriority=\"high\" decoding=\"async\" src=\"https:\/\/www.redebrasilnews.com.br\/wp-content\/uploads\/2023\/01\/Caixa-Estagio.webp\" width=\"720\" height=\"400\" alt=\"\" srcset=\"https:\/\/www.redebrasilnews.com.br\/wp-content\/uploads\/2023\/01\/Caixa-Estagio.webp 720w, https:\/\/www.redebrasilnews.com.br\/wp-content\/uploads\/2023\/01\/Caixa-Estagio-300x167.webp 300w, https:\/\/www.redebrasilnews.com.br\/wp-content\/uploads\/2023\/01\/Caixa-Estagio-150x83.webp 150w, https:\/\/www.redebrasilnews.com.br\/wp-content\/uploads\/2023\/01\/Caixa-Estagio-696x387.webp 696w\" class=\"extendsBeyondTextColumn\"><br><br>Imagem: Reprodu\u00e7\u00e3o\/Google<br><br><br>A Caixa Econ\u00f4mica Federal anunciou vagas no programa de capacita\u00e7\u00e3o. A bolsa \u00e9 de at\u00e9 R$ 1 mil. Oportunidades para alunos superiores, intermedi\u00e1rios e t\u00e9cnicos. Veja como se inscrever e participar do processo seletivo.<br><br><br>A oferta do Programa de Est\u00e1gio \u00e9 uma parceria entre a Caixa e o Centro de Projetos e Integra\u00e7\u00e3o Escolar (CIEE). O edital de 2023 \u00e9 para registro de reservas, v\u00e1lido at\u00e9 5 de novembro de 2023 e possibilidade de renova\u00e7\u00e3o.<br>Programa de Est\u00e1gio Caixa<br>As vagas para alunos de cursos intermedi\u00e1rios e t\u00e9cnicos s\u00e3o para \u00e1reas como: Gest\u00e3o T\u00e9cnica, Com\u00e9rcio, Contabilidade, Finan\u00e7as, Log\u00edstica, Marketing, T\u00e9cnico de Vendas, Seguran\u00e7a do Trabalho e muito mais.<br>H\u00e1 ainda uma vaga para cursos superiores nas \u00e1reas de educa\u00e7\u00e3o, psicologia, servi\u00e7os sociais, ci\u00eancias sociais, arquitetura, urbanismo, engenharia ambiental, direito, engenharia el\u00e9trica, entre outros.<br>A lista completa pode ser consultada no edital do processo seletivo da Caixa Econ\u00f4mica Federal, bem como na lista de munic\u00edpios e estados que oferecem oportunidades de est\u00e1gio no banco.<br><br><br>Condi\u00e7\u00f5es e valores das a\u00e7\u00f5es em bolsas de valores<br>Para concorrer, \u00e9 preciso ter mais de 16 anos e n\u00e3o ter realizado nenhum est\u00e1gio no per\u00edodo igual ou superior a dois anos na Caixa. H\u00e1 tamb\u00e9m a exig\u00eancia de que o candidato assista \u00e0s aulas regularmente.<br>A Bolsa de Est\u00e1gio Caixa pagar\u00e1 os selecionados de acordo com o n\u00edvel de escolaridade e hor\u00e1rio de trabalho. A bolsa vale R$ 400 por 4 horas di\u00e1rias para quem \u00e9 intermedi\u00e1rio ou t\u00e9cnico. At\u00e9 R$1000 para um n\u00edvel superior, com uma viagem de 5 horas por dia.<br>Al\u00e9m da bolsa, os selecionados para o programa de est\u00e1gio da Caixa tamb\u00e9m contam com aux\u00edlio transporte de R$ 130 por m\u00eas. O processo seletivo inclui etapas como inscri\u00e7\u00e3o, prova online e entrevista.<br>Como se candidatar<br>Os interessados devem se cadastrar no site do CIEE entre os dias 16 de janeiro e 24 de fevereiro. No portal, os candidatos tamb\u00e9m podem encontrar o edital completo, com todos os detalhes sobre o processo seletivo.<\/figcaption><\/figure>\n","protected":false},"excerpt":{"rendered":"","protected":false},"author":1,"featured_media":0,"comment_status":"open","ping_status":"open","sticky":false,"template":"","format":"standard","meta":{"site-sidebar-layout":"default","site-content-layout":"","ast-site-content-layout":"default","site-content-style":"default","site-sidebar-style":"default","ast-global-header-display":"","ast-banner-title-visibility":"","ast-main-header-display":"","ast-hfb-above-header-display":"","ast-hfb-below-header-display":"","ast-hfb-mobile-header-display":"","site-post-title":"","ast-breadcrumbs-content":"","ast-featured-img":"","footer-sml-layout":"","ast-disable-related-posts":"","theme-transparent-header-meta":"","adv-header-id-meta":"","stick-header-meta":"","header-above-stick-meta":"","header-main-stick-meta":"","header-below-stick-meta":"","astra-migrate-meta-layouts":"default","ast-page-background-enabled":"default","ast-page-background-meta":{"desktop":{"background-color":"var(--ast-global-color-4)","background-image":"","background-repeat":"repeat","background-position":"center center","background-size":"auto","background-attachment":"scroll","background-type":"","background-media":"","overlay-type":"","overlay-color":"","overlay-opacity":"","overlay-gradient":""},"tablet":{"background-color":"","background-image":"","background-repeat":"repeat","background-position":"center center","background-size":"auto","background-attachment":"scroll","background-type":"","background-media":"","overlay-type":"","overlay-color":"","overlay-opacity":"","overlay-gradient":""},"mobile":{"background-color":"","background-image":"","background-repeat":"repeat","background-position":"center center","background-size":"auto","background-attachment":"scroll","background-type":"","background-media":"","overlay-type":"","overlay-color":"","overlay-opacity":"","overlay-gradient":""}},"ast-content-background-meta":{"desktop":{"background-color":"var(--ast-global-color-5)","background-image":"","background-repeat":"repeat","background-position":"center center","background-size":"auto","background-attachment":"scroll","background-type":"","background-media":"","overlay-type":"","overlay-color":"","overlay-opacity":"","overlay-gradient":""},"tablet":{"background-color":"var(--ast-global-color-5)","background-image":"","background-repeat":"repeat","background-position":"center center","background-size":"auto","background-attachment":"scroll","background-type":"","background-media":"","overlay-type":"","overlay-color":"","overlay-opacity":"","overlay-gradient":""},"mobile":{"background-color":"var(--ast-global-color-5)","background-image":"","background-repeat":"repeat","background-position":"center center","background-size":"auto","background-attachment":"scroll","background-type":"","background-media":"","overlay-type":"","overlay-color":"","overlay-opacity":"","overlay-gradient":""}},"footnotes":""},"categories":[517],"tags":[2418,2472,2229,22,199,2233],"class_list":["post-14339","post","type-post","status-publish","format-standard","hentry","category-aconteceu","tag-cef","tag-estagio","tag-noticas-do-face","tag-noticias-no-face","tag-noticiasnoface","tag-vagas"],"_links":{"self":[{"href":"https:\/\/noticiasnoface.com.br\/index.php\/wp-json\/wp\/v2\/posts\/14339","targetHints":{"allow":["GET"]}}],"collection":[{"href":"https:\/\/noticiasnoface.com.br\/index.php\/wp-json\/wp\/v2\/posts"}],"about":[{"href":"https:\/\/noticiasnoface.com.br\/index.php\/wp-json\/wp\/v2\/types\/post"}],"author":[{"embeddable":true,"href":"https:\/\/noticiasnoface.com.br\/index.php\/wp-json\/wp\/v2\/users\/1"}],"replies":[{"embeddable":true,"href":"https:\/\/noticiasnoface.com.br\/index.php\/wp-json\/wp\/v2\/comments?post=14339"}],"version-history":[{"count":1,"href":"https:\/\/noticiasnoface.com.br\/index.php\/wp-json\/wp\/v2\/posts\/14339\/revisions"}],"predecessor-version":[{"id":14340,"href":"https:\/\/noticiasnoface.com.br\/index.php\/wp-json\/wp\/v2\/posts\/14339\/revisions\/14340"}],"wp:attachment":[{"href":"https:\/\/noticiasnoface.com.br\/index.php\/wp-json\/wp\/v2\/media?parent=14339"}],"wp:term":[{"taxonomy":"category","embeddable":true,"href":"https:\/\/noticiasnoface.com.br\/index.php\/wp-json\/wp\/v2\/categories?post=14339"},{"taxonomy":"post_tag","embeddable":true,"href":"https:\/\/noticiasnoface.com.br\/index.php\/wp-json\/wp\/v2\/tags?post=14339"}],"curies":[{"name":"wp","href":"https:\/\/api.w.org\/{rel}","templated":true}]}}