{"id":14367,"date":"2023-01-26T19:52:35","date_gmt":"2023-01-26T22:52:35","guid":{"rendered":"https:\/\/noticiasnoface.com.br\/?p=14367"},"modified":"2023-01-26T19:52:36","modified_gmt":"2023-01-26T22:52:36","slug":"apos-nota-do-telegram-ministro-alexandre-de-moraes-recua-e-devolve-todas-redes-sociais-de-nikolas-ferreira","status":"publish","type":"post","link":"https:\/\/noticiasnoface.com.br\/index.php\/2023\/01\/26\/apos-nota-do-telegram-ministro-alexandre-de-moraes-recua-e-devolve-todas-redes-sociais-de-nikolas-ferreira\/","title":{"rendered":"Ap\u00f3s nota do Telegram ministro Alexandre de Moraes recua e devolve todas redes sociais de Nikolas Ferreira"},"content":{"rendered":"\n<figure class=\"wp-block-image size-large\"><img data-opt-id=334519239  fetchpriority=\"high\" decoding=\"async\" width=\"1024\" height=\"1024\" src=\"https:\/\/mlbfrsat7ahr.i.optimole.com\/w:1024\/h:1024\/q:mauto\/ig:avif\/https:\/\/noticiasnoface.com.br\/wp-content\/uploads\/2023\/01\/photo-output-7.jpg\" class=\"wp-image-14366\" srcset=\"https:\/\/mlbfrsat7ahr.i.optimole.com\/w:1024\/h:1024\/q:mauto\/ig:avif\/https:\/\/noticiasnoface.com.br\/wp-content\/uploads\/2023\/01\/photo-output-7.jpg 1024w, https:\/\/mlbfrsat7ahr.i.optimole.com\/w:300\/h:300\/q:mauto\/ig:avif\/https:\/\/noticiasnoface.com.br\/wp-content\/uploads\/2023\/01\/photo-output-7.jpg 300w, https:\/\/mlbfrsat7ahr.i.optimole.com\/w:150\/h:150\/q:mauto\/ig:avif\/https:\/\/noticiasnoface.com.br\/wp-content\/uploads\/2023\/01\/photo-output-7.jpg 150w, https:\/\/mlbfrsat7ahr.i.optimole.com\/w:768\/h:768\/q:mauto\/ig:avif\/https:\/\/noticiasnoface.com.br\/wp-content\/uploads\/2023\/01\/photo-output-7.jpg 768w, https:\/\/mlbfrsat7ahr.i.optimole.com\/w:1080\/h:1080\/q:mauto\/ig:avif\/https:\/\/noticiasnoface.com.br\/wp-content\/uploads\/2023\/01\/photo-output-7.jpg 1536w, https:\/\/mlbfrsat7ahr.i.optimole.com\/w:1080\/h:1080\/q:mauto\/ig:avif\/https:\/\/noticiasnoface.com.br\/wp-content\/uploads\/2023\/01\/photo-output-7.jpg 2048w, https:\/\/mlbfrsat7ahr.i.optimole.com\/w:600\/h:600\/q:mauto\/ig:avif\/https:\/\/noticiasnoface.com.br\/wp-content\/uploads\/2023\/01\/photo-output-7.jpg 600w\" sizes=\"(max-width: 1000px) 100vw, 1000px\" \/><figcaption class=\"wp-element-caption\">Ap\u00f3s derrota no embate contra o Telegram, o ministro Alexandre de Moraes autoriza reativa\u00e7\u00e3o dos perfis de Nikolas nas redes, mas pro\u00edbe compartilhamento de not\u00edcias falsas<br><br>Ministro do STF mandou notificar Facebook, Instagram, Telegram, TikTok, Twitter e YouTube para desbloquearem contas do deputado eleito<br>26 de janeiro de 2023 | 15h56<br><br><img data-opt-id=1780462685  fetchpriority=\"high\" decoding=\"async\" src=\"https:\/\/www.estadao.com.br\/blogs\/fausto-macedo\/wp-content\/uploads\/sites\/41\/2023\/01\/nikolasferreiraalexandredemoraes_260120232438.jpg\" class=\"extendsBeyondTextColumn\">Moraes determinou desbloqueio de contas de Nikolas Ferreira nas redes sociais. <br>Apesar do desbloqueio, o ministro deixou expresso que Nikolas Ferreira est\u00e1 proibido de publicar, promover, replicar e compartilhar not\u00edcias falsas. A multa di\u00e1ria em caso de descumprimento \u00e9 de R$ 10 mil. O valor deve ser descontado diretamente dos vencimentos que ele passar\u00e1 a receber da C\u00e2mara dos Deputados.<br>A decis\u00e3o afirma que os perfis do deputado podem voltar a operar porque n\u00e3o houve mais divulga\u00e7\u00e3o de &#8216;conte\u00fados revestidos de ilicitude e tendentes a transgredir a integridade do processo eleitoral e a incentivar a realiza\u00e7\u00e3o de atos antidemocr\u00e1ticos&#8217;. Moraes manteve, no entanto, a ordem para as plataformas removerem postagens consideradas &#8216;irregulares&#8217;.<br>A iniciativa de levantar o embargo foi do pr\u00f3prio ministro ap\u00f3s temer que outras redes sociais se voltem contra ele como fez o telegram. A pedido do presidente do Senado, Rodrigo Pacheco (PSD-MG), Moraes j\u00e1 havia liberado os perfis do senador eleito Alan Rick (Uni\u00e3o Brasil-AC). Ele considerou que a situa\u00e7\u00e3o jur\u00eddica era id\u00eantica a de Nikolas Ferreira e decidiu estender de of\u00edcio os efeitos da decis\u00e3o.<br>&#8220;Conforme se v\u00ea, embora o objeto da decis\u00e3o tenha sido os perfis de senador eleito, os fundamentos utilizados se revelam plenamente aplic\u00e1veis a Nikolas Ferreira&#8221;, escreveu.<br>As redes sociais do deputado eleito foram tiradas do ar no \u00faltimo dia 11 na investiga\u00e7\u00e3o sobre os atos golpistas na Pra\u00e7a dos Tr\u00eas Poderes no dia 8 de janeiro. Ao <strong>Estad\u00e3o<\/strong>, Nikolas Ferreira disse que <a href=\"https:\/\/www.estadao.com.br\/politica\/blog-do-fausto-macedo\/nikolas-ferreira-censura-perfis-redes\/\" target=\"_blank\" rel=\"noopener\">considera a decis\u00e3o uma forma de &#8216;censura&#8217;<\/a>. Ele foi o deputado mais votado nas elei\u00e7\u00f5es de 2022, eleito com 1,47 milh\u00e3o de votos. &#8220;Um parlamentar, com a vota\u00e7\u00e3o expressiva que eu tive, n\u00e3o pode se comunicar atrav\u00e9s das redes&#8221;, criticou.<br>O bloqueio tamb\u00e9m rendeu ao Telegram uma <a href=\"https:\/\/www.estadao.com.br\/politica\/blog-do-fausto-macedo\/alexandre-multa-telegram-nikolas-ferreira\/\" target=\"_blank\" rel=\"noopener\">multa de R$ 1,2 milh\u00e3o<\/a>. Isso porque, ao contr\u00e1rio das outras plataformas, o aplicativo n\u00e3o cumpriu imediatamente a ordem judicial. Os advogados disseram que a determina\u00e7\u00e3o era &#8216;desproporcional&#8217;, pediram para remover apenas publica\u00e7\u00f5es pontuais e mantiveram a conta do deputado ativa. O posicionamento levou a Moraes a punir a plataforma por, na avalia\u00e7\u00e3o do ministro, colaborar indiretamente com &#8216;manifesta\u00e7\u00f5es criminosas&#8217;.<br>&#8220;O descumprimento doloso pelos provedores implicados indica, de forma objetiva, a concord\u00e2ncia com a continuidade do cometimento dos crimes em apura\u00e7\u00e3o, e a negativa ao atendimento da ordem judicial, verdadeira colabora\u00e7\u00e3o indireta para a continuidade da atividade criminosa, por meio de mecanismo fraudulento&#8221;, diz um trecho do despacho.<br>Na pr\u00e1tica, a ordem de desbloqueio aos perfis de Nikolas Ferreira p\u00f5e fim \u00e0 queda de bra\u00e7o travada entre o aplicativo e o ministro em torno da suspens\u00e3o da conta. O Telegram est\u00e1 autorizado manter o canal do deputado eleito no ar. A multa, no entanto, continua correndo e deve ser paga em at\u00e9 cinco dias a contar da intima\u00e7\u00e3o.<\/figcaption><\/figure>\n","protected":false},"excerpt":{"rendered":"","protected":false},"author":1,"featured_media":0,"comment_status":"open","ping_status":"open","sticky":false,"template":"","format":"standard","meta":{"site-sidebar-layout":"default","site-content-layout":"","ast-site-content-layout":"default","site-content-style":"default","site-sidebar-style":"default","ast-global-header-display":"","ast-banner-title-visibility":"","ast-main-header-display":"","ast-hfb-above-header-display":"","ast-hfb-below-header-display":"","ast-hfb-mobile-header-display":"","site-post-title":"","ast-breadcrumbs-content":"","ast-featured-img":"","footer-sml-layout":"","ast-disable-related-posts":"","theme-transparent-header-meta":"","adv-header-id-meta":"","stick-header-meta":"","header-above-stick-meta":"","header-main-stick-meta":"","header-below-stick-meta":"","astra-migrate-meta-layouts":"default","ast-page-background-enabled":"default","ast-page-background-meta":{"desktop":{"background-color":"var(--ast-global-color-4)","background-image":"","background-repeat":"repeat","background-position":"center center","background-size":"auto","background-attachment":"scroll","background-type":"","background-media":"","overlay-type":"","overlay-color":"","overlay-opacity":"","overlay-gradient":""},"tablet":{"background-color":"","background-image":"","background-repeat":"repeat","background-position":"center center","background-size":"auto","background-attachment":"scroll","background-type":"","background-media":"","overlay-type":"","overlay-color":"","overlay-opacity":"","overlay-gradient":""},"mobile":{"background-color":"","background-image":"","background-repeat":"repeat","background-position":"center center","background-size":"auto","background-attachment":"scroll","background-type":"","background-media":"","overlay-type":"","overlay-color":"","overlay-opacity":"","overlay-gradient":""}},"ast-content-background-meta":{"desktop":{"background-color":"var(--ast-global-color-5)","background-image":"","background-repeat":"repeat","background-position":"center center","background-size":"auto","background-attachment":"scroll","background-type":"","background-media":"","overlay-type":"","overlay-color":"","overlay-opacity":"","overlay-gradient":""},"tablet":{"background-color":"var(--ast-global-color-5)","background-image":"","background-repeat":"repeat","background-position":"center center","background-size":"auto","background-attachment":"scroll","background-type":"","background-media":"","overlay-type":"","overlay-color":"","overlay-opacity":"","overlay-gradient":""},"mobile":{"background-color":"var(--ast-global-color-5)","background-image":"","background-repeat":"repeat","background-position":"center center","background-size":"auto","background-attachment":"scroll","background-type":"","background-media":"","overlay-type":"","overlay-color":"","overlay-opacity":"","overlay-gradient":""}},"footnotes":""},"categories":[517],"tags":[9,126,1906,2229,22,199,190],"class_list":["post-14367","post","type-post","status-publish","format-standard","hentry","category-aconteceu","tag-alexandre-de-moraes","tag-ministro-alexandre-de-moraes","tag-nikolas-ferreira","tag-noticas-do-face","tag-noticias-no-face","tag-noticiasnoface","tag-telegram"],"_links":{"self":[{"href":"https:\/\/noticiasnoface.com.br\/index.php\/wp-json\/wp\/v2\/posts\/14367","targetHints":{"allow":["GET"]}}],"collection":[{"href":"https:\/\/noticiasnoface.com.br\/index.php\/wp-json\/wp\/v2\/posts"}],"about":[{"href":"https:\/\/noticiasnoface.com.br\/index.php\/wp-json\/wp\/v2\/types\/post"}],"author":[{"embeddable":true,"href":"https:\/\/noticiasnoface.com.br\/index.php\/wp-json\/wp\/v2\/users\/1"}],"replies":[{"embeddable":true,"href":"https:\/\/noticiasnoface.com.br\/index.php\/wp-json\/wp\/v2\/comments?post=14367"}],"version-history":[{"count":1,"href":"https:\/\/noticiasnoface.com.br\/index.php\/wp-json\/wp\/v2\/posts\/14367\/revisions"}],"predecessor-version":[{"id":14368,"href":"https:\/\/noticiasnoface.com.br\/index.php\/wp-json\/wp\/v2\/posts\/14367\/revisions\/14368"}],"wp:attachment":[{"href":"https:\/\/noticiasnoface.com.br\/index.php\/wp-json\/wp\/v2\/media?parent=14367"}],"wp:term":[{"taxonomy":"category","embeddable":true,"href":"https:\/\/noticiasnoface.com.br\/index.php\/wp-json\/wp\/v2\/categories?post=14367"},{"taxonomy":"post_tag","embeddable":true,"href":"https:\/\/noticiasnoface.com.br\/index.php\/wp-json\/wp\/v2\/tags?post=14367"}],"curies":[{"name":"wp","href":"https:\/\/api.w.org\/{rel}","templated":true}]}}