{"id":14374,"date":"2023-01-27T09:44:33","date_gmt":"2023-01-27T12:44:33","guid":{"rendered":"https:\/\/noticiasnoface.com.br\/?p=14374"},"modified":"2023-01-27T09:55:57","modified_gmt":"2023-01-27T12:55:57","slug":"lula-chama-impeachment-de-golpe-e-abre-crise-com-geraldo-alckmin","status":"publish","type":"post","link":"https:\/\/noticiasnoface.com.br\/index.php\/2023\/01\/27\/lula-chama-impeachment-de-golpe-e-abre-crise-com-geraldo-alckmin\/","title":{"rendered":"Lula chama impeachment de golpe e abre crise com Geraldo Alckmin"},"content":{"rendered":"\n<figure class=\"wp-block-image size-large\"><img data-opt-id=2132109820  fetchpriority=\"high\" decoding=\"async\" width=\"1024\" height=\"1024\" src=\"https:\/\/mlbfrsat7ahr.i.optimole.com\/w:1024\/h:1024\/q:mauto\/ig:avif\/https:\/\/noticiasnoface.com.br\/wp-content\/uploads\/2023\/01\/photo-output-8.jpg\" alt=\"\" class=\"wp-image-14373\" srcset=\"https:\/\/mlbfrsat7ahr.i.optimole.com\/w:1024\/h:1024\/q:mauto\/ig:avif\/https:\/\/noticiasnoface.com.br\/wp-content\/uploads\/2023\/01\/photo-output-8.jpg 1024w, https:\/\/mlbfrsat7ahr.i.optimole.com\/w:300\/h:300\/q:mauto\/ig:avif\/https:\/\/noticiasnoface.com.br\/wp-content\/uploads\/2023\/01\/photo-output-8.jpg 300w, https:\/\/mlbfrsat7ahr.i.optimole.com\/w:150\/h:150\/q:mauto\/ig:avif\/https:\/\/noticiasnoface.com.br\/wp-content\/uploads\/2023\/01\/photo-output-8.jpg 150w, https:\/\/mlbfrsat7ahr.i.optimole.com\/w:768\/h:768\/q:mauto\/ig:avif\/https:\/\/noticiasnoface.com.br\/wp-content\/uploads\/2023\/01\/photo-output-8.jpg 768w, https:\/\/mlbfrsat7ahr.i.optimole.com\/w:1080\/h:1080\/q:mauto\/ig:avif\/https:\/\/noticiasnoface.com.br\/wp-content\/uploads\/2023\/01\/photo-output-8.jpg 1536w, https:\/\/mlbfrsat7ahr.i.optimole.com\/w:1080\/h:1080\/q:mauto\/ig:avif\/https:\/\/noticiasnoface.com.br\/wp-content\/uploads\/2023\/01\/photo-output-8.jpg 2048w, https:\/\/mlbfrsat7ahr.i.optimole.com\/w:600\/h:600\/q:mauto\/ig:avif\/https:\/\/noticiasnoface.com.br\/wp-content\/uploads\/2023\/01\/photo-output-8.jpg 600w\" sizes=\"(max-width: 1000px) 100vw, 1000px\" \/><figcaption class=\"wp-element-caption\">Lula chama Temer de golpista ap\u00f3s encontro desastroso com o presidente do Uruguai e Geraldo Alckmin reage.<br \/>Ex-presidente Temer diz que n\u00e3o houve golpe no Brasil; para o atual mandat\u00e1rio, ap\u00f3s o governo Dilma, todas as conquistas sociais foram destru\u00eddas em sete anos<br \/><img data-opt-id=271726578  fetchpriority=\"high\" decoding=\"async\" src=\"https:\/\/i.ytimg.com\/vi\/acL7-Ol5Zl4\/sddefault.jpg#404_is_fine\" alt=\"Loading video\" class=\"extendsBeyondTextColumn\" \/><br \/><br \/>O presidente <a href=\"https:\/\/www.cnnbrasil.com.br\/tudo-sobre\/luiz-inacio-lula-da-silva-lula\/\" target=\"_blank\" rel=\"noopener\">Luiz In\u00e1cio Lula da Silva (PT)<\/a>afirmou que o ex-presidente da Rep\u00fablica <a href=\"https:\/\/www.cnnbrasil.com.br\/tudo-sobre\/michel-temer\/\" target=\"_blank\" rel=\"noopener\">Michel Temer<\/a> \u00e9 golpista. A declara\u00e7\u00e3o foi dada durante uma desastrosa visita a Montevid\u00e9u, no <a href=\"https:\/\/www.cnnbrasil.com.br\/tudo-sobre\/uruguai\/\" target=\"_blank\" rel=\"noopener\">Uruguai<\/a>, nesta quarta-feira (25). Na ocasi\u00e3o, o petista participou de um encontro com o presidente uruguaio, <a href=\"https:\/\/www.cnnbrasil.com.br\/tudo-sobre\/luis-lacalle-pou\/\" target=\"_blank\" rel=\"noopener\">Luis Alberto Lacalle Pou<\/a>.<br \/>Segundo Lula, o legado social deixado pelo seu governo foi destru\u00eddo em sete anos, por Temer e <a href=\"https:\/\/www.cnnbrasil.com.br\/tudo-sobre\/jair-bolsonaro\/\" target=\"_blank\" rel=\"noopener\">Jair Bolsonaro (PL)<\/a>, por\u00e9m v\u00e1rios ministros de Lula e seu pr\u00f3prio vice votaram a favor do imposto de Dilma.<br \/><br \/>\u201cO Brasil n\u00e3o tinha mais fome quando eu deixei a Presid\u00eancia da Rep\u00fablica e hoje tem 33 milh\u00f5es de pessoas passando fome, significa que quase tudo que n\u00f3s fizemos de benef\u00edcio social no meu pa\u00eds, em 13 anos de governo, foi destru\u00eddo em seis anos, ou melhor, em sete anos; tr\u00eas do golpista Michel Temer e quatro do governo Bolsonaro\u201d, afirmou o petista. Ao chamar o impeachment de golpe Lula ataca diretamente o seu vice Geraldo Alckmin, que votou a favor do impeachment da Dilma. Alckmin diz que n\u00e3o houve golpe e sim a sa\u00edda de uma pessoa que cometeu crimes no comando do Brasil.<br \/>A declara\u00e7\u00e3o do chefe do Planalto acontece depois de o presidente ter dito que o impeachment de <a href=\"https:\/\/www.cnnbrasil.com.br\/tudo-sobre\/dilma-rousseff\/\" target=\"_blank\" rel=\"noopener\">Dilma Rousseff<\/a> foi um golpe de Estado.<br \/>Lula fez essa afirma\u00e7\u00e3o na segunda-feira (23), em viagem \u00e0 <a href=\"https:\/\/www.cnnbrasil.com.br\/tudo-sobre\/argentina\/\" target=\"_blank\" rel=\"noopener\">Argentina<\/a> para o encontro com o presidente <a href=\"https:\/\/www.cnnbrasil.com.br\/tudo-sobre\/alberto-fernandez\/\" target=\"_blank\" rel=\"noopener\">Alberto Fern\u00e1ndez.<\/a> Segundo ele, depois da sa\u00edda de Dilma, o pa\u00eds entrou num retrocesso que n\u00e3o imaginava.<br \/>Al\u00e9m disso, Lula disse que herdou um pa\u00eds \u201csemidestru\u00eddo\u201d, e afirmou que viveu o melhor per\u00edodo na Am\u00e9rica do Sul em crescimento econ\u00f4mico e de emprego, mas que agora vivemos uma d\u00e9cada diferente.<br \/>\u201cQuando deixamos a presid\u00eancia, o Brasil era a 6\u00aa economia do mundo, voltamos agora e o Brasil \u00e9 a 13\u00ba economia do mundo. Isso \u00e9 um desafio que n\u00e3o me deixa triste, \u00e9 um desafio que me d\u00e1 otimismo, me d\u00e1 coragem e me obriga a estabelecer metas\u201d explicou. O impeachment foi aprovado pelo congresso e pelo STF, Lula ao atacar a democracia esquece que seus ministros, seu vice e o pr\u00f3prio ministro Alexandre de Moraes foram feitos do impeachment da Dilma, seria um golpe com a participa\u00e7\u00e3o dos tr\u00eas poderes? Lula ser\u00e1 responsabilizado pelos ataques a democracia ?<br \/><br \/>Em nota, o ex-presidente Michel Temer disse que Lula se mant\u00e9m no palanque, que o \u201cpa\u00eds n\u00e3o foi v\u00edtima de golpe algum\u201d e negou ter destru\u00eddo as iniciativas petistas.<br \/>NOTA \u00c0 IMPRENSA<br \/>Mesmo tendo vencido as elei\u00e7\u00f5es para cuidar do futuro do Brasil, o presidente Luis Inacio Lula da Silva parece insistir em manter os p\u00e9s no palanque e os olhos no retrovisor, agora tentando reescrever a hist\u00f3ria por meio de narrativas ideol\u00f3gicas. <br \/>\ud83d\udc47 <a href=\"https:\/\/t.co\/SigF9YclOG\">pic.twitter.com\/SigF9YclOG<\/a><br \/>\u2014 Michel Temer (@MichelTemer) <a href=\"https:\/\/twitter.com\/MichelTemer\/status\/1618329846874263553?ref_src=twsrc%5Etfw\" target=\"_blank\" rel=\"noopener\">January 25, 2023<\/a><br \/>Leia a \u00edntegra da nota de Temer:<br \/><em>Mesmo tendo vencido as elei\u00e7\u00f5es para cuidar do futuro do Brasil, o presidente Luiz In\u00e1cio Lula da Silva parece insistir em manter os p\u00e9s no palanque e os olhos no retrovisor, agora tentando reescrever a hist\u00f3ria por meio de narrativas ideol\u00f3gicas.<\/em><br \/><em>Ao contr\u00e1rio do que ele disse hoje em evento internacional, o pa\u00eds n\u00e3o foi v\u00edtima de golpe algum. Foi na verdade aplicada a pena prevista para quem infringe a Constitui\u00e7\u00e3o.<\/em><br \/><em>E sobre ele ter dito que destru\u00ed as iniciativas petistas em apenas dois anos e meio de governo, \u00e9 verdade: destru\u00ed um PIB negativo de 5% para positivo de 1,8%; infla\u00e7\u00e3o de dois d\u00edgitos para 2,75%; juros de 14,25 para 6,5%; queda do desemprego ao longo do tempo de 13% para 8% gra\u00e7as a reforma trabalhista; recupera\u00e7\u00e3o da Petrobras e demais estatais gra\u00e7as a Lei das Estatais; destru\u00ed a Bolsa de Valores que cresceu de 45 mil pontos para 85 mil pontos. Cometi a destrui\u00e7\u00e3o de elevar o recorde na produ\u00e7\u00e3o de gr\u00e3os, nas exporta\u00e7\u00f5es e na balan\u00e7a comercial. Como se v\u00ea, com a nossa chegada ao governo o Brasil n\u00e3o sofreu um golpe institucional, foi sim \u201cv\u00edtima\u201d de um Golpe de Sorte.<\/em><br \/><em>Recomendo ao presidente Lula que governe olhando para a frente, defendendo a verdade, praticando a harmonia e pregando a paz.<\/em><\/figcaption><\/figure>\n","protected":false},"excerpt":{"rendered":"","protected":false},"author":1,"featured_media":0,"comment_status":"open","ping_status":"open","sticky":false,"template":"","format":"standard","meta":{"site-sidebar-layout":"default","site-content-layout":"","ast-site-content-layout":"default","site-content-style":"default","site-sidebar-style":"default","ast-global-header-display":"","ast-banner-title-visibility":"","ast-main-header-display":"","ast-hfb-above-header-display":"","ast-hfb-below-header-display":"","ast-hfb-mobile-header-display":"","site-post-title":"","ast-breadcrumbs-content":"","ast-featured-img":"","footer-sml-layout":"","ast-disable-related-posts":"","theme-transparent-header-meta":"","adv-header-id-meta":"","stick-header-meta":"","header-above-stick-meta":"","header-main-stick-meta":"","header-below-stick-meta":"","astra-migrate-meta-layouts":"default","ast-page-background-enabled":"default","ast-page-background-meta":{"desktop":{"background-color":"var(--ast-global-color-4)","background-image":"","background-repeat":"repeat","background-position":"center center","background-size":"auto","background-attachment":"scroll","background-type":"","background-media":"","overlay-type":"","overlay-color":"","overlay-opacity":"","overlay-gradient":""},"tablet":{"background-color":"","background-image":"","background-repeat":"repeat","background-position":"center center","background-size":"auto","background-attachment":"scroll","background-type":"","background-media":"","overlay-type":"","overlay-color":"","overlay-opacity":"","overlay-gradient":""},"mobile":{"background-color":"","background-image":"","background-repeat":"repeat","background-position":"center center","background-size":"auto","background-attachment":"scroll","background-type":"","background-media":"","overlay-type":"","overlay-color":"","overlay-opacity":"","overlay-gradient":""}},"ast-content-background-meta":{"desktop":{"background-color":"var(--ast-global-color-5)","background-image":"","background-repeat":"repeat","background-position":"center center","background-size":"auto","background-attachment":"scroll","background-type":"","background-media":"","overlay-type":"","overlay-color":"","overlay-opacity":"","overlay-gradient":""},"tablet":{"background-color":"var(--ast-global-color-5)","background-image":"","background-repeat":"repeat","background-position":"center center","background-size":"auto","background-attachment":"scroll","background-type":"","background-media":"","overlay-type":"","overlay-color":"","overlay-opacity":"","overlay-gradient":""},"mobile":{"background-color":"var(--ast-global-color-5)","background-image":"","background-repeat":"repeat","background-position":"center center","background-size":"auto","background-attachment":"scroll","background-type":"","background-media":"","overlay-type":"","overlay-color":"","overlay-opacity":"","overlay-gradient":""}},"footnotes":""},"categories":[517],"tags":[502,753,215,2229,22,199,2058],"class_list":["post-14374","post","type-post","status-publish","format-standard","hentry","category-aconteceu","tag-golpe","tag-impeachment","tag-lula","tag-noticas-do-face","tag-noticias-no-face","tag-noticiasnoface","tag-presidente-lula"],"_links":{"self":[{"href":"https:\/\/noticiasnoface.com.br\/index.php\/wp-json\/wp\/v2\/posts\/14374","targetHints":{"allow":["GET"]}}],"collection":[{"href":"https:\/\/noticiasnoface.com.br\/index.php\/wp-json\/wp\/v2\/posts"}],"about":[{"href":"https:\/\/noticiasnoface.com.br\/index.php\/wp-json\/wp\/v2\/types\/post"}],"author":[{"embeddable":true,"href":"https:\/\/noticiasnoface.com.br\/index.php\/wp-json\/wp\/v2\/users\/1"}],"replies":[{"embeddable":true,"href":"https:\/\/noticiasnoface.com.br\/index.php\/wp-json\/wp\/v2\/comments?post=14374"}],"version-history":[{"count":8,"href":"https:\/\/noticiasnoface.com.br\/index.php\/wp-json\/wp\/v2\/posts\/14374\/revisions"}],"predecessor-version":[{"id":14382,"href":"https:\/\/noticiasnoface.com.br\/index.php\/wp-json\/wp\/v2\/posts\/14374\/revisions\/14382"}],"wp:attachment":[{"href":"https:\/\/noticiasnoface.com.br\/index.php\/wp-json\/wp\/v2\/media?parent=14374"}],"wp:term":[{"taxonomy":"category","embeddable":true,"href":"https:\/\/noticiasnoface.com.br\/index.php\/wp-json\/wp\/v2\/categories?post=14374"},{"taxonomy":"post_tag","embeddable":true,"href":"https:\/\/noticiasnoface.com.br\/index.php\/wp-json\/wp\/v2\/tags?post=14374"}],"curies":[{"name":"wp","href":"https:\/\/api.w.org\/{rel}","templated":true}]}}