{"id":14396,"date":"2023-01-27T20:01:37","date_gmt":"2023-01-27T23:01:37","guid":{"rendered":"https:\/\/noticiasnoface.com.br\/?p=14396"},"modified":"2023-01-27T20:01:38","modified_gmt":"2023-01-27T23:01:38","slug":"urgente-alexandre-de-moraes-pede-a-suspensao-de-posse-de-11-deputados-de-direita","status":"publish","type":"post","link":"https:\/\/noticiasnoface.com.br\/index.php\/2023\/01\/27\/urgente-alexandre-de-moraes-pede-a-suspensao-de-posse-de-11-deputados-de-direita\/","title":{"rendered":"URGENTE- Alexandre de Moraes pede a suspens\u00e3o de posse de 11 deputados de direita"},"content":{"rendered":"\n<figure class=\"wp-block-image size-large\"><img data-opt-id=1578236002  fetchpriority=\"high\" decoding=\"async\" width=\"818\" height=\"1024\" src=\"https:\/\/mlbfrsat7ahr.i.optimole.com\/w:818\/h:1024\/q:mauto\/ig:avif\/https:\/\/noticiasnoface.com.br\/wp-content\/uploads\/2023\/01\/photo-output-10.jpg\" class=\"wp-image-14395\" srcset=\"https:\/\/mlbfrsat7ahr.i.optimole.com\/w:818\/h:1024\/q:mauto\/ig:avif\/https:\/\/noticiasnoface.com.br\/wp-content\/uploads\/2023\/01\/photo-output-10.jpg 818w, https:\/\/mlbfrsat7ahr.i.optimole.com\/w:240\/h:300\/q:mauto\/ig:avif\/https:\/\/noticiasnoface.com.br\/wp-content\/uploads\/2023\/01\/photo-output-10.jpg 240w, https:\/\/mlbfrsat7ahr.i.optimole.com\/w:768\/h:961\/q:mauto\/ig:avif\/https:\/\/noticiasnoface.com.br\/wp-content\/uploads\/2023\/01\/photo-output-10.jpg 768w, https:\/\/mlbfrsat7ahr.i.optimole.com\/w:862\/h:1080\/q:mauto\/ig:avif\/https:\/\/noticiasnoface.com.br\/wp-content\/uploads\/2023\/01\/photo-output-10.jpg 1227w, https:\/\/mlbfrsat7ahr.i.optimole.com\/w:862\/h:1080\/q:mauto\/ig:avif\/https:\/\/noticiasnoface.com.br\/wp-content\/uploads\/2023\/01\/photo-output-10.jpg 1636w, https:\/\/mlbfrsat7ahr.i.optimole.com\/w:862\/h:1080\/q:mauto\/ig:avif\/https:\/\/noticiasnoface.com.br\/wp-content\/uploads\/2023\/01\/photo-output-10.jpg 1638w\" sizes=\"(max-width: 818px) 100vw, 818px\" \/><figcaption class=\"wp-element-caption\">Moraes envia \u00e0 PGR pedido de suspens\u00e3o da posse de deputados suspeitos de envolvimento em atos golpistas<br>Ministro do STF deu prazo de 24 horas para o Minist\u00e9rio P\u00fablico se manifestar sobre pedido apresentado por advogados. Posse na C\u00e2mara est\u00e1 marcada para a pr\u00f3xima quarta-feira (1\u00ba).<br>Por Fernanda Vivas e M\u00e1rcio Falc\u00e3o, TV Globo \u2014 Bras\u00edlia <br>27\/01\/2023 17h50 Atualizado h\u00e1 35 minutos<br><img data-opt-id=1316148201  fetchpriority=\"high\" decoding=\"async\" src=\"https:\/\/s2.glbimg.com\/vwWYoqq9IvBwLGmWFfqxv-PYHqw=\/0x0:6639x4428\/600x0\/smart\/filters:gifv():strip_icc()\/i.s3.glbimg.com\/v1\/AUTH_59edd422c0c84a879bd37670ae4f538a\/internal_photos\/bs\/2023\/h\/F\/S7ozDVS1yshssP9WJFIQ\/2023-01-14t012703z-1604053978-rc2qhx94bxhf-rtrmadp-3-brazil-politics.jpg\" alt=\"O ministro do STF, Alexandre de Moraes, em imagem de novembro de 2022 \u2014 Foto: Adriano Machado\/Reuters\" class=\"extendsBeyondTextColumn\"><br>O ministro do STF, Alexandre de Moraes, em imagem de novembro de 2022 \u2014 Foto: Adriano Machado\/Reuters <br>O ministro Alexandre de Moraes do Supremo Tribunal Federal (<a href=\"https:\/\/g1.globo.com\/tudo-sobre\/supremo-tribunal-federal\/\" target=\"_blank\" rel=\"noopener\">STF<\/a>), encaminhou nesta sexta-feira (27) para an\u00e1lise da Procuradoria-Geral da Rep\u00fablica (PGR) um<a href=\"https:\/\/g1.globo.com\/politica\/noticia\/2023\/01\/12\/advogados-pedem-a-moraes-que-suspenda-diplomacao-de-seis-deputados-por-suposto-apoio-a-atos-terroristas.ghtml\" target=\"_blank\" rel=\"noopener\"> <\/a>pedido para que o tribunal suspenda a posse e apure eventuais a\u00e7\u00f5es de deputados bolsonaristas nos atos golpistas de 8 de janeiro.<br><br>O ministro deu prazo de 24 horas para que a PGR apresente manifesta\u00e7\u00e3o sobre o caso. A posse dos deputados est\u00e1 marcada para a pr\u00f3xima quarta-feira (1\u00ba).<br>O pedido foi feito pelo Grupo Prerrogativas, que citou a\u00e7\u00f5es de:<br>Luiz Ovando (PP-MS);<br>Marcos Pollon (PL-MS);<br>Rodolfo Nogueira (PL-MS);<br>Jo\u00e3o Henrique Catan (PL-MS);<br>Rafael Tavares (PRTB-MS);<br>Carlos Jordy (PL-RJ);<br>Silvia Wai\u00e3pi (PL-AP);<br>Andr\u00e9 Fernandes (PL-CE);<br>Nikolas Ferreira (PL-MG);<br>Sargento Rodrigues (PL-MG); <br>Walber Virgolino (PL-PB).<br>O encaminhamento desse tipo de pedido \u00e0 PGR \u00e9 praxe e previsto nas regras internas da Corte. <br>Isso ocorre porque, pela Constitui\u00e7\u00e3o, cabe ao <a href=\"https:\/\/g1.globo.com\/tudo-sobre\/ministerio-publico-federal\/\" target=\"_blank\" rel=\"noopener\">Minist\u00e9rio P\u00fablico Federal<\/a> avaliar se prop\u00f5e investiga\u00e7\u00f5es e den\u00fancias na \u00e1rea criminal e a\u00e7\u00f5es na \u00e1rea eleitoral, se detectar ind\u00edcios de irregularidades.<br><br>&#8216;Atos contra a democracia&#8217;<br><br>O grupo de advogados pediu ao STF: <br>a suspens\u00e3o dos efeitos da diploma\u00e7\u00e3o dos parlamentares, para impedir a posse; <br>a instaura\u00e7\u00e3o de inqu\u00e9rito policial contra o grupo, &#8220;para apura\u00e7\u00e3o da responsabilidade penal&#8221; dos deputados &#8220;em rela\u00e7\u00e3o aos atos criminosos praticados no dia 8 de janeiro&#8221;.<br>Os advogados tamb\u00e9m solicitaram que o Minist\u00e9rio P\u00fablico Eleitoral seja comunicado para analisar a possibilidade de uma a\u00e7\u00e3o contra os deputados na Justi\u00e7a Eleitoral, por &#8220;participa\u00e7\u00e3o ou apoio e divulga\u00e7\u00e3o de atos golpistas e terroristas&#8221;. <br>Para o grupo de advogados, os deputados podem ter praticado &#8220;atos criminosos e contr\u00e1rios ao Estado Democr\u00e1tico de Direito\u201d.<br><br><\/figcaption><\/figure>\n","protected":false},"excerpt":{"rendered":"","protected":false},"author":1,"featured_media":0,"comment_status":"open","ping_status":"open","sticky":false,"template":"","format":"standard","meta":{"site-sidebar-layout":"default","site-content-layout":"","ast-site-content-layout":"default","site-content-style":"default","site-sidebar-style":"default","ast-global-header-display":"","ast-banner-title-visibility":"","ast-main-header-display":"","ast-hfb-above-header-display":"","ast-hfb-below-header-display":"","ast-hfb-mobile-header-display":"","site-post-title":"","ast-breadcrumbs-content":"","ast-featured-img":"","footer-sml-layout":"","ast-disable-related-posts":"","theme-transparent-header-meta":"","adv-header-id-meta":"","stick-header-meta":"","header-above-stick-meta":"","header-main-stick-meta":"","header-below-stick-meta":"","astra-migrate-meta-layouts":"default","ast-page-background-enabled":"default","ast-page-background-meta":{"desktop":{"background-color":"var(--ast-global-color-4)","background-image":"","background-repeat":"repeat","background-position":"center center","background-size":"auto","background-attachment":"scroll","background-type":"","background-media":"","overlay-type":"","overlay-color":"","overlay-opacity":"","overlay-gradient":""},"tablet":{"background-color":"","background-image":"","background-repeat":"repeat","background-position":"center center","background-size":"auto","background-attachment":"scroll","background-type":"","background-media":"","overlay-type":"","overlay-color":"","overlay-opacity":"","overlay-gradient":""},"mobile":{"background-color":"","background-image":"","background-repeat":"repeat","background-position":"center center","background-size":"auto","background-attachment":"scroll","background-type":"","background-media":"","overlay-type":"","overlay-color":"","overlay-opacity":"","overlay-gradient":""}},"ast-content-background-meta":{"desktop":{"background-color":"var(--ast-global-color-5)","background-image":"","background-repeat":"repeat","background-position":"center center","background-size":"auto","background-attachment":"scroll","background-type":"","background-media":"","overlay-type":"","overlay-color":"","overlay-opacity":"","overlay-gradient":""},"tablet":{"background-color":"var(--ast-global-color-5)","background-image":"","background-repeat":"repeat","background-position":"center center","background-size":"auto","background-attachment":"scroll","background-type":"","background-media":"","overlay-type":"","overlay-color":"","overlay-opacity":"","overlay-gradient":""},"mobile":{"background-color":"var(--ast-global-color-5)","background-image":"","background-repeat":"repeat","background-position":"center center","background-size":"auto","background-attachment":"scroll","background-type":"","background-media":"","overlay-type":"","overlay-color":"","overlay-opacity":"","overlay-gradient":""}},"footnotes":""},"categories":[408],"tags":[9,450,126,2236,50,199,2480],"class_list":["post-14396","post","type-post","status-publish","format-standard","hentry","category-congresso-nacional","tag-alexandre-de-moraes","tag-deputados","tag-ministro-alexandre-de-moraes","tag-noticas-no-face","tag-noticias-do-face","tag-noticiasnoface","tag-suspensao"],"_links":{"self":[{"href":"https:\/\/noticiasnoface.com.br\/index.php\/wp-json\/wp\/v2\/posts\/14396","targetHints":{"allow":["GET"]}}],"collection":[{"href":"https:\/\/noticiasnoface.com.br\/index.php\/wp-json\/wp\/v2\/posts"}],"about":[{"href":"https:\/\/noticiasnoface.com.br\/index.php\/wp-json\/wp\/v2\/types\/post"}],"author":[{"embeddable":true,"href":"https:\/\/noticiasnoface.com.br\/index.php\/wp-json\/wp\/v2\/users\/1"}],"replies":[{"embeddable":true,"href":"https:\/\/noticiasnoface.com.br\/index.php\/wp-json\/wp\/v2\/comments?post=14396"}],"version-history":[{"count":1,"href":"https:\/\/noticiasnoface.com.br\/index.php\/wp-json\/wp\/v2\/posts\/14396\/revisions"}],"predecessor-version":[{"id":14397,"href":"https:\/\/noticiasnoface.com.br\/index.php\/wp-json\/wp\/v2\/posts\/14396\/revisions\/14397"}],"wp:attachment":[{"href":"https:\/\/noticiasnoface.com.br\/index.php\/wp-json\/wp\/v2\/media?parent=14396"}],"wp:term":[{"taxonomy":"category","embeddable":true,"href":"https:\/\/noticiasnoface.com.br\/index.php\/wp-json\/wp\/v2\/categories?post=14396"},{"taxonomy":"post_tag","embeddable":true,"href":"https:\/\/noticiasnoface.com.br\/index.php\/wp-json\/wp\/v2\/tags?post=14396"}],"curies":[{"name":"wp","href":"https:\/\/api.w.org\/{rel}","templated":true}]}}