{"id":14400,"date":"2023-01-28T09:02:21","date_gmt":"2023-01-28T12:02:21","guid":{"rendered":"https:\/\/noticiasnoface.com.br\/?p=14400"},"modified":"2023-01-28T09:02:22","modified_gmt":"2023-01-28T12:02:22","slug":"homem-e-condenado-a-11-anos-por-abuso-e-maus-tratos-a-47-caes","status":"publish","type":"post","link":"https:\/\/noticiasnoface.com.br\/index.php\/2023\/01\/28\/homem-e-condenado-a-11-anos-por-abuso-e-maus-tratos-a-47-caes\/","title":{"rendered":"Homem \u00e9 condenado a 11 anos por abuso e maus tratos a 47 c\u00e3es"},"content":{"rendered":"\n<figure class=\"wp-block-image size-large\"><img data-opt-id=1119557205  fetchpriority=\"high\" decoding=\"async\" width=\"1024\" height=\"820\" src=\"https:\/\/mlbfrsat7ahr.i.optimole.com\/w:1024\/h:820\/q:mauto\/ig:avif\/https:\/\/noticiasnoface.com.br\/wp-content\/uploads\/2023\/01\/img_0772.jpg\" class=\"wp-image-14399\" srcset=\"https:\/\/mlbfrsat7ahr.i.optimole.com\/w:1024\/h:820\/q:mauto\/ig:avif\/https:\/\/noticiasnoface.com.br\/wp-content\/uploads\/2023\/01\/img_0772.jpg 1024w, https:\/\/mlbfrsat7ahr.i.optimole.com\/w:300\/h:240\/q:mauto\/ig:avif\/https:\/\/noticiasnoface.com.br\/wp-content\/uploads\/2023\/01\/img_0772.jpg 300w, https:\/\/mlbfrsat7ahr.i.optimole.com\/w:768\/h:615\/q:mauto\/ig:avif\/https:\/\/noticiasnoface.com.br\/wp-content\/uploads\/2023\/01\/img_0772.jpg 768w, https:\/\/mlbfrsat7ahr.i.optimole.com\/w:1242\/h:995\/q:mauto\/ig:avif\/https:\/\/noticiasnoface.com.br\/wp-content\/uploads\/2023\/01\/img_0772.jpg 1242w\" sizes=\"(max-width: 1000px) 100vw, 1000px\" \/><figcaption class=\"wp-element-caption\">Homem \u00e9 condenado a 11 anos e 9 meses de pris\u00e3o por abuso e maus-tratos de 47 c\u00e3es<br><br>Atendendo a pedido do Minist\u00e9rio P\u00fablico de Minas Gerais (MPMG), por meio da 2\u00aa Promotoria de Justi\u00e7a de Sabar\u00e1, decis\u00e3o judicial de primeiro grau condenou homem a 11 anos e 9 meses de deten\u00e7\u00e3o e 517 dias-multa por ele ter praticado atos de abuso e maus-tratos contra 47 c\u00e3es pitbulls em Sabar\u00e1, na regi\u00e3o metropolitana de Belo Horizonte. <br><br>O regime fixado foi o semiaberto para o in\u00edcio do cumprimento da pena e o homem, que \u00e9 policial civil, pode recorrer em liberdade. A decis\u00e3o tamb\u00e9m determinou a perda dos pitbulls resgatados e a proibi\u00e7\u00e3o de guarda de qualquer animal pelo prazo de dois anos. <br><br>Os 47 c\u00e3es de grande e m\u00e9dio porte foram encontrados, em julho de 2019, durante opera\u00e7\u00e3o do MPMG em um abrigo particular situado na zona rural de Sabar\u00e1. Eles eram usados para fazer rinhas, e estavam vivendo sem assist\u00eancia veterin\u00e1ria, com escassez de alimentos, de \u00e1gua, presos por correntes e em m\u00e1s condi\u00e7\u00f5es de higiene e de abrigo. <br><br>Estavam muito magros, inclusive, com perda de massa muscular e de gordura, tinham feridas pelo corpo e estavam extremamente agitados, estressados e agressivos uns com os outros. Al\u00e9m disso, cinco c\u00e3es testaram positivo para a leishmaniose. <br><br>De acordo com testemunhas e provas obtidas, os pitbulls recebiam comida impr\u00f3pria para o consumo, visto que a carne oferecida a eles tinha odor f\u00e9tido e estava em estado de decomposi\u00e7\u00e3o. <br><br>Todos os c\u00e3es apreendidos passaram por recupera\u00e7\u00e3o em cl\u00ednicas parceiras, por processo de ressocializa\u00e7\u00e3o e quase todos j\u00e1 foram adotados. <br><br>A Opera\u00e7\u00e3o deflagrada em julho de 2019 foi organizada pelo MPMG, por meio da 2\u00aa Promotoria de Justi\u00e7a de Sabar\u00e1, da Coordenadoria Estadual de Defesa dos Animais (Ceda), do N\u00facleo de Combate aos Crimes Ambientais (Nucrim) e da Central de Apoio T\u00e9cnico (Ceat). <br><br>A a\u00e7\u00e3o, que contou com o apoio da Pol\u00edcia Militar de Meio Ambiente e da Corregedoria da Pol\u00edcia Civil, cumpriu mandados de busca e apreens\u00e3o autorizados pela Vara Criminal de Sabar\u00e1. Participaram 40 policiais civis e militares, duas promotoras de Justi\u00e7a, quatro m\u00e9dicos veterin\u00e1rios do MPMG e tr\u00eas da Universidade Federal de Minas Gerais (UFMG), al\u00e9m de quatro auxiliares de veterin\u00e1ria.<\/figcaption><\/figure>\n","protected":false},"excerpt":{"rendered":"","protected":false},"author":1,"featured_media":0,"comment_status":"open","ping_status":"open","sticky":false,"template":"","format":"standard","meta":{"site-sidebar-layout":"default","site-content-layout":"","ast-site-content-layout":"default","site-content-style":"default","site-sidebar-style":"default","ast-global-header-display":"","ast-banner-title-visibility":"","ast-main-header-display":"","ast-hfb-above-header-display":"","ast-hfb-below-header-display":"","ast-hfb-mobile-header-display":"","site-post-title":"","ast-breadcrumbs-content":"","ast-featured-img":"","footer-sml-layout":"","ast-disable-related-posts":"","theme-transparent-header-meta":"","adv-header-id-meta":"","stick-header-meta":"","header-above-stick-meta":"","header-main-stick-meta":"","header-below-stick-meta":"","astra-migrate-meta-layouts":"default","ast-page-background-enabled":"default","ast-page-background-meta":{"desktop":{"background-color":"var(--ast-global-color-4)","background-image":"","background-repeat":"repeat","background-position":"center center","background-size":"auto","background-attachment":"scroll","background-type":"","background-media":"","overlay-type":"","overlay-color":"","overlay-opacity":"","overlay-gradient":""},"tablet":{"background-color":"","background-image":"","background-repeat":"repeat","background-position":"center center","background-size":"auto","background-attachment":"scroll","background-type":"","background-media":"","overlay-type":"","overlay-color":"","overlay-opacity":"","overlay-gradient":""},"mobile":{"background-color":"","background-image":"","background-repeat":"repeat","background-position":"center center","background-size":"auto","background-attachment":"scroll","background-type":"","background-media":"","overlay-type":"","overlay-color":"","overlay-opacity":"","overlay-gradient":""}},"ast-content-background-meta":{"desktop":{"background-color":"var(--ast-global-color-5)","background-image":"","background-repeat":"repeat","background-position":"center center","background-size":"auto","background-attachment":"scroll","background-type":"","background-media":"","overlay-type":"","overlay-color":"","overlay-opacity":"","overlay-gradient":""},"tablet":{"background-color":"var(--ast-global-color-5)","background-image":"","background-repeat":"repeat","background-position":"center center","background-size":"auto","background-attachment":"scroll","background-type":"","background-media":"","overlay-type":"","overlay-color":"","overlay-opacity":"","overlay-gradient":""},"mobile":{"background-color":"var(--ast-global-color-5)","background-image":"","background-repeat":"repeat","background-position":"center center","background-size":"auto","background-attachment":"scroll","background-type":"","background-media":"","overlay-type":"","overlay-color":"","overlay-opacity":"","overlay-gradient":""}},"footnotes":""},"categories":[517],"tags":[670,607,1194,2229,22,199,525],"class_list":["post-14400","post","type-post","status-publish","format-standard","hentry","category-aconteceu","tag-caes","tag-homem","tag-maus-tratos","tag-noticas-do-face","tag-noticias-no-face","tag-noticiasnoface","tag-preso"],"_links":{"self":[{"href":"https:\/\/noticiasnoface.com.br\/index.php\/wp-json\/wp\/v2\/posts\/14400","targetHints":{"allow":["GET"]}}],"collection":[{"href":"https:\/\/noticiasnoface.com.br\/index.php\/wp-json\/wp\/v2\/posts"}],"about":[{"href":"https:\/\/noticiasnoface.com.br\/index.php\/wp-json\/wp\/v2\/types\/post"}],"author":[{"embeddable":true,"href":"https:\/\/noticiasnoface.com.br\/index.php\/wp-json\/wp\/v2\/users\/1"}],"replies":[{"embeddable":true,"href":"https:\/\/noticiasnoface.com.br\/index.php\/wp-json\/wp\/v2\/comments?post=14400"}],"version-history":[{"count":1,"href":"https:\/\/noticiasnoface.com.br\/index.php\/wp-json\/wp\/v2\/posts\/14400\/revisions"}],"predecessor-version":[{"id":14401,"href":"https:\/\/noticiasnoface.com.br\/index.php\/wp-json\/wp\/v2\/posts\/14400\/revisions\/14401"}],"wp:attachment":[{"href":"https:\/\/noticiasnoface.com.br\/index.php\/wp-json\/wp\/v2\/media?parent=14400"}],"wp:term":[{"taxonomy":"category","embeddable":true,"href":"https:\/\/noticiasnoface.com.br\/index.php\/wp-json\/wp\/v2\/categories?post=14400"},{"taxonomy":"post_tag","embeddable":true,"href":"https:\/\/noticiasnoface.com.br\/index.php\/wp-json\/wp\/v2\/tags?post=14400"}],"curies":[{"name":"wp","href":"https:\/\/api.w.org\/{rel}","templated":true}]}}